{"id":1021,"date":"2015-03-29T00:20:54","date_gmt":"2015-03-29T06:20:54","guid":{"rendered":"http:\/\/www.ocdmx.org\/?p=1021"},"modified":"2015-03-29T00:20:54","modified_gmt":"2015-03-29T06:20:54","slug":"mensaje-del-papa-francisco-a-la-orden-del-carmelo-descalzo","status":"publish","type":"post","link":"https:\/\/www.ocdmx.org\/?p=1021","title":{"rendered":"Mensaje del Papa Francisco a la Orden del Carmelo Descalzo"},"content":{"rendered":"<p><a href=\"http:\/\/www.ocdmx.org\/wp-content\/uploads\/2015\/03\/SSFranciscob.jpg\"><img decoding=\"async\" loading=\"lazy\" class=\" size-thumbnail wp-image-1022 alignleft\" src=\"http:\/\/www.ocdmx.org\/wp-content\/uploads\/2015\/03\/SSFranciscob-150x150.jpg\" alt=\"SSFranciscob\" width=\"150\" height=\"150\" \/><\/a>Al Revdmo. P. Saverio Cannistr\u00e0<\/p>\n<p style=\"text-align: justify;\">Prep\u00f3sito general de la Orden de los Hermanos Descalzos<br \/>\nde la Bienaventurada Virgen Mar\u00eda del Monte Carmelo<\/p>\n<p style=\"text-align: justify;\">Querido Hermano:<\/p>\n<p style=\"text-align: justify;\">Al cumplirse los quinientos a\u00f1os del nacimiento de santa Teresa de Jes\u00fas, quiero unirme, junto con toda la Iglesia, a la acci\u00f3n de gracias de la gran familia del Carmelo descalzo -religiosas, religiosos y seglares- por el carisma de esta mujer excepcional.<\/p>\n<p style=\"text-align: justify;\">Considero una gracia providencial que este aniversario haya coincidido con el a\u00f1o dedicado a la Vida Consagrada, en la que la Santa de \u00c1vila resplandece como gu\u00eda segura y modelo atrayente de entrega total a Dios. Se trata de un motivo m\u00e1s para mirar al pasado con gratitud, y redescubrir \u00abla chispa inspiradora\u00bb que ha impulsado a los fundadores y a sus primeras comunidades (cf. Carta a los Consagrados, 21 noviembre 2014).<\/p>\n<p style=\"text-align: justify;\">\u00a1Cu\u00e1nto bien nos sigue haciendo a todos el testimonio de su consagraci\u00f3n, nacido directamente del encuentro con Cristo, su experiencia de oraci\u00f3n, como di\u00e1logo continuo con Dios, y su vivencia comunitaria, enraizada en la maternidad de la Iglesia!<\/p>\n<p style=\"text-align: justify;\">1. Santa Teresa es sobre todo maestra de oraci\u00f3n. En su experiencia, fue central el descubrimiento de la humanidad de Cristo. Movida por el deseo de compartir esa experiencia personal con los dem\u00e1s, escribe sobre ella de una forma vital y sencilla, al alcance de todos, pues consiste simplemente en \u00abtratar de amistad con quien sabemos nos ama\u00bb (Vida 8,5). Muchas veces la misma narraci\u00f3n se convierte en plegaria, como si quisiera introducir al lector en su di\u00e1logo interior con Cristo.<\/p>\n<p style=\"text-align: justify;\">La de Teresa no fue una oraci\u00f3n reservada \u00fanicamente a un espacio o momento del d\u00eda; surg\u00eda espont\u00e1nea en las ocasiones m\u00e1s variadas: \u00abCosa recia ser\u00eda que s\u00f3lo en los rincones se pudiera traer oraci\u00f3n\u00bb (Fundaciones 5, 16). Estaba convencida del valor de la oraci\u00f3n continua, aunque no fuera siempre perfecta. La Santa nos pide que seamos perseverantes, fieles, incluso en medio de la sequedad, de las dificultades personales o de las necesidades apremiantes que nos reclaman.<\/p>\n<p style=\"text-align: justify;\">Para renovar hoy la vida consagrada, Teresa nos ha dejado un gran tesoro, lleno de propuestas concretas, caminos y m\u00e9todos para rezar, que, lejos de encerrarnos en nosotros mismos o de buscar un simple equilibrio interior, nos hacen recomenzar siempre desde Jes\u00fas y constituyen una aut\u00e9ntica escuela de crecimiento en el amor a Dios y al pr\u00f3jimo.<\/p>\n<p style=\"text-align: justify;\">2. A partir de su encuentro con Jesucristo, Santa Teresa vivi\u00f3 \u00abotra vida\u00bb; se convirti\u00f3 en una comunicadora incansable del Evangelio (cf. Vida 23,1). Deseosa de servir a la Iglesia, y a la vista de los graves problemas de su tiempo, no se limit\u00f3 a ser una espectadora de la realidad que la rodeaba. Desde su condici\u00f3n de mujer y con sus limitaciones de salud, decidi\u00f3 -dice ella- \u00abhacer eso poquito que era en m\u00ed, que es seguir los consejos evang\u00e9licos con toda la perfecci\u00f3n que yo pudiese y procurar que estas poquitas que est\u00e1n aqu\u00ed hiciesen lo mismo\u00bb (Camino 1,2). Por eso comenz\u00f3 la reforma teresiana, en la que ped\u00eda a sus hermanas que no gastasen el tiempo tratando \u00abcon Dios negocios de poca importancia\u00bb cuando estaba \u00abardiendo el mundo\u00bb (Camino 1,5). Esta dimensi\u00f3n misionera y eclesial ha distinguido desde siempre al Carmelo descalzo.<\/p>\n<p style=\"text-align: justify;\">Como hizo entonces, tambi\u00e9n hoy la Santa nos abre nuevos horizontes, nos convoca a una gran empresa, a ver el mundo con los ojos de Cristo, para buscar lo que \u00c9l busca y amar lo que \u00c9l ama.<\/p>\n<p style=\"text-align: justify;\">3. Santa Teresa sab\u00eda que ni la oraci\u00f3n ni la misi\u00f3n se pod\u00edan sostener sin una aut\u00e9ntica vida comunitaria. Por eso, el cimiento que puso en sus monasterios fue la fraternidad: \u00abAqu\u00ed todas se han de amar, todas se han de querer, todas se han de ayudar\u00bb (Camino 4,7). Y tuvo mucho inter\u00e9s en avisar a sus religiosas sobre el peligro de la autorreferencialidad en la vida fraterna, que consiste \u00abtodo o gran parte en perder cuidado de nosotros mismos y de nuestro regalo\u00bb (Camino 12,2) y poner cuanto somos al servicio de los dem\u00e1s. Para evitar este riesgo, la Santa de \u00c1vila encarece a sus hermanas, sobre todo, la virtud de la humildad, que no es apocamiento exterior ni encogimiento interior del alma, sino conocer cada uno lo que puede y lo que Dios puede en \u00e9l (cf. Relaciones 28). Lo contrario es lo que ella llama la \u00abnegra honra\u00bb (Vida 31,23), fuente de chismes, de celos y de cr\u00edticas, que da\u00f1an seriamente la relaci\u00f3n con los otros. La humildad teresiana est\u00e1 hecha de aceptaci\u00f3n de s\u00ed mismo, de conciencia de la propia dignidad, de audacia misionera, de agradecimiento y de abandono en Dios.<\/p>\n<p style=\"text-align: justify;\">Con estas nobles ra\u00edces, las comunidades teresianas est\u00e1n llamadas a convertirse en casas de comuni\u00f3n, que den testimonio del amor fraterno y de la maternidad de la Iglesia, presentando al Se\u00f1or las necesidades de nuestro mundo, desgarrado por las divisiones y las guerras.<\/p>\n<p style=\"text-align: justify;\">Querido hermano, no quiero terminar sin dar las gracias a los Carmelos teresianos que encomiendan al Papa con una especial ternura al amparo de la Virgen del Carmen, y acompa\u00f1an con su oraci\u00f3n los grandes retos y desaf\u00edos de la Iglesia. Pido al Se\u00f1or que su testimonio de vida, como el de Santa Teresa, transparente la alegr\u00eda y la belleza de vivir el Evangelio y convoque a muchos j\u00f3venes a seguir a Cristo de cerca.<br \/>\nA toda la familia teresiana imparto mi Bendici\u00f3n Apost\u00f3lica.<\/p>\n<p>Vaticano, 28 de marzo de 2015<\/p>\n","protected":false},"excerpt":{"rendered":"<p>Al Revdmo. P. Saverio Cannistr\u00e0 Prep\u00f3sito general de la Orden de los Hermanos Descalzos de la Bienaventurada Virgen Mar\u00eda del Monte Carmelo Querido Hermano: Al cumplirse los quinientos a\u00f1os del nacimiento de santa Teresa de Jes\u00fas, quiero unirme, junto con &hellip; <a href=\"https:\/\/www.ocdmx.org\/?p=1021\">Sigue leyendo <span class=\"meta-nav\">&rarr;<\/span><\/a><\/p>\n","protected":false},"author":2,"featured_media":0,"comment_status":"closed","ping_status":"closed","sticky":false,"template":"","format":"standard","meta":{"_jetpack_newsletter_access":""},"categories":[1],"tags":[],"jetpack_featured_media_url":"","jetpack_shortlink":"https:\/\/wp.me\/p2dsrC-gt","jetpack_sharing_enabled":true,"_links":{"self":[{"href":"https:\/\/www.ocdmx.org\/index.php?rest_route=\/wp\/v2\/posts\/1021"}],"collection":[{"href":"https:\/\/www.ocdmx.org\/index.php?rest_route=\/wp\/v2\/posts"}],"about":[{"href":"https:\/\/www.ocdmx.org\/index.php?rest_route=\/wp\/v2\/types\/post"}],"author":[{"embeddable":true,"href":"https:\/\/www.ocdmx.org\/index.php?rest_route=\/wp\/v2\/users\/2"}],"replies":[{"embeddable":true,"href":"https:\/\/www.ocdmx.org\/index.php?rest_route=%2Fwp%2Fv2%2Fcomments&post=1021"}],"version-history":[{"count":1,"href":"https:\/\/www.ocdmx.org\/index.php?rest_route=\/wp\/v2\/posts\/1021\/revisions"}],"predecessor-version":[{"id":1023,"href":"https:\/\/www.ocdmx.org\/index.php?rest_route=\/wp\/v2\/posts\/1021\/revisions\/1023"}],"wp:attachment":[{"href":"https:\/\/www.ocdmx.org\/index.php?rest_route=%2Fwp%2Fv2%2Fmedia&parent=1021"}],"wp:term":[{"taxonomy":"category","embeddable":true,"href":"https:\/\/www.ocdmx.org\/index.php?rest_route=%2Fwp%2Fv2%2Fcategories&post=1021"},{"taxonomy":"post_tag","embeddable":true,"href":"https:\/\/www.ocdmx.org\/index.php?rest_route=%2Fwp%2Fv2%2Ftags&post=1021"}],"curies":[{"name":"wp","href":"https:\/\/api.w.org\/{rel}","templated":true}]}}