{"id":1037,"date":"2015-05-07T10:16:35","date_gmt":"2015-05-07T16:16:35","guid":{"rendered":"http:\/\/www.ocdmx.org\/?p=1037"},"modified":"2015-05-07T10:23:02","modified_gmt":"2015-05-07T16:23:02","slug":"saverio-cannistra-reelegido-preposito-general-ocd","status":"publish","type":"post","link":"https:\/\/www.ocdmx.org\/?p=1037","title":{"rendered":"Saverio Cannistr\u00e0 reelegido prep\u00f3sito General OCD"},"content":{"rendered":"<p style=\"text-align: justify;\"><span class=\"rojo t18\">El Padre Saverio Cannistr\u00e0 reelegido prep\u00f3sito General OCD<\/span><\/p>\n<p style=\"text-align: justify;\">Estimados hermanos y hermanas, es un gozo para nosotros\u00a0transmitirles la noticia de que hace una hora en el aula capitular ha sido\u00a0reelegido como Prep\u00f3sito General de nuestra Orden nuestro hermano el padre\u00a0Saverio Cannistr\u00e0. Fue elegido General en abril de 2009 en F\u00e1tima y hoy en\u00a0\u00c1vila se ha confiado de nuevo en \u00e9l para que gu\u00ede nuestra Orden y nos acompa\u00f1e\u00a0en nuestro camino durante otros seis a\u00f1os.<\/p>\n<p style=\"text-align: justify;\">Recordamos que el padre Saverio (Antonio\u00a0Gennaro) Cannistr\u00e0 del Sagrado Coraz\u00f3n, naci\u00f3 en la ciudad calabresa de Catanzaro\u00a0el 3 de octubre de 1958. Curs\u00f3 estudios de Filolog\u00eda en la Scuola Normale y\u00a0despu\u00e9s trabaj\u00f3 para la editorial Einaudi.<\/p>\n<p style=\"text-align: justify;\">Ingres\u00f3 en el noviciado de la Provincia italiana\u00a0de Toscana en la Orden de los Carmelitas Descalzos en 1985 y realiz\u00f3 su\u00a0profesi\u00f3n simple el 17 de septiembre de 1986. Emiti\u00f3 su profesi\u00f3n Solemne en\u00a01990 y fue ordenado sacerdote el 24 de octubre de 1992.<\/p>\n<p style=\"text-align: justify;\">Doctor en Teolog\u00eda Dogm\u00e1tica por la Universidad\u00a0Gregoriana de Roma, Saverio Cannistr\u00e0, es miembro de la Conferencia Teol\u00f3gica\u00a0Italiana (\u00e1rea septentrional) y ha participado en numerosos congresos de la\u00a0Orden. Conocedor de varios idiomas, ha impartido clases en la Facultad de\u00a0Teolog\u00eda del <em>Teresianum<\/em> de Roma y\u00a0la actualidad era profesor de Cristolog\u00eda y Antropolog\u00eda teol\u00f3gica en la Facultad\u00a0de Teolog\u00eda de Italia central cerca de Florencia.<\/p>\n<p style=\"text-align: justify;\">El P. Saverio fue elegido por primera vez\u00a0Superior Provincial en el Cap\u00edtulo Provincial de Toscana del a\u00f1o 2008.<\/p>\n<p style=\"text-align: justify;\">Les pedimos su oraci\u00f3n por nuestro hermano\u00a0P. Saverio y le pedimos a Santa Teresa de Jes\u00fas que desde el cielo le ayude\u00a0para seguir guiando a nuestra familia por los caminos que nos conduzcan a Dios\u00a0y para que junto a ella, todos nosotros, sepamos demostrar con nuestra vida\u00a0que: Solo Dios Basta.<\/p>\n","protected":false},"excerpt":{"rendered":"<p>El Padre Saverio Cannistr\u00e0 reelegido prep\u00f3sito General OCD Estimados hermanos y hermanas, es un gozo para nosotros\u00a0transmitirles la noticia de que hace una hora en el aula capitular ha sido\u00a0reelegido como Prep\u00f3sito General de nuestra Orden nuestro hermano el padre\u00a0Saverio &hellip; <a href=\"https:\/\/www.ocdmx.org\/?p=1037\">Sigue leyendo <span class=\"meta-nav\">&rarr;<\/span><\/a><\/p>\n","protected":false},"author":2,"featured_media":0,"comment_status":"closed","ping_status":"closed","sticky":false,"template":"","format":"standard","meta":{"_jetpack_newsletter_access":""},"categories":[1],"tags":[],"jetpack_featured_media_url":"","jetpack_shortlink":"https:\/\/wp.me\/p2dsrC-gJ","jetpack_sharing_enabled":true,"_links":{"self":[{"href":"https:\/\/www.ocdmx.org\/index.php?rest_route=\/wp\/v2\/posts\/1037"}],"collection":[{"href":"https:\/\/www.ocdmx.org\/index.php?rest_route=\/wp\/v2\/posts"}],"about":[{"href":"https:\/\/www.ocdmx.org\/index.php?rest_route=\/wp\/v2\/types\/post"}],"author":[{"embeddable":true,"href":"https:\/\/www.ocdmx.org\/index.php?rest_route=\/wp\/v2\/users\/2"}],"replies":[{"embeddable":true,"href":"https:\/\/www.ocdmx.org\/index.php?rest_route=%2Fwp%2Fv2%2Fcomments&post=1037"}],"version-history":[{"count":3,"href":"https:\/\/www.ocdmx.org\/index.php?rest_route=\/wp\/v2\/posts\/1037\/revisions"}],"predecessor-version":[{"id":1040,"href":"https:\/\/www.ocdmx.org\/index.php?rest_route=\/wp\/v2\/posts\/1037\/revisions\/1040"}],"wp:attachment":[{"href":"https:\/\/www.ocdmx.org\/index.php?rest_route=%2Fwp%2Fv2%2Fmedia&parent=1037"}],"wp:term":[{"taxonomy":"category","embeddable":true,"href":"https:\/\/www.ocdmx.org\/index.php?rest_route=%2Fwp%2Fv2%2Fcategories&post=1037"},{"taxonomy":"post_tag","embeddable":true,"href":"https:\/\/www.ocdmx.org\/index.php?rest_route=%2Fwp%2Fv2%2Ftags&post=1037"}],"curies":[{"name":"wp","href":"https:\/\/api.w.org\/{rel}","templated":true}]}}