{"id":2922,"date":"2021-01-07T00:08:23","date_gmt":"2021-01-07T06:08:23","guid":{"rendered":"https:\/\/www.ocdmx.org\/?p=2922"},"modified":"2021-01-04T12:09:48","modified_gmt":"2021-01-04T18:09:48","slug":"lectio-divina-jue-7-ene-2021","status":"publish","type":"post","link":"https:\/\/www.ocdmx.org\/?p=2922","title":{"rendered":"Lectio divina, jue, 7 ene, 2021"},"content":{"rendered":"<h1>Mateo 4,12-17.23-25<\/h1>\n<p><em>Feria del Tiempo de Navidad <\/em><\/p>\n<h2>Oraci\u00f3n inicial<\/h2>\n<p>Tiempo de Navidad<\/p>\n<p>Te pedimos, Se\u00f1or, que tu divina luz ilumine nuestros corazones; con ella avanzaremos a trav\u00e9s de las tinieblas del mundo hasta llegar a la patria, donde todo es eterna claridad. Por nuestro Se\u00f1or. Amen.<\/p>\n<h2>Lectura<\/h2>\n<p><em>Del Evangelio seg\u00fan Mateo 4,12-17.23-25 <\/em><\/p>\n<p>Cuando oy\u00f3 que Juan hab\u00eda sido entregado, se retir\u00f3 a Galilea. Y dejando Nazaret, vino a residir en Cafarna\u00fan junto al mar, en el territorio de Zabul\u00f3n y Neftal\u00ed; para que se cumpliera lo dicho por el profeta Isa\u00edas:<\/p>\n<p>\u00a1Tierra de Zabul\u00f3n y tierra de Neftal\u00ed, camino del mar, allende el Jord\u00e1n, Galilea de los gentiles!<\/p>\n<p>El pueblo que habitaba en tinieblas ha visto una gran luz; a los que habitaban en paraje de sombras de muerte una luz les ha amanecido.<\/p>\n<p>Desde entonces comenz\u00f3 Jes\u00fas a predicar y decir: \u00abConvert\u00edos, porque el Reino de los Cielos ha llegado.\u00bb<\/p>\n<p>Recorr\u00eda Jes\u00fas toda Galilea, ense\u00f1ando en sus sinagogas, proclamando la Buena Nueva del Reino y curando toda enfermedad y toda dolencia en el pueblo. Su fama lleg\u00f3 a toda Siria; y le trajeron todos los que se encontraban mal con enfermedades y sufrimientos diversos, endemoniados, lun\u00e1ticos y paral\u00edticos, y los cur\u00f3. Y le sigui\u00f3 una gran muchedumbre de Galilea, Dec\u00e1polis, Jerusal\u00e9n y Judea, y del otro lado del Jord\u00e1n.<\/p>\n<ul>\n<li>Una breve informaci\u00f3n sobre el objetivo del Evangelio de Mateo. El Evangelio de Mateo fue escrito en la segunda mitad del siglo primero, para animar a las comunidades, fr\u00e1giles y peque\u00f1as, de los jud\u00edos convertidos que viv\u00edan en la regi\u00f3n de Galilea y de Siria. Sufr\u00edan persecuciones y amenazas de parte de los hermanos jud\u00edos por el hecho de aceptar a Jes\u00fas como Mes\u00edas y acoger a los paganos. Para fortalecerlas en la fe, el evangelio de Mateo insiste en decir que Jes\u00fas es realmente el Mes\u00edas y que la salvaci\u00f3n que \u00e9l trae no es solamente para los jud\u00edos, sino para toda la humanidad. Luego, al comienzo de su evangelio, en la genealog\u00eda, Mateo ya apunta a la vocaci\u00f3n universal de Jes\u00fas, ya que como \u201cHijo de Abraham\u201d (Mt 1,1.17) \u00e9l ser\u00e1 \u201cfuente de bendici\u00f3n para todas las naciones\u201d (G\u00e9n 12,3). En la visita de los magos, llegados de Oriente, sugiere de nuevo que la salvaci\u00f3n se dirige a los paganos (Mt 2,1-12). En el texto del evangelio de hoy, muestra como la luz que brilla en la \u201cGalilea de los Gentiles\u201d brilla tambi\u00e9n fuera de las fronteras de Israel, en la Dec\u00e1polis y m\u00e1s all\u00e1 del Jord\u00e1n (Mt 4,12-25). M\u00e1s adelante, en el Serm\u00f3n del Monte, Jes\u00fas dir\u00e1 que la vocaci\u00f3n de la comunidad cristiana es ser \u201csal de la tierra y luz del mundo\u201d (Mt 5,13-14) y pide amor para los enemigos (Mt 5,43-48). Jes\u00fas es el Siervo de Dios que anuncia el derecho a las naciones (Mt 12,18). Ayudado por la mujer cananea, el mismo Jes\u00fas supera las fronteras de la raza (Mt 15,21-28). Supera tambi\u00e9n las leyes de la pureza que imped\u00edan la apertura del Evangelio para los paganos (Mt 15,1-20). Y al final cuando Jes\u00fas env\u00eda a sus disc\u00edpulos a todas las Naciones, queda a\u00fan m\u00e1s clara la universalidad de la salvaci\u00f3n (Mt 28,19-20). Asimismo, las comunidades est\u00e1n llamadas a abrirse a todos, sin excluir a nadie, pues todos est\u00e1n llamados a vivir como hijos e hijas de Dios.<\/li>\n<li>El evangelio de hoy describe como se inici\u00f3 esta misi\u00f3n universal. Fue la noticia de la prisi\u00f3n de Juan Bautista la que llev\u00f3 a Jes\u00fas a empezar su predicaci\u00f3n. Juan hab\u00eda dicho:\u00bbArrepent\u00edos, porque el Reino de Dios est\u00e1 cerca\u00bb (Mt 3,2). Por esto fue encarcelado por Herodes. Cuando Jes\u00fas supo que Juan estaba preso, volvi\u00f3 a Galilea anunciando el mismo mensaje: \u00abArrepent\u00edos porque el Reino de Dios est\u00e1 cerca\u00bb (Mt 4,17) Con otras palabras, desde el comienzo, la predicaci\u00f3n del evangelio tra\u00eda riesgos, pero Jes\u00fas no se ech\u00f3 atr\u00e1s. De este modo, Mateo anima a las comunidades que estaban corriendo los mismos riesgos de persecuci\u00f3n. Y cita el texto de Isa\u00edas: \u00abEl pueblo que yac\u00eda en las tinieblas vio una gran luz.\u00bb Al igual que Jes\u00fas, las comunidades est\u00e1n llamadas a ser \u201cLuz de los pueblos.\u00bb<\/li>\n<li>Jes\u00fas comienza el anuncio de la Buena Noticia andando por toda Galilea. No se queda parado, esperando que la gente llegue y vaya a \u00e9l. El mismo va a las reuniones de la gente, a las sinagogas, para anunciar su mensaje. La gente le lleva a los enfermos, a los endemoniados, y Jes\u00fas acoge a todos y los sana. Este servicio a los enfermos forma parte de la Buena Noticia y revela a la gente la presencia del Reino.<\/li>\n<li>As\u00ed, la fama de Jes\u00fas se extiende por toda la regi\u00f3n, atraviesa las fronteras de Galilea, penetra en Judea, llega hasta Jerusal\u00e9n, va hasta all\u00e1 del Jord\u00e1n y alcanza Siria y la Dec\u00e1polis. All\u00ed en estas regiones se encontraban las comunidades para quienes Mateo estaba escribiendo su evangelio. Ahora, saben que a pesar de todas las dificultades, est\u00e1n siendo esa luz que brilla en las tinieblas.<\/li>\n<\/ul>\n<h2>Para la reflexi\u00f3n personal<\/h2>\n<ul>\n<li>\u00bfSer\u00e1 que alguna luz irradia de ti para los dem\u00e1s?<\/li>\n<li>Hoy muchos se encierran en la religi\u00f3n cat\u00f3lica. \u00bfC\u00f3mo vivir hoy la universalidad de la salvaci\u00f3n?<\/li>\n<\/ul>\n<h2>Oraci\u00f3n final<\/h2>\n<p>Har\u00e9 p\u00fablico el decreto de Yahv\u00e9: \u00c9l me ha dicho: \u00abT\u00fa eres mi hijo, hoy te he engendrado. (Sal 2,7)<\/p>\n<p style=\"text-align: center;\">Todos los derechos: www.ocarm.org<\/p>\n","protected":false},"excerpt":{"rendered":"<p>Mateo 4,12-17.23-25 Feria del Tiempo de Navidad Oraci\u00f3n inicial Tiempo de Navidad Te pedimos, Se\u00f1or, que tu divina luz ilumine nuestros corazones; con ella avanzaremos a trav\u00e9s de las tinieblas del mundo hasta llegar a la patria, donde todo es &hellip; <a href=\"https:\/\/www.ocdmx.org\/?p=2922\">Sigue leyendo <span class=\"meta-nav\">&rarr;<\/span><\/a><\/p>\n","protected":false},"author":1,"featured_media":0,"comment_status":"closed","ping_status":"closed","sticky":false,"template":"","format":"standard","meta":{"_jetpack_newsletter_access":""},"categories":[17],"tags":[],"jetpack_featured_media_url":"","jetpack_shortlink":"https:\/\/wp.me\/p2dsrC-L8","jetpack_sharing_enabled":true,"_links":{"self":[{"href":"https:\/\/www.ocdmx.org\/index.php?rest_route=\/wp\/v2\/posts\/2922"}],"collection":[{"href":"https:\/\/www.ocdmx.org\/index.php?rest_route=\/wp\/v2\/posts"}],"about":[{"href":"https:\/\/www.ocdmx.org\/index.php?rest_route=\/wp\/v2\/types\/post"}],"author":[{"embeddable":true,"href":"https:\/\/www.ocdmx.org\/index.php?rest_route=\/wp\/v2\/users\/1"}],"replies":[{"embeddable":true,"href":"https:\/\/www.ocdmx.org\/index.php?rest_route=%2Fwp%2Fv2%2Fcomments&post=2922"}],"version-history":[{"count":1,"href":"https:\/\/www.ocdmx.org\/index.php?rest_route=\/wp\/v2\/posts\/2922\/revisions"}],"predecessor-version":[{"id":2923,"href":"https:\/\/www.ocdmx.org\/index.php?rest_route=\/wp\/v2\/posts\/2922\/revisions\/2923"}],"wp:attachment":[{"href":"https:\/\/www.ocdmx.org\/index.php?rest_route=%2Fwp%2Fv2%2Fmedia&parent=2922"}],"wp:term":[{"taxonomy":"category","embeddable":true,"href":"https:\/\/www.ocdmx.org\/index.php?rest_route=%2Fwp%2Fv2%2Fcategories&post=2922"},{"taxonomy":"post_tag","embeddable":true,"href":"https:\/\/www.ocdmx.org\/index.php?rest_route=%2Fwp%2Fv2%2Ftags&post=2922"}],"curies":[{"name":"wp","href":"https:\/\/api.w.org\/{rel}","templated":true}]}}