{"id":3382,"date":"2015-01-23T11:02:51","date_gmt":"2015-01-23T17:02:51","guid":{"rendered":"https:\/\/www.ocdmx.org\/?p=3382"},"modified":"2021-01-23T11:03:33","modified_gmt":"2021-01-23T17:03:33","slug":"cuevas","status":"publish","type":"post","link":"https:\/\/www.ocdmx.org\/?p=3382","title":{"rendered":"Cuevas"},"content":{"rendered":"<p>Tiene presencia muy reducida en las p\u00e1ginas sanjuanistas, pero ofrece la particularidad de convertirse en un s\u00edmbolo espiritual para designar las virtudes. En este sentido aparece \u00fanicamente en el <em>C\u00e1ntico espiritual<\/em>, ya que la \u00fanica vez que emplea la palabra en <em>Subida <\/em>(3,42,2) se toma en sentido real de celda o \u00a0caverna.<\/p>\n<p>Cuando las virtudes alcanzan su grado de madurez en el estado de uni\u00f3n con Dios guardan al alma de todo peligro, como hacen las cuevas de los leones. Explica as\u00ed J. de la Cruz la transposici\u00f3n metaf\u00f3rica: \u201cLas cuevas de los leones est\u00e1n muy seguras y amparadas de todos los animales; porque temiendo ellos la fortaleza y osad\u00eda del le\u00f3n que est\u00e1 dentro, no s\u00f3lo no se atreven a entrar, mas ni aun junto ella osan parar. As\u00ed cada una de las virtudes cuando ya las posee el alma en perfecci\u00f3n, es como una cueva de leones para ella, en la cual mora y asiste el esposo Cristo, unido con el alma en aquella virtud y en cada una de las dem\u00e1s virtudes como fuerte le\u00f3n\u201d (CB 24,49).<\/p>\n<p>Invirtiendo los elementos y miembros de la atrevida met\u00e1fora el alma se vuelve fuerte le\u00f3n en su cueva, de manera que protegida por las \u201ccuevas-virtudes\u201d nadie la puede molestar, ni siquiera el demonio. Por eso puede completar el simbolismo del \u201clecho florido\u201d del alma afirmando que est\u00e1 \u201cenlazado de cuevas de leones\u201d, es decir, de \u201ccuevas de virtudes\u201d. Cuando el alma llega a la perfecci\u00f3n, \u201cde tal manera est\u00e1n travadas entre s\u00ed las virtudes y unidas y fortalecidas entre s\u00ed unas con otras, y ajustadas en una acabada perfecci\u00f3n del alma, sustent\u00e1ndose unas con otras, que no queda parte abierta ni flaca, no s\u00f3lo para que el demonio pueda entrar, pero ni a\u00fan para que ninguna cosa del mundo, alta ni baja, la pueda inquietar ni molestar ni mover\u201d (CB 24,5).<\/p>\n<p><em>Eulogio Pacho<\/em><\/p>\n","protected":false},"excerpt":{"rendered":"<p>Tiene presencia muy reducida en las p\u00e1ginas sanjuanistas, pero ofrece la particularidad de convertirse en un s\u00edmbolo espiritual para designar las virtudes. En este sentido aparece \u00fanicamente en el C\u00e1ntico espiritual, ya que la \u00fanica vez que emplea la palabra &hellip; <a href=\"https:\/\/www.ocdmx.org\/?p=3382\">Sigue leyendo <span class=\"meta-nav\">&rarr;<\/span><\/a><\/p>\n","protected":false},"author":1,"featured_media":0,"comment_status":"closed","ping_status":"closed","sticky":false,"template":"","format":"standard","meta":{"_jetpack_newsletter_access":""},"categories":[23],"tags":[],"jetpack_featured_media_url":"","jetpack_shortlink":"https:\/\/wp.me\/s2dsrC-cuevas","jetpack_sharing_enabled":true,"_links":{"self":[{"href":"https:\/\/www.ocdmx.org\/index.php?rest_route=\/wp\/v2\/posts\/3382"}],"collection":[{"href":"https:\/\/www.ocdmx.org\/index.php?rest_route=\/wp\/v2\/posts"}],"about":[{"href":"https:\/\/www.ocdmx.org\/index.php?rest_route=\/wp\/v2\/types\/post"}],"author":[{"embeddable":true,"href":"https:\/\/www.ocdmx.org\/index.php?rest_route=\/wp\/v2\/users\/1"}],"replies":[{"embeddable":true,"href":"https:\/\/www.ocdmx.org\/index.php?rest_route=%2Fwp%2Fv2%2Fcomments&post=3382"}],"version-history":[{"count":1,"href":"https:\/\/www.ocdmx.org\/index.php?rest_route=\/wp\/v2\/posts\/3382\/revisions"}],"predecessor-version":[{"id":3383,"href":"https:\/\/www.ocdmx.org\/index.php?rest_route=\/wp\/v2\/posts\/3382\/revisions\/3383"}],"wp:attachment":[{"href":"https:\/\/www.ocdmx.org\/index.php?rest_route=%2Fwp%2Fv2%2Fmedia&parent=3382"}],"wp:term":[{"taxonomy":"category","embeddable":true,"href":"https:\/\/www.ocdmx.org\/index.php?rest_route=%2Fwp%2Fv2%2Fcategories&post=3382"},{"taxonomy":"post_tag","embeddable":true,"href":"https:\/\/www.ocdmx.org\/index.php?rest_route=%2Fwp%2Fv2%2Ftags&post=3382"}],"curies":[{"name":"wp","href":"https:\/\/api.w.org\/{rel}","templated":true}]}}