{"id":3643,"date":"2015-02-06T13:16:58","date_gmt":"2015-02-06T19:16:58","guid":{"rendered":"https:\/\/www.ocdmx.org\/?p=3643"},"modified":"2021-02-06T13:18:46","modified_gmt":"2021-02-06T19:18:46","slug":"asuncion-de-la-virgen-maria","status":"publish","type":"post","link":"https:\/\/www.ocdmx.org\/?p=3643","title":{"rendered":"Asunci\u00f3n de la Virgen Mar\u00eda"},"content":{"rendered":"\n<p>La Asunci\u00f3n de la Virgen \u2013el misterio y la fiesta lit\u00fargica el 15 de agosto\u2013 son memorables en la vida de santa Teresa, por tres hechos de diversa \u00edndole, referidos en el Libro de la Vida.<\/p>\n\n\n\n<p>El suceso primero\nocurri\u00f3 el 15 de agosto de 1539, cuando Teresa hab\u00eda regresado de Becedas,\nenferma y maltrecha por las p\u00f3cimas de la curandera: T quiere confesarse para\ncelebrar la fiesta de la Asunci\u00f3n. Se lo impiden. Y esa misma noche le\nsobreviene el \u201cparoxismo\u201d que la tiene \u201csin ning\u00fan sentido cuatro d\u00edas\u201d (V\n5,9). Pero no sucumbi\u00f3 a la muerte. Quiz\u00e1s hab\u00eda aludido ya a este terrible\nepisodio al referir su acogida a la maternidad de Mar\u00eda: \u201c&#8230;aunque se hizo con\nsimpleza, me ha valido. Porque conocidamente he hallado a esta Virgen soberana\nen cuanto me he encomendado a ella&#8230;\u201d (1,7).<\/p>\n\n\n\n<p>El hecho segundo\nacontece ya en otro plano, claramente m\u00edstico. Fue el 15 de agosto de 1561,\nestando en la iglesia de Santo Tom\u00e1s de \u00c1vila, durante los preparativos de la\nfundaci\u00f3n del Carmelo de San Jos\u00e9. Teresa tiene ah\u00ed la m\u00e1s hermosa de sus\nmariofan\u00edas: \u201cVi a nuestra Se\u00f1ora al lado derecho, y a mi padre San Jos\u00e9 al\nizquierdo&#8230;\u201d (33,14-15). Sigue una detallada descripci\u00f3n, que concluye con\nestos detalles: \u201cEra grand\u00edsima la hermosura que vi en nuestra Se\u00f1ora, aunque\npor figuras no determin\u00e9 ninguna particular, sino toda junta la hechura del\nrostro, vestida de blanco, con grand\u00edsimo resplandor, no que deslumbra sino\nsuave&#8230; Estando as\u00ed conmigo un poco&#8230; pareci\u00f3me que los ve\u00eda subir al cielo\n(a la Virgen y a San Jos\u00e9) con mucha multitud de \u00e1ngeles. Yo qued\u00e9 con mucha\nsoledad&#8230;\u201d (33,15).<\/p>\n\n\n\n<p>Todav\u00eda un tercer\nepisodio, ocurrido de nuevo el d\u00eda de la Asunci\u00f3n, probablemente en el nuevo\nCarmelo de San Jos\u00e9, entre 1563 y 1565. Lo refiere ella en Vida 39,26: \u201cUn d\u00eda\nde la Asunci\u00f3n de la Reina de los \u00c1ngeles y Se\u00f1ora nuestra, me quiso el Se\u00f1or\nhacer esta merced, que en un arrobamiento se me represent\u00f3 su subida al cielo y\nla alegr\u00eda y solemnidad con que fue recibida y el lugar adonde est\u00e1&#8230; Fue\ngrand\u00edsima la gloria que mi esp\u00edritu tuvo de ver tanta gloria&#8230; Qued\u00f3me gran\ndeseo de servir a esta Se\u00f1ora, pues tanto mereci\u00f3\u201d.<\/p>\n\n\n\n<p>En la fiesta de la\nAsunci\u00f3n de la Virgen, el a\u00f1o 1568, inaugur\u00f3 T el Carmelo de Valladolid (F\n10,6). En su breviario la liturgia de la Asunci\u00f3n revest\u00eda especial solemnidad\n(folios 323r-327v), precedida de una hermosa estampa del misterio, a toda\np\u00e1gina: la Virgen coronada de reina, escoltada de \u00e1ngeles, se eleva ante los\nojos at\u00f3nitos de los diez ap\u00f3stoles. <\/p>\n\n\n\n<p>Tom\u00e1s \u00c1lvarez<\/p>\n","protected":false},"excerpt":{"rendered":"<p>La Asunci\u00f3n de la Virgen \u2013el misterio y la fiesta lit\u00fargica el 15 de agosto\u2013 son memorables en la vida de santa Teresa, por tres hechos de diversa \u00edndole, referidos en el Libro de la Vida. El suceso primero ocurri\u00f3 &hellip; <a href=\"https:\/\/www.ocdmx.org\/?p=3643\">Sigue leyendo <span class=\"meta-nav\">&rarr;<\/span><\/a><\/p>\n","protected":false},"author":1,"featured_media":0,"comment_status":"closed","ping_status":"closed","sticky":false,"template":"","format":"standard","meta":{"_jetpack_newsletter_access":""},"categories":[21],"tags":[],"jetpack_featured_media_url":"","jetpack_shortlink":"https:\/\/wp.me\/p2dsrC-WL","jetpack_sharing_enabled":true,"_links":{"self":[{"href":"https:\/\/www.ocdmx.org\/index.php?rest_route=\/wp\/v2\/posts\/3643"}],"collection":[{"href":"https:\/\/www.ocdmx.org\/index.php?rest_route=\/wp\/v2\/posts"}],"about":[{"href":"https:\/\/www.ocdmx.org\/index.php?rest_route=\/wp\/v2\/types\/post"}],"author":[{"embeddable":true,"href":"https:\/\/www.ocdmx.org\/index.php?rest_route=\/wp\/v2\/users\/1"}],"replies":[{"embeddable":true,"href":"https:\/\/www.ocdmx.org\/index.php?rest_route=%2Fwp%2Fv2%2Fcomments&post=3643"}],"version-history":[{"count":1,"href":"https:\/\/www.ocdmx.org\/index.php?rest_route=\/wp\/v2\/posts\/3643\/revisions"}],"predecessor-version":[{"id":3644,"href":"https:\/\/www.ocdmx.org\/index.php?rest_route=\/wp\/v2\/posts\/3643\/revisions\/3644"}],"wp:attachment":[{"href":"https:\/\/www.ocdmx.org\/index.php?rest_route=%2Fwp%2Fv2%2Fmedia&parent=3643"}],"wp:term":[{"taxonomy":"category","embeddable":true,"href":"https:\/\/www.ocdmx.org\/index.php?rest_route=%2Fwp%2Fv2%2Fcategories&post=3643"},{"taxonomy":"post_tag","embeddable":true,"href":"https:\/\/www.ocdmx.org\/index.php?rest_route=%2Fwp%2Fv2%2Ftags&post=3643"}],"curies":[{"name":"wp","href":"https:\/\/api.w.org\/{rel}","templated":true}]}}