{"id":3932,"date":"2021-03-10T00:06:45","date_gmt":"2021-03-10T06:06:45","guid":{"rendered":"https:\/\/www.ocdmx.org\/?p=3932"},"modified":"2021-02-27T11:08:49","modified_gmt":"2021-02-27T17:08:49","slug":"lectio-mie-10-mzo-2021","status":"publish","type":"post","link":"https:\/\/www.ocdmx.org\/?p=3932","title":{"rendered":"Lectio, mi\u00e9., 10 mzo., 2021"},"content":{"rendered":"\n<p><em>Tiempo de Cuaresma<\/em><\/p>\n\n\n\n<p><strong>Oraci\u00f3n inicial<\/strong><\/p>\n\n\n\n<p>Penetrados del sentido\ncristiano de la Cuaresma y alimentados con tu palabra, te pedimos, Se\u00f1or, que\nte sirvamos fielmente con nuestras penitencias y perseveremos unidos en la\nplegaria. Por nuestro Se\u00f1or.<\/p>\n\n\n\n<p><strong>Lectura<\/strong><\/p>\n\n\n\n<p>Del santo Evangelio seg\u00fan\nMateo 5, 17-19<\/p>\n\n\n\n<p>\u00abNo pens\u00e9is que he venido\na abolir la Ley y los Profetas. No he venido a abolir, sino a dar cumplimiento.\nOs lo aseguro: mientras duren el cielo y la tierra, no dejar\u00e1 de estar vigente\nni una tilde de la ley sin que todo se cumpla. Por tanto, el que traspase uno\nde estos mandamientos m\u00e1s peque\u00f1os y as\u00ed lo ense\u00f1e a los hombres, ser\u00e1 el m\u00e1s\npeque\u00f1o en el Reino de los Cielos; en cambio, el que los observe y los ense\u00f1e,\n\u00e9se ser\u00e1 grande en el Reino de los Cielos.\u00bb<\/p>\n\n\n\n<p><strong>Reflexi\u00f3n<\/strong><\/p>\n\n\n\n<p>El Evangelio de hoy (Mt\n5, 17-19) ense\u00f1a como observar la ley de Dios de manera que su pr\u00e1ctica muestre\nen qu\u00e9 consiste el pleno cumplimiento de la ley (Mt 5,17-19). Mateo escribe\npara ayudar las comunidades de jud\u00edos convertidos a superar las cr\u00edticas de los\nhermanos de raza que los acusaban diciendo: \u201cUstedes son infieles a la Ley de\nMois\u00e9s\u201d. Jes\u00fas mismo hab\u00eda sido acusado de infidelidad a la ley de Dios. Mateo\ntrae la respuesta esclarecedora de Jes\u00fas a los que lo acusaban. As\u00ed nos da una\nluz para ayudar las comunidades a resolver su problema. Usando im\u00e1genes de la\nvida cotidiana, con palabras sencillas y directas, Jes\u00fas hab\u00eda dicho que la\nmisi\u00f3n de la comunidad, su raz\u00f3n de ser, es ser sal y luz. Hab\u00eda dado algunos\nconsejos respecto de cada una de las im\u00e1genes. A continuaci\u00f3n vienen los tres\nbreves vers\u00edculos del Evangelio de hoy.<\/p>\n\n\n\n<p>Mateo 5, 17-18: Ni una\ntilde de la ley dejar\u00e1 de ser vigente. Hab\u00eda varias tendencias en las\ncomunidades de los primeros cristianos. Unas pensaban que no era necesario\nobservar las leyes del Antiguo Testamento, pues es la fe en Jes\u00fas lo que nos\nsalva y no la observancia de la Ley (Rm 3,21-26). Otros aceptaban a Jes\u00fas como\nMes\u00edas, pero no aceptaban la libertad del Esp\u00edritu con que algunas comunidades\nviv\u00edan la presencia de Jes\u00fas resucitado. Pensaban que ellos, siendo jud\u00edos,\ndeb\u00edan continuar observando las leyes del AT (Hec 15,1.5). Hab\u00eda adem\u00e1s\ncristianos que viv\u00edan tan plenamente en la libertad del Esp\u00edritu, que hab\u00edan\ndejado de mirar la vida de Jes\u00fas&nbsp;&nbsp;&nbsp; de\nNazaret o el AT y que llegaban a decir: \u201c\u00a1Anatema Jes\u00fas!\u201d (1Cor 12,3). Ante\nestas tensiones, Mateo procura un equilibrio m\u00e1s all\u00e1 de los dos extremos. La\ncomunidad ha de ser un espacio, donde este equilibrio pueda ser alcanzado y\nvivido. La respuesta dada por Jes\u00fas a los que lo criticaban segu\u00eda bien actual\npara las comunidades: \u201c\u00a1No he venido a abolir la ley, sino a darle pleno\ncumplimiento!\u201d. Las comunidades no pod\u00edan estar contra la Ley, ni pod\u00edan\nencerrarse en la observancia de la ley. Al igual que Jes\u00fas, deb\u00edan dar un paso\ny mostrar, en la pr\u00e1ctica, cu\u00e1l es el objetivo que la ley quiere alcanzar en la\nvida de las personas, a saber, en la pr\u00e1ctica perfecta del amor.<\/p>\n\n\n\n<p>Mateo 5,17-18: Ni una\ntilde de la ley dejar\u00e1 de ser vigente Y a los que quer\u00edan deshacerse de toda la\nley, Mateo recuerda otra palabra de Jes\u00fas: \u201cPor tanto, el que traspase uno de\nestos mandamientos m\u00e1s peque\u00f1os y as\u00ed lo ense\u00f1e a los hombres, ser\u00e1 el m\u00e1s peque\u00f1o\nen el Reino de los Cielos; en cambio, el que los observe y los ense\u00f1e, \u00e9se ser\u00e1\ngrande en el Reino de los Cielos\u201d. La gran inquietud del Evangelio de Mateo es\nmostrar que el AT, Jes\u00fas de Nazaret y la vida en el Esp\u00edritu Santo, no pueden\nsepararse. Los tres forman parte del mismo y \u00fanico proyecto de Dios y nos\ncomunican la certeza central de la fe: el Dios de Abrah\u00e1n y Sara est\u00e1 presente\nen medio de las comunidades por la fe en Jes\u00fas de Nazaret que nos manda su\nEsp\u00edritu.<\/p>\n\n\n\n<p>Para la\nreflexi\u00f3n personal<\/p>\n\n\n\n<p>\u00bfC\u00f3mo veo y vivo la ley\nde Dios: c\u00f3mo horizonte de libertad creciente o c\u00f3mo imposici\u00f3n que delimita mi\nlibertad?. Y \u00bfqu\u00e9 podemos hacer hoy para los hermanos y las hermanas que\nconsideran toda esta discusi\u00f3n como superada y sin actualidad? \u00bfQu\u00e9 podemos\naprender de ellos?<\/p>\n\n\n\n<p><strong>Oraci\u00f3n final<\/strong><\/p>\n\n\n\n<p>\u00a1Celebra a Yahv\u00e9,\nJerusal\u00e9n, alaba a tu Dios, Sion!, que refuerza los cerrojos de tus puertas y\nbendice en tu interior a tus hijos. (Sal 147,12-13)<\/p>\n\n\n\n<p style=\"text-align:center\">Todos los\nderechos: www.ocarm.org<\/p>\n","protected":false},"excerpt":{"rendered":"<p>Tiempo de Cuaresma Oraci\u00f3n inicial Penetrados del sentido cristiano de la Cuaresma y alimentados con tu palabra, te pedimos, Se\u00f1or, que te sirvamos fielmente con nuestras penitencias y perseveremos unidos en la plegaria. Por nuestro Se\u00f1or. Lectura Del santo Evangelio &hellip; <a href=\"https:\/\/www.ocdmx.org\/?p=3932\">Sigue leyendo <span class=\"meta-nav\">&rarr;<\/span><\/a><\/p>\n","protected":false},"author":1,"featured_media":0,"comment_status":"closed","ping_status":"closed","sticky":false,"template":"","format":"standard","meta":{"_jetpack_newsletter_access":""},"categories":[17],"tags":[],"jetpack_featured_media_url":"","jetpack_shortlink":"https:\/\/wp.me\/p2dsrC-11q","jetpack_sharing_enabled":true,"_links":{"self":[{"href":"https:\/\/www.ocdmx.org\/index.php?rest_route=\/wp\/v2\/posts\/3932"}],"collection":[{"href":"https:\/\/www.ocdmx.org\/index.php?rest_route=\/wp\/v2\/posts"}],"about":[{"href":"https:\/\/www.ocdmx.org\/index.php?rest_route=\/wp\/v2\/types\/post"}],"author":[{"embeddable":true,"href":"https:\/\/www.ocdmx.org\/index.php?rest_route=\/wp\/v2\/users\/1"}],"replies":[{"embeddable":true,"href":"https:\/\/www.ocdmx.org\/index.php?rest_route=%2Fwp%2Fv2%2Fcomments&post=3932"}],"version-history":[{"count":1,"href":"https:\/\/www.ocdmx.org\/index.php?rest_route=\/wp\/v2\/posts\/3932\/revisions"}],"predecessor-version":[{"id":3933,"href":"https:\/\/www.ocdmx.org\/index.php?rest_route=\/wp\/v2\/posts\/3932\/revisions\/3933"}],"wp:attachment":[{"href":"https:\/\/www.ocdmx.org\/index.php?rest_route=%2Fwp%2Fv2%2Fmedia&parent=3932"}],"wp:term":[{"taxonomy":"category","embeddable":true,"href":"https:\/\/www.ocdmx.org\/index.php?rest_route=%2Fwp%2Fv2%2Fcategories&post=3932"},{"taxonomy":"post_tag","embeddable":true,"href":"https:\/\/www.ocdmx.org\/index.php?rest_route=%2Fwp%2Fv2%2Ftags&post=3932"}],"curies":[{"name":"wp","href":"https:\/\/api.w.org\/{rel}","templated":true}]}}