{"id":3934,"date":"2021-03-11T00:12:13","date_gmt":"2021-03-11T06:12:13","guid":{"rendered":"https:\/\/www.ocdmx.org\/?p=3934"},"modified":"2021-03-02T12:15:05","modified_gmt":"2021-03-02T18:15:05","slug":"lectio-jue-11-mzo-2021","status":"publish","type":"post","link":"https:\/\/www.ocdmx.org\/?p=3934","title":{"rendered":"Lectio, jue, 11 mzo., 2021"},"content":{"rendered":"\n<p><em>Tiempo de Cuaresma<\/em><\/p>\n\n\n\n<p><strong>Oraci\u00f3n inicial<\/strong><\/p>\n\n\n\n<p>Te pedimos humildemente,\nSe\u00f1or, que, a medida que se acerca la fiesta de nuestra salvaci\u00f3n, vaya\ncreciendo en intensidad nuestra entrega para celebrar dignamente el misterio\npascual. Por nuestro Se\u00f1or.<\/p>\n\n\n\n<p><strong>Lectura<\/strong><\/p>\n\n\n\n<p>Del santo Evangelio seg\u00fan\nLucas 11, 14-23<\/p>\n\n\n\n<p>Estaba expulsando un\ndemonio que era mudo. Apenas sali\u00f3 el demonio, rompi\u00f3 a hablar el mudo y la\ngente se admir\u00f3. Pero algunos de ellos dijeron: \u00abPor Beelzebul, pr\u00edncipe de los\ndemonios, expulsa los demonios.\u00bb Otros, para ponerle a prueba, le ped\u00edan un\nsigno del cielo. Pero \u00e9l, conociendo sus intenciones, les dijo: \u00abTodo reino\ndividido contra s\u00ed mismo queda asolado y una casa se desploma sobre la otra.\nSi, pues, tambi\u00e9n Satan\u00e1s est\u00e1 dividido contra s\u00ed mismo, \u00bfc\u00f3mo va a subsistir\nsu reino?&#8230; porque dec\u00eds que yo expulso los demonios por Beelzebul. Si yo\nexpulso los demonios por Beelzebul, \u00bfpor qui\u00e9n los expulsan vuestros hijos? Por\neso, ellos ser\u00e1n vuestros jueces. Pero si por el dedo de Dios expulso yo los\ndemonios, es que ha llegado a vosotros el Reino de Dios. Cuando uno fuerte y\nbien armado custodia su palacio, sus bienes est\u00e1n en seguro; pero si llega uno\nm\u00e1s fuerte que \u00e9l y le vence, le quita las armas en las que estaba confiado y\nreparte sus despojos.<\/p>\n\n\n\n<p>El que no est\u00e1 conmigo,\nest\u00e1 contra m\u00ed; y el que no recoge conmigo, desparrama.\u00bb<\/p>\n\n\n\n<p><strong>Reflexi\u00f3n<\/strong><\/p>\n\n\n\n<p>El evangelio de hoy es de\nLucas (Lc 11, 14-23).<\/p>\n\n\n\n<p>Lucas 11, 14-16: <em>Las diversas reacciones ante la expulsi\u00f3n de\nun demonio. <\/em>Jes\u00fas hab\u00eda expulsado un demonio que era mudo. La expulsi\u00f3n\nprovoc\u00f3 dos reacciones diferentes. Por un lado, la multitud se qued\u00f3 admirada y\nmaravillada. La multitud acepta Jes\u00fas y cree en \u00e9l. Por otro, los que no\naceptan a Jes\u00fas y no creen en \u00e9l. De estos \u00faltimos algunos dec\u00edan que Jes\u00fas\nexpulsaba a los demonios en nombre de Belceb\u00fa, el pr\u00edncipe de los demonios, y\notros quer\u00edan de \u00e9l una se\u00f1al del cielo. Marcos informa que se trataba de\nescribas venidos de Jerusal\u00e9n (Mc 3,22), que no concordaban con la libertad de Jes\u00fas.\nQuer\u00edan defender la Tradici\u00f3n contra las novedades de Jes\u00fas.<\/p>\n\n\n\n<p>Lucas 11, 17-22: La\nrespuesta de Jes\u00fas se divide en tres partes:<\/p>\n\n\n\n<p><em>1\u00aa parte: comparaci\u00f3n del reino dividido (vv. 17-18\u00aa) <\/em>Jes\u00fas denuncia lo absurdo\nde la calumnia de los escribas. Decir que \u00e9l expulsa los demonios con la ayuda\ndel pr\u00edncipe de los demonios es negar la evidencia. Es lo mismo que decir que\nel agua est\u00e1 seca, o que el sol es oscuridad. Los doctores de Jerusal\u00e9n lo\ncalumniaban, porque no sab\u00edan explicar los beneficios que Jes\u00fas realizaba para\nla gente. Ten\u00edan miedo a perder el liderazgo. Se sent\u00edan amenazados en su\nautoridad ante el pueblo.<\/p>\n\n\n\n<p><em>2\u00aa parte: \u00bfPor qui\u00e9n los expulsan vuestros hijos?\n(vv.18b-20) <\/em>Jes\u00fas provoca a los acusadores y pregunta: \u201cSi yo expulso en nombre de Belceb\u00fa,\n\u00bfen nombre de qui\u00e9n los disc\u00edpulos de ustedes expulsan los demonios? \u00a1Contesten\ny expliquen! Si yo expulso el demonio por el dedo de Dios, \u00a1es porque lleg\u00f3 el\nReino de Dios!\u201d<\/p>\n\n\n\n<p><em>3\u00aa parte: llegando el m\u00e1s fuerte vence al fuerte\n(vv.21-22) <\/em>Jes\u00fas compara el demonio con un hombre fuerte. Nadie, a no ser que sea una\npersona m\u00e1s fuerte, podr\u00e1 robar en la casa de un hombre fuerte. Jes\u00fas es \u00e9ste\nm\u00e1s fuerte. Por esto consigue entrar en la casa y agarrar al hombre fuerte.\nJes\u00fas agarra al hombre fuerte y ahora roba en la casa de \u00e9ste, es decir, libera\na las personas que estaban en el poder del mal. El profeta Isa\u00edas hab\u00eda usado\nla misma comparaci\u00f3n para describir la venida del mes\u00edas (Is 49,24-25). Por\nesto Lucas dice que la expulsi\u00f3n del demonio es una se\u00f1al evidente de que el\nReino de Dios ha llegado.<\/p>\n\n\n\n<p>Lucas 11, 23: <em>Quien no est\u00e1 conmigo, est\u00e1 contra m\u00ed. <\/em>Jes\u00fas\ntermina su respuesta con esta frase: \u201cEl que no est\u00e1 conmigo, est\u00e1 contra m\u00ed.\nEl que no recoge conmigo, desparrama\u201d. En otra ocasi\u00f3n, tambi\u00e9n a prop\u00f3sito de\nuna expulsi\u00f3n del demonio, los disc\u00edpulos impidieron a un hombre el que usara\nel nombre de Jes\u00fas para expulsar un demonio, ya que no era de su grupo. Y Jes\u00fas\nrespondi\u00f3: \u201cNo se lo impid\u00e1is. Porque \u00a1lo que no est\u00e1 contra vosotros est\u00e1 con\nvosotros!\u201d (Lc 9,50). Parecen dos frases contradictorias, pero no lo son. La\nfrase del evangelio de hoy est\u00e1 dicha contra los enemigos que tienen\npreconceptos contra Jes\u00fas: \u201cQui\u00e9n no est\u00e1 conmigo, est\u00e1 contra m\u00ed. Y quien no\nrecoge conmigo, dispersa\u201d. Preconcepto y no aceptaci\u00f3n hacen que el di\u00e1logo se\nvuelva imposible y rompen la uni\u00f3n. La otra frase la pronuncian los disc\u00edpulos\nque pensaban tener el monopolio de Jes\u00fas: \u201c\u00a1Qui\u00e9n no est\u00e1 contra vosotros est\u00e1\na favor vuestro!\u201d Mucha gente que no es cristiana pr\u00e1ctica el amor, la bondad,\nla justicia, muchas veces hasta mejor que los cristianos. No podemos\nexcluirlos. Son hermanos y obreros en la construcci\u00f3n del Reino. Nosotros los\ncristianos no somos due\u00f1os de Jes\u00fas. Es lo contrario; \u00a1Jes\u00fas es nuestro due\u00f1o!<\/p>\n\n\n\n<p><strong>Para la reflexi\u00f3n personal<\/strong><\/p>\n\n\n\n<p>\u201cQuien no est\u00e1 conmigo,\nest\u00e1 contra m\u00ed. Y quien no recoge conmigo, desparrama\u201d. \u00bfC\u00f3mo ocurre esto en mi\nvida?. \u201cNo se lo impid\u00e1is. \u00a1Quien no est\u00e1 contra vosotros est\u00e1 a favor\nvuestro!\u201d \u00bfC\u00f3mo esto acontece en mi vida?<\/p>\n\n\n\n<p><strong>Oraci\u00f3n final<\/strong><\/p>\n\n\n\n<p>Venid, cantemos gozosos a\nYahv\u00e9, aclamemos a la Roca que nos salva; entremos en su presencia d\u00e1ndole\ngracias, aclam\u00e1ndolo con salmos. (Sal 95,1-2)<\/p>\n\n\n\n<p style=\"text-align:center\">Todos los\nderechos: www.ocarm.org<\/p>\n","protected":false},"excerpt":{"rendered":"<p>Tiempo de Cuaresma Oraci\u00f3n inicial Te pedimos humildemente, Se\u00f1or, que, a medida que se acerca la fiesta de nuestra salvaci\u00f3n, vaya creciendo en intensidad nuestra entrega para celebrar dignamente el misterio pascual. Por nuestro Se\u00f1or. Lectura Del santo Evangelio seg\u00fan &hellip; <a href=\"https:\/\/www.ocdmx.org\/?p=3934\">Sigue leyendo <span class=\"meta-nav\">&rarr;<\/span><\/a><\/p>\n","protected":false},"author":1,"featured_media":0,"comment_status":"closed","ping_status":"closed","sticky":false,"template":"","format":"standard","meta":{"_jetpack_newsletter_access":""},"categories":[17],"tags":[],"jetpack_featured_media_url":"","jetpack_shortlink":"https:\/\/wp.me\/p2dsrC-11s","jetpack_sharing_enabled":true,"_links":{"self":[{"href":"https:\/\/www.ocdmx.org\/index.php?rest_route=\/wp\/v2\/posts\/3934"}],"collection":[{"href":"https:\/\/www.ocdmx.org\/index.php?rest_route=\/wp\/v2\/posts"}],"about":[{"href":"https:\/\/www.ocdmx.org\/index.php?rest_route=\/wp\/v2\/types\/post"}],"author":[{"embeddable":true,"href":"https:\/\/www.ocdmx.org\/index.php?rest_route=\/wp\/v2\/users\/1"}],"replies":[{"embeddable":true,"href":"https:\/\/www.ocdmx.org\/index.php?rest_route=%2Fwp%2Fv2%2Fcomments&post=3934"}],"version-history":[{"count":1,"href":"https:\/\/www.ocdmx.org\/index.php?rest_route=\/wp\/v2\/posts\/3934\/revisions"}],"predecessor-version":[{"id":3935,"href":"https:\/\/www.ocdmx.org\/index.php?rest_route=\/wp\/v2\/posts\/3934\/revisions\/3935"}],"wp:attachment":[{"href":"https:\/\/www.ocdmx.org\/index.php?rest_route=%2Fwp%2Fv2%2Fmedia&parent=3934"}],"wp:term":[{"taxonomy":"category","embeddable":true,"href":"https:\/\/www.ocdmx.org\/index.php?rest_route=%2Fwp%2Fv2%2Fcategories&post=3934"},{"taxonomy":"post_tag","embeddable":true,"href":"https:\/\/www.ocdmx.org\/index.php?rest_route=%2Fwp%2Fv2%2Ftags&post=3934"}],"curies":[{"name":"wp","href":"https:\/\/api.w.org\/{rel}","templated":true}]}}