{"id":3938,"date":"2021-03-13T00:17:09","date_gmt":"2021-03-13T06:17:09","guid":{"rendered":"https:\/\/www.ocdmx.org\/?p=3938"},"modified":"2021-03-02T12:18:59","modified_gmt":"2021-03-02T18:18:59","slug":"lectio-sab-13-mzo-2021","status":"publish","type":"post","link":"https:\/\/www.ocdmx.org\/?p=3938","title":{"rendered":"Lectio, s\u00e1b, 13 mzo., 2021"},"content":{"rendered":"\n<p><em>Tiempo de Cuaresma<\/em><\/p>\n\n\n\n<p><strong>Oraci\u00f3n inicial<\/strong><\/p>\n\n\n\n<p>Llenos de alegr\u00eda, al\ncelebrar un a\u00f1o m\u00e1s la Cuaresma, te pedimos, Se\u00f1or, vivir los sacramentos\npascuales y sentir en nosotros el gozo de su eficacia. Por nuestro Se\u00f1or.<\/p>\n\n\n\n<p><strong>Lectura del Evangelio<\/strong><\/p>\n\n\n\n<p>Del Evangelio seg\u00fan Lucas\n18, 9-14<\/p>\n\n\n\n<p>A algunos que se ten\u00edan\npor justos y despreciaban a los dem\u00e1s les dijo esta par\u00e1bola:<\/p>\n\n\n\n<p>\u00abDos hombres subieron al\ntemplo a orar; uno fariseo, otro publicano. El fariseo, de pie, oraba en su\ninterior de esta manera: \u00a1Oh Dios! Te doy gracias porque no soy como los dem\u00e1s\nhombres, rapaces, injustos, ad\u00falteros, ni tampoco como este publicano. Ayuno\ndos veces por semana, doy el diezmo de todas mis ganancias.&#8217; En cambio el\npublicano, manteni\u00e9ndose a distancia, no se atrev\u00eda ni a alzar los ojos al\ncielo, sino que se golpeaba el pecho, diciendo: \u00a1Oh Dios! \u00a1Ten compasi\u00f3n de m\u00ed,\nque soy pecador!&#8217; Os digo que \u00e9ste baj\u00f3 a su casa justificado y aqu\u00e9l no.\nPorque todo el que se ensalce ser\u00e1 humillado; y el que se humille ser\u00e1\nensalzado.\u00bb<\/p>\n\n\n\n<p><strong>Reflexi\u00f3n<\/strong><\/p>\n\n\n\n<p>En el Evangelio de hoy,\nJes\u00fas cuenta la par\u00e1bola del fariseo y del publicano para ense\u00f1arnos a rezar.\nJes\u00fas tiene una manera distinta de ver las cosas. Ve algo positivo en el publicano,\naunque todo el mundo dec\u00eda de \u00e9l: \u201c\u00a1No sabe rezar!\u201d Jes\u00fas viv\u00eda tan unido al\nPadre por la oraci\u00f3n que todo se convert\u00eda para \u00e9l en expresi\u00f3n de oraci\u00f3n.<\/p>\n\n\n\n<p>La manera de presentar la\npar\u00e1bola es muy did\u00e1ctica. Lucas presenta una breve introducci\u00f3n que sirve de\nclave de lectura. Luego Jes\u00fas cuenta la par\u00e1bola y al final Jes\u00fas aplica la\npar\u00e1bola a la vida.<\/p>\n\n\n\n<p>Lucas 18,9: La\nintroducci\u00f3n. La par\u00e1bola es presentada por la siguiente frase: \u00abA algunos\nque se ten\u00edan por justos y despreciaban a los dem\u00e1s les dijo esta par\u00e1bola.\u201d La\nfrase es de Lucas. Se refiere al tiempo de Jes\u00fas, pero se refiere tambi\u00e9n a\nnuestro tiempo. Hay siempre personas y grupos de personas que se consideran\njustas y fieles y que desprecian a los dem\u00e1s, consider\u00e1ndolos ignorantes e infieles.<\/p>\n\n\n\n<p>Lucas 18,10-13: La\npar\u00e1bola. Dos hombres van al templo a rezar: un fariseo y un publicano. Seg\u00fan\nla opini\u00f3n de la gente de entonces, los publicanos no eran considerados para\nnada y no pod\u00edan dirigirse a Dios, porque eran personas impuras. En la par\u00e1bola,\nel fariseo agradece a Dios el ser mejor que los dem\u00e1s. Su oraci\u00f3n no es que un\nelogio de s\u00ed mismo, una exaltaci\u00f3n de sus buenas cualidades y un desprecio para\nlos dem\u00e1s y para el publicano. El publicano ni siquiera levanta los ojos, pero\nse golpea el pecho diciendo: \u00ab\u00a1Dios m\u00edo, ten piedad de m\u00ed que soy un\npecador!\u00bb Se pone en su lugar ante Dios.<\/p>\n\n\n\n<p>Lucas 18,14: La\naplicaci\u00f3n. Si Jes\u00fas hubiera dejado opinar a la gente y decir qui\u00e9n de los dos\nvolvi\u00f3 justificado a su casa, todos hubieran contestado: \u00ab\u00a1El fariseo!\u00bb\nYa que era \u00e9sta la opini\u00f3n com\u00fan en aquel tiempo. Jes\u00fas piensa de manera\ndistinta. Seg\u00fan \u00e9l, aquel que vuelve a casa justificado, en buenas relaciones\ncon Dios, no es el fariseo, sino el publicano. Jes\u00fas da la vuelta al rev\u00e9s. A\nlas autoridades religiosas de la \u00e9poca ciertamente no les gust\u00f3 la aplicaci\u00f3n\nque \u00e9l hace de esta par\u00e1bola.<\/p>\n\n\n\n<p>Jes\u00fas reza. Sobretodo\nLucas nos informa de la vida de oraci\u00f3n de Jes\u00fas. Presenta a Jes\u00fas en constante\noraci\u00f3n. He aqu\u00ed una lista de textos del evangelio de Lucas, en los que Jes\u00fas\naparece en oraci\u00f3n: Lc 2,46-50; 3,21: 4,1-12; 4,16; 5,16; 6,12; 9,16.18.28;\n10,21; 11,1; 22,32; 22,7-14; 22,40-46; 23,34; 23,46; 24,30. Leyendo el\nevangelio de Lucas, es posible encontrar otros textos que hablan de la oraci\u00f3n\nde Jes\u00fas. Jes\u00fas viv\u00eda en contacto con el Padre. La respiraci\u00f3n de su vida era\nhacer la voluntad del Padre (Jn 5,19). Jes\u00fas rezaba mucho e insist\u00eda, para que\nla gente y sus disc\u00edpulos hiciesen lo mismo, ya que en el contacto con Dios\nnace la verdad y la persona se encuentra consigo misma, en toda su realidad y\nhumildad. En Jes\u00fas, la oraci\u00f3n est\u00e1 \u00edntimamente enlazada con los hechos\nconcretos de la vida y con las decisiones que ten\u00eda que tomar. Para poder ser\nfiel al proyecto del Padre, trataba de permanecer a solas con El para\nescucharle. Jes\u00fas rezaba los Salmos. Como cualquier otro jud\u00edo piadoso, los\nconoc\u00eda de memoria. Jes\u00fas compuso su propio salmo. Es el Padre Nuestro. Su vida\nera una oraci\u00f3n permanente: \u00ab\u00a1Yo no puedo hacer nada por mi cuenta!\u00bb\n(Jn 5,19.30). Se aplica a \u00e9l lo que dice el Salmo: \u00ab\u00a1Me acusan, mientras\nyo rezo!\u00bb (Sal 109,4).<\/p>\n\n\n\n<p><strong>Para la reflexi\u00f3n personal<\/strong><\/p>\n\n\n\n<p>Mirando de cerca esta\npar\u00e1bola, \u00bfyo soy como el fariseo o como el publicano?. Hay personas que dicen\nque no saben rezar, pero hablan todo el tiempo con Dios. \u00bfConoces a personas\nas\u00ed?<\/p>\n\n\n\n<p><strong>Oraci\u00f3n final<\/strong><\/p>\n\n\n\n<p>Piedad de m\u00ed, oh Dios,\npor tu bondad, por tu inmensa ternura borra mi delito, l\u00e1vame a fondo de mi\nculpa, purif\u00edcame de mi pecado. (Sal 51)<\/p>\n\n\n\n<p style=\"text-align:center\">Todos los\nderechos: www.ocarm.org<\/p>\n","protected":false},"excerpt":{"rendered":"<p>Tiempo de Cuaresma Oraci\u00f3n inicial Llenos de alegr\u00eda, al celebrar un a\u00f1o m\u00e1s la Cuaresma, te pedimos, Se\u00f1or, vivir los sacramentos pascuales y sentir en nosotros el gozo de su eficacia. Por nuestro Se\u00f1or. Lectura del Evangelio Del Evangelio seg\u00fan &hellip; <a href=\"https:\/\/www.ocdmx.org\/?p=3938\">Sigue leyendo <span class=\"meta-nav\">&rarr;<\/span><\/a><\/p>\n","protected":false},"author":1,"featured_media":0,"comment_status":"closed","ping_status":"closed","sticky":false,"template":"","format":"standard","meta":{"_jetpack_newsletter_access":""},"categories":[17],"tags":[],"jetpack_featured_media_url":"","jetpack_shortlink":"https:\/\/wp.me\/p2dsrC-11w","jetpack_sharing_enabled":true,"_links":{"self":[{"href":"https:\/\/www.ocdmx.org\/index.php?rest_route=\/wp\/v2\/posts\/3938"}],"collection":[{"href":"https:\/\/www.ocdmx.org\/index.php?rest_route=\/wp\/v2\/posts"}],"about":[{"href":"https:\/\/www.ocdmx.org\/index.php?rest_route=\/wp\/v2\/types\/post"}],"author":[{"embeddable":true,"href":"https:\/\/www.ocdmx.org\/index.php?rest_route=\/wp\/v2\/users\/1"}],"replies":[{"embeddable":true,"href":"https:\/\/www.ocdmx.org\/index.php?rest_route=%2Fwp%2Fv2%2Fcomments&post=3938"}],"version-history":[{"count":1,"href":"https:\/\/www.ocdmx.org\/index.php?rest_route=\/wp\/v2\/posts\/3938\/revisions"}],"predecessor-version":[{"id":3939,"href":"https:\/\/www.ocdmx.org\/index.php?rest_route=\/wp\/v2\/posts\/3938\/revisions\/3939"}],"wp:attachment":[{"href":"https:\/\/www.ocdmx.org\/index.php?rest_route=%2Fwp%2Fv2%2Fmedia&parent=3938"}],"wp:term":[{"taxonomy":"category","embeddable":true,"href":"https:\/\/www.ocdmx.org\/index.php?rest_route=%2Fwp%2Fv2%2Fcategories&post=3938"},{"taxonomy":"post_tag","embeddable":true,"href":"https:\/\/www.ocdmx.org\/index.php?rest_route=%2Fwp%2Fv2%2Ftags&post=3938"}],"curies":[{"name":"wp","href":"https:\/\/api.w.org\/{rel}","templated":true}]}}