{"id":3946,"date":"2021-03-17T00:26:38","date_gmt":"2021-03-17T06:26:38","guid":{"rendered":"https:\/\/www.ocdmx.org\/?p=3946"},"modified":"2021-03-03T17:28:12","modified_gmt":"2021-03-03T23:28:12","slug":"lectio-mie-17-mzo-2021","status":"publish","type":"post","link":"https:\/\/www.ocdmx.org\/?p=3946","title":{"rendered":"Lectio, mi\u00e9., 17 mzo., 2021"},"content":{"rendered":"\n<p><em>Tiempo de Cuaresma<\/em><\/p>\n\n\n\n<p><strong>Oraci\u00f3n inicial<\/strong><\/p>\n\n\n\n<p>Se\u00f1or, Dios nuestro, que\nconcedes a los justos el premio de sus m\u00e9ritos y a los pecadores que hacen\npenitencia les perdonas sus pecados, ten piedad de nosotros y danos, por la\nhumilde confesi\u00f3n de nuestras culpas, tu paz y tu perd\u00f3n. Por nuestro Se\u00f1or.<\/p>\n\n\n\n<p><strong>Lectura del Evangelio<\/strong><\/p>\n\n\n\n<p>Del Evangelio seg\u00fan Juan\n5, 17-30<\/p>\n\n\n\n<p>Pero Jes\u00fas les replic\u00f3: \u00ab\nMi Padre trabaja hasta ahora, y yo tambi\u00e9n trabajo.\u00bb Por eso los jud\u00edos\ntrataban con mayor empe\u00f1o de matarle, porque no s\u00f3lo quebrantaba el s\u00e1bado,\nsino que llamaba a Dios su propio Padre, haci\u00e9ndose a s\u00ed mismo igual a Dios.\nJes\u00fas, pues, tomando la palabra, les dec\u00eda:\u00abEn verdad, en verdad os digo: el\nHijo no puede hacer nada por su cuenta, sino lo que ve hacer al Padre: lo que\nhace \u00e9l, eso tambi\u00e9n lo hace igualmente el Hijo. Porque el Padre quiere al Hijo\ny le muestra todo lo que \u00e9l hace.<\/p>\n\n\n\n<p>Y le mostrar\u00e1 obras a\u00fan\nmayores que \u00e9stas, para que os asombr\u00e9is.<\/p>\n\n\n\n<p>Porque, como el Padre\nresucita a los muertos y les da la vida, as\u00ed tambi\u00e9n el Hijo da la vida a los\nque quiere.<\/p>\n\n\n\n<p>Porque el Padre no juzga\na nadie; sino que todo juicio lo ha entregado al Hijo, para que todos honren al\nHijo como honran al Padre.<\/p>\n\n\n\n<p>El que no honra al Hijo\nno honra al Padre que lo ha enviado.<\/p>\n\n\n\n<p>En verdad, en verdad os\ndigo: el que escucha mi palabra y cree en el que me ha enviado, tiene vida\neterna y no incurre en juicio, sino que ha pasado de la muerte a la vida.<\/p>\n\n\n\n<p>En verdad, en verdad os\ndigo: llega la hora (ya estamos en ella),en que los muertos oir\u00e1n la voz del\nHijo de Dios, y los que la oigan vivir\u00e1n. Porque, como el Padre tiene vida en\ns\u00ed mismo, as\u00ed tambi\u00e9n le ha dado al Hijo tener vida en s\u00ed mismo, y le ha dado\npoder para juzgar, porque es Hijo del hombre.<\/p>\n\n\n\n<p>No os extra\u00f1\u00e9is de esto:\nllega la hora en que todos los que est\u00e9n en los sepulcros oir\u00e1n su voz y\nsaldr\u00e1n los que hayan hecho el bien para una resurrecci\u00f3n de vida, y los que\nhayan hecho el mal, para una resurrecci\u00f3n de juicio. Yo no puedo hacer nada por\nmi cuenta: juzgo seg\u00fan lo que oigo; y mi juicio es justo, porque no busco mi\nvoluntad, sino la voluntad del que me ha enviado.<\/p>\n\n\n\n<p>Reflexi\u00f3n<\/p>\n\n\n\n<p>El Evangelio de Juan es\ndistinto de los otros tres. Revela una dimensi\u00f3n m\u00e1s profunda que s\u00f3lo la fe\nconsigue percibir en las palabras y en los gestos de Jes\u00fas. Los Padres de la\nIglesia dec\u00edan que el Evangelio de Juan es \u201c<em>espiritual<\/em>\u201d,\nrevela aquello que el <em>Esp\u00edritu <\/em>hace\ndescubrir en las palabras de Jes\u00fas (cf. Jn 16,12-13). Un bonito ejemplo de esta\ndimensi\u00f3n espiritual del evangelio de Juan es el pasaje que meditamos hoy.<\/p>\n\n\n\n<p>Juan 5,17-18: <em>Jes\u00fas explicita el significado profundo de\nla curaci\u00f3n del paral\u00edtico. <\/em>Criticado por los jud\u00edos por haber curado en un\nd\u00eda de s\u00e1bado, Jes\u00fas responde <em>\u201cMi Padre\ntrabaja hasta ahora, y yo tambi\u00e9n trabajo\u201d<\/em>. Los jud\u00edos ense\u00f1aban que en el\nd\u00eda de s\u00e1bado no se pod\u00eda trabajar, pues Dios mismo descans\u00f3 y no trabaj\u00f3 en el\ns\u00e9ptimo d\u00eda de la creaci\u00f3n (Ex 20,8-11). Jes\u00fas afirma lo contrario. El dice que\nel Padre no par\u00f3 de trabajar <em>hasta ahora<\/em>.\nPor esto, Jes\u00fas tambi\u00e9n trabaja hasta en un d\u00eda de s\u00e1bado. \u00a1El imita al Padre!\nPara Jes\u00fas, la obra criadora no termin\u00f3. Dios sigue trabajando, sin cesar, d\u00eda\ny noche, sustentando el universo y a todos nosotros. Jes\u00fas colabora con el\nPadre dando continuidad a la obra de la creaci\u00f3n, para que un d\u00eda todos puedan\nentrar en el reposo prometido. La reacci\u00f3n de los jud\u00edos fue violenta. Quer\u00edan\nmatarle por dos motivos: por negar el sentido del s\u00e1bado, y por considerarse\nigual a Dios.<\/p>\n\n\n\n<p>Juan 5,19-21: <em>El amor deja transparentar la acci\u00f3n\ncreadora de Dios. <\/em>Estos vers\u00edculos revelan algo del misterio de la relaci\u00f3n\nentre Jes\u00fas y el Padre. Jes\u00fas, el hijo, vive en atenci\u00f3n permanente ante el Padre.\nAquello que ve hacer al Padre, lo hace tambi\u00e9n \u00e9l. Jes\u00fas es el reflejo del\nPadre. \u00a1Es la cara del Padre! Esta atenci\u00f3n total del Hijo al Padre, hace que\nel amor del Padre pueda entrar en el Hijo, y a trav\u00e9s del Hijo, pueda realizar\nsu acci\u00f3n en el mundo. La gran preocupaci\u00f3n del Padre es vencer la muerte y\nhacer vivir. La curaci\u00f3n del paral\u00edtico fue una manera de sacar a las personas\nde la muerte y hacerlas vivir. Es una manera de dar continuidad a la obra\ncreadora del Padre.<\/p>\n\n\n\n<p>Juan 5,22-23: <em>El Padre no juzga, pero conf\u00eda el juicio al\nhijo. <\/em>Lo decisivo en la vida es&nbsp;&nbsp; la\nmanera en que nos colocamos ante el Creador, pues dependemos radicalmente de\n\u00e9l. El Creador se hace presente para nosotros en Jes\u00fas. En Jes\u00fas habita la\nplenitud de la divinidad (Cf. Col 1,19). Por esto, expresamos nuestra postura\nante Dios Creador en la manera en que nos definimos ante Jes\u00fas. Lo que el Padre\nquiere es que lo conozcamos y lo honremos en la revelaci\u00f3n que El hace de s\u00ed\nmismo en Jes\u00fas.<\/p>\n\n\n\n<p>Juan 5,24: <em>La vida de Dios en nosotros a trav\u00e9s de\nJes\u00fas<\/em>. Dios es vida, es fuerza creadora. All\u00ed donde \u00e9l se hace presente, la\nvida renace. El se hace presente mediante la Palabra de Jes\u00fas. Quien escucha la\npalabra de Jes\u00fas como enviado de Dios ya est\u00e1 resucitado. Ya recibi\u00f3 el toque\nvivificador que lo lleva m\u00e1s all\u00e1 de la muerte. Ya pas\u00f3 de la muerte a la vida.\nLa curaci\u00f3n del paral\u00edtico es la prueba de ello.<\/p>\n\n\n\n<p>Juan 5,25-29: <em>La resurrecci\u00f3n ya est\u00e1 aconteciendo. <\/em>Los\nmuertos somos todos nosotros que todav\u00eda no nos abrimos a la voz de Jes\u00fas que\nviene del Padre. Pero \u201cllega la hora (ya estamos en ella), en que los muertos\noir\u00e1n la voz del Hijo de Dios, y los que la oigan vivir\u00e1n\u201d. Con la palabra de\nJes\u00fas, venida del Padre se inici\u00f3 una nueva creaci\u00f3n. Ya est\u00e1 en camino. La\npalabra creadora de Jes\u00fas va a alcanzar a todos, tambi\u00e9n a los que ya murieron.\nEllos oyeron y murieron.<\/p>\n\n\n\n<p>Juan 5,30: Jes\u00fas es el\nreflejo del Padre. \u201cYo no puedo hacer nada por mi cuenta: juzgo seg\u00fan lo que\noigo; y mi juicio es justo, porque no busco mi voluntad, sino la voluntad del\nque me ha enviado\u201d. Esta frase final es el resumen de todo lo que fue\nreflexionado anteriormente. Esta era la idea que las comunidades del tiempo de\nJuan ten\u00edan e irradiaban respecto a Jes\u00fas.<\/p>\n\n\n\n<p><strong>Para la reflexi\u00f3n personal<\/strong><\/p>\n\n\n\n<p>\u00bfC\u00f3mo te imaginas la\nrelaci\u00f3n entre Jes\u00fas y el Padre?. \u00bfC\u00f3mo vives la fe en la resurrecci\u00f3n?<\/p>\n\n\n\n<p><strong>Oraci\u00f3n final<\/strong><\/p>\n\n\n\n<p>El Se\u00f1or es clemente y\nmisericordioso, lento a la c\u00f3lera y rico en piedad; el Se\u00f1or es bueno con\ntodos, es cari\u00f1oso con todas sus criaturas. (Sal 144)<\/p>\n\n\n\n<p style=\"text-align:center\">Todos los\nderechos: www.ocarm.org<\/p>\n","protected":false},"excerpt":{"rendered":"<p>Tiempo de Cuaresma Oraci\u00f3n inicial Se\u00f1or, Dios nuestro, que concedes a los justos el premio de sus m\u00e9ritos y a los pecadores que hacen penitencia les perdonas sus pecados, ten piedad de nosotros y danos, por la humilde confesi\u00f3n de &hellip; <a href=\"https:\/\/www.ocdmx.org\/?p=3946\">Sigue leyendo <span class=\"meta-nav\">&rarr;<\/span><\/a><\/p>\n","protected":false},"author":1,"featured_media":0,"comment_status":"closed","ping_status":"closed","sticky":false,"template":"","format":"standard","meta":{"_jetpack_newsletter_access":""},"categories":[17],"tags":[],"jetpack_featured_media_url":"","jetpack_shortlink":"https:\/\/wp.me\/p2dsrC-11E","jetpack_sharing_enabled":true,"_links":{"self":[{"href":"https:\/\/www.ocdmx.org\/index.php?rest_route=\/wp\/v2\/posts\/3946"}],"collection":[{"href":"https:\/\/www.ocdmx.org\/index.php?rest_route=\/wp\/v2\/posts"}],"about":[{"href":"https:\/\/www.ocdmx.org\/index.php?rest_route=\/wp\/v2\/types\/post"}],"author":[{"embeddable":true,"href":"https:\/\/www.ocdmx.org\/index.php?rest_route=\/wp\/v2\/users\/1"}],"replies":[{"embeddable":true,"href":"https:\/\/www.ocdmx.org\/index.php?rest_route=%2Fwp%2Fv2%2Fcomments&post=3946"}],"version-history":[{"count":1,"href":"https:\/\/www.ocdmx.org\/index.php?rest_route=\/wp\/v2\/posts\/3946\/revisions"}],"predecessor-version":[{"id":3947,"href":"https:\/\/www.ocdmx.org\/index.php?rest_route=\/wp\/v2\/posts\/3946\/revisions\/3947"}],"wp:attachment":[{"href":"https:\/\/www.ocdmx.org\/index.php?rest_route=%2Fwp%2Fv2%2Fmedia&parent=3946"}],"wp:term":[{"taxonomy":"category","embeddable":true,"href":"https:\/\/www.ocdmx.org\/index.php?rest_route=%2Fwp%2Fv2%2Fcategories&post=3946"},{"taxonomy":"post_tag","embeddable":true,"href":"https:\/\/www.ocdmx.org\/index.php?rest_route=%2Fwp%2Fv2%2Ftags&post=3946"}],"curies":[{"name":"wp","href":"https:\/\/api.w.org\/{rel}","templated":true}]}}