{"id":3952,"date":"2021-03-20T00:33:12","date_gmt":"2021-03-20T06:33:12","guid":{"rendered":"https:\/\/www.ocdmx.org\/?p=3952"},"modified":"2021-03-03T17:34:50","modified_gmt":"2021-03-03T23:34:50","slug":"lectio-sab-20-mzo-2021","status":"publish","type":"post","link":"https:\/\/www.ocdmx.org\/?p=3952","title":{"rendered":"Lectio, s\u00e1b, 20 mzo., 2021"},"content":{"rendered":"\n<p>Tiempo de Cuaresma<\/p>\n\n\n\n<p><strong>Oraci\u00f3n inicial<\/strong><\/p>\n\n\n\n<p>Que tu amor y tu\nmisericordia dirijan nuestros corazones, Se\u00f1or, ya que sin tu ayuda no podemos\ncomplacerte. Por nuestro Se\u00f1or.<\/p>\n\n\n\n<p><strong>Lectura<\/strong><\/p>\n\n\n\n<p>Del Evangelio seg\u00fan Juan 7, 40-53<\/p>\n\n\n\n<p>Muchos entre la gente,\nque le hab\u00edan o\u00eddo estas palabras, dec\u00edan: \u00abEste es verdaderamente el profeta.\u00bb\nOtros dec\u00edan: \u00abEste es el Cristo.\u00bb Pero otros replicaban:<\/p>\n\n\n\n<p>\u00ab\u00bfAcaso va a venir de\nGalilea el Cristo? \u00bfNo dice la Escritura que el Cristo vendr\u00e1 de la\ndescendencia de David y de Bel\u00e9n, el pueblo de donde era David?\u00bb Se origin\u00f3,\npues, una disensi\u00f3n entre la gente por causa de \u00e9l. Algunos de ellos quer\u00edan\ndetenerle, pero nadie le ech\u00f3 mano.<\/p>\n\n\n\n<p>Los guardias volvieron a\nlos sumos sacerdotes y los fariseos. \u00c9stos les dijeron: \u00ab\u00bfPor qu\u00e9 no le hab\u00e9is\ntra\u00eddo?\u00bb Respondieron los guardias: \u00abJam\u00e1s un hombre ha hablado como habla ese\nhombre.\u00bb Los fariseos les respondieron: \u00ab\u00bfVosotros tambi\u00e9n os hab\u00e9is dejado\nembaucar? \u00bfAcaso ha cre\u00eddo en \u00e9l alg\u00fan magistrado o alg\u00fan fariseo? Pero esa\ngente que no conoce la Ley son unos malditos.\u00bb Les dice Nicodemo, que era uno\nde ellos, el que hab\u00eda ido anteriormente a Jes\u00fas:<\/p>\n\n\n\n<p>\u00ab\u00bfAcaso nuestra Ley juzga\na un hombre sin haberle antes o\u00eddo y sin saber lo que hace?\u00bb Ellos le respondieron:\n\u00ab\u00bfTambi\u00e9n t\u00fa eres de Galilea? Indaga y ver\u00e1s que de Galilea no sale ning\u00fan\nprofeta.\u00bb<\/p>\n\n\n\n<p>Y se volvieron cada uno a\nsu casa.<\/p>\n\n\n\n<p><strong>Reflexi\u00f3n<\/strong><\/p>\n\n\n\n<p>En el cap\u00edtulo 7, Juan\nconstata que en medio de la gente hab\u00eda diversas opiniones y mucha confusi\u00f3n\nrespecto a Jes\u00fas. Los parientes pensaban de una forma (Jn 7,2-5), la gente\npensaba de otra forma (Jn 7,12). Unos dec\u00edan: \u201c\u00a1Es un profeta!\u00bb (Jn 7,40).\nOtros dec\u00edan: \u00ab\u00a1Enga\u00f1a a la gente!\u00bb (Jn 7,12) Unos lo elogiaban:\n\u00ab\u00a1Hace el bien!\u00bb (Jn 7,12). Otros lo criticaban: \u00ab\u00a1No ha estudiado!\u00bb\n(Jn 7,15) \u00a1Muchas opiniones! Cada uno ten\u00eda sus argumentos, sacados de la\nBiblia o de la Tradici\u00f3n. Pero nadie recordaba al mes\u00edas<\/p>\n\n\n\n<p>Siervo, anunciado por\nIsa\u00edas (Is 42,1-9; 49,1-6; 50,4-9; 52,13-53,12; 61,1-2). Hoy tambi\u00e9n se discute\nmucho sobre religi\u00f3n, y cada cual saca sus argumentos de la Biblia. Como en el\npasado, hoy tambi\u00e9n acontece muchas veces que los peque\u00f1os son enga\u00f1ados por el\ndiscurso de los grandes y, a veces, hasta por el discurso de gente de iglesia.<\/p>\n\n\n\n<p>Juan 7,40-44: Una\nconfusi\u00f3n en medio de la gente. La reacci\u00f3n de la gente es de lo m\u00e1s variada.\nAlgunos dicen: es un profeta. Otros: es el Mes\u00edas, el Cristo. Otros rebaten: no\npuede ser, porque el mes\u00edas vendr\u00e1 de Bel\u00e9n y \u00e9ste viene de Galilea. Estas\ndiversas ideas sobre el Mes\u00edas producen divisi\u00f3n y disputas. Hab\u00eda gente que\nquer\u00eda detenerle y darle muerte, pero no lo hicieron. Probablemente, porque\nten\u00edan miedo de la multitud (cf. Mc 14,2).<\/p>\n\n\n\n<p>Juan 7,45-49: Los\nargumentos de las autoridades. Anteriormente, ante las reacciones de la gente\nfavorable a Jes\u00fas, los fariseos hab\u00edan enviado a guardias para detenerle (Jn\n7,32). Pero hab\u00edan vuelto sin Jes\u00fas. Se hab\u00edan quedado impresionados por su\nmanera de hablar: \u00abJam\u00e1s un hombre ha hablado como habla ese hombre\u201d. Los\nfariseos reaccionaron: \u201c\u00bfVosotros tambi\u00e9n os hab\u00e9is dejado embaucar?\u201d Para los\nfariseos \u00abesa gente que no conoce la ley\u00bb se deja enga\u00f1ar por Jes\u00fas.\nEs como se dijesen: \u00ab\u00a1Nosotros los jefes conocemos mejor las cosas y no\nnos dejamos enga\u00f1ar!\u00bb Ellos atribuyen al pueblo el adjetivo de \u00a1\u00bbmaldito\u00bb!\nLas autoridades religiosas de la \u00e9poca trataban a la gente con mucho desprecio.<\/p>\n\n\n\n<p>Juan 7,50-52: La defensa\nde Jes\u00fas hecha por Nicodemo. Ante este argumento est\u00fapido, la honestidad de\nNicodemo se rebela y levanta su voz para defender a Jes\u00fas: \u00ab\u00bfAcaso nuestra\nLey juzga a un hombre sin haberle antes o\u00eddo y sin saber lo que hace?\u201d La\nreacci\u00f3n de los otros es escarnio: \u00ab\u00bfTambi\u00e9n t\u00fa eres de Galilea? \u00a1Indaga y\nver\u00e1s que de Galilea no sale ning\u00fan profeta!\u00bb Ellos est\u00e1n seguros. Con el\nlibrito del pasado en la mano se defienden en contra del futuro que llega\nincomodando. \u00a1Esto ocurre tambi\u00e9n hoy! S\u00f3lo acepto lo nuevo si est\u00e1 de acuerdo\ncon las ideas m\u00edas que son del pasado.<\/p>\n\n\n\n<p><strong>Para la reflexi\u00f3n personal<\/strong><\/p>\n\n\n\n<p>\u00bfCu\u00e1les son hoy las\ndiversas opiniones sobre Jes\u00fas que existen en medio de la gente? Y en tu\ncomunidad \u00bfexisten diferentes opiniones que generan confusi\u00f3n?. \u00bfCu\u00e1les?\nCu\u00e9ntalas. Hay personas que s\u00f3lo aceptan lo nuevo si est\u00e1n de acuerdo con sus\nideas que pertenecen al pasado. \u00bfY yo?<\/p>\n\n\n\n<p><strong>Oraci\u00f3n final<\/strong><\/p>\n\n\n\n<p>Misericordia, Dios m\u00edo,\npor tu bondad, por tu inmensa compasi\u00f3n borra mi culpa; lava del todo mi\ndelito, limpia mi pecado. (Sal 50)<\/p>\n\n\n\n<p style=\"text-align:center\">Todos los\nderechos: www.ocarm.org<\/p>\n","protected":false},"excerpt":{"rendered":"<p>Tiempo de Cuaresma Oraci\u00f3n inicial Que tu amor y tu misericordia dirijan nuestros corazones, Se\u00f1or, ya que sin tu ayuda no podemos complacerte. Por nuestro Se\u00f1or. Lectura Del Evangelio seg\u00fan Juan 7, 40-53 Muchos entre la gente, que le hab\u00edan &hellip; <a href=\"https:\/\/www.ocdmx.org\/?p=3952\">Sigue leyendo <span class=\"meta-nav\">&rarr;<\/span><\/a><\/p>\n","protected":false},"author":1,"featured_media":0,"comment_status":"closed","ping_status":"closed","sticky":false,"template":"","format":"standard","meta":{"_jetpack_newsletter_access":""},"categories":[17],"tags":[],"jetpack_featured_media_url":"","jetpack_shortlink":"https:\/\/wp.me\/p2dsrC-11K","jetpack_sharing_enabled":true,"_links":{"self":[{"href":"https:\/\/www.ocdmx.org\/index.php?rest_route=\/wp\/v2\/posts\/3952"}],"collection":[{"href":"https:\/\/www.ocdmx.org\/index.php?rest_route=\/wp\/v2\/posts"}],"about":[{"href":"https:\/\/www.ocdmx.org\/index.php?rest_route=\/wp\/v2\/types\/post"}],"author":[{"embeddable":true,"href":"https:\/\/www.ocdmx.org\/index.php?rest_route=\/wp\/v2\/users\/1"}],"replies":[{"embeddable":true,"href":"https:\/\/www.ocdmx.org\/index.php?rest_route=%2Fwp%2Fv2%2Fcomments&post=3952"}],"version-history":[{"count":1,"href":"https:\/\/www.ocdmx.org\/index.php?rest_route=\/wp\/v2\/posts\/3952\/revisions"}],"predecessor-version":[{"id":3953,"href":"https:\/\/www.ocdmx.org\/index.php?rest_route=\/wp\/v2\/posts\/3952\/revisions\/3953"}],"wp:attachment":[{"href":"https:\/\/www.ocdmx.org\/index.php?rest_route=%2Fwp%2Fv2%2Fmedia&parent=3952"}],"wp:term":[{"taxonomy":"category","embeddable":true,"href":"https:\/\/www.ocdmx.org\/index.php?rest_route=%2Fwp%2Fv2%2Fcategories&post=3952"},{"taxonomy":"post_tag","embeddable":true,"href":"https:\/\/www.ocdmx.org\/index.php?rest_route=%2Fwp%2Fv2%2Ftags&post=3952"}],"curies":[{"name":"wp","href":"https:\/\/api.w.org\/{rel}","templated":true}]}}