{"id":3962,"date":"2021-03-24T00:05:15","date_gmt":"2021-03-24T06:05:15","guid":{"rendered":"https:\/\/www.ocdmx.org\/?p=3962"},"modified":"2021-03-06T13:06:56","modified_gmt":"2021-03-06T19:06:56","slug":"lectio-mie-24-mzo-2021","status":"publish","type":"post","link":"https:\/\/www.ocdmx.org\/?p=3962","title":{"rendered":"Lectio, mi\u00e9., 24 mzo., 2021"},"content":{"rendered":"\n<p><em>Tiempo de Cuaresma<\/em><\/p>\n\n\n\n<p><strong>Oraci\u00f3n inicial<\/strong><\/p>\n\n\n\n<p>Ilumina, Se\u00f1or, el\ncoraz\u00f3n de tus fieles purificando por las penitencias de Cuaresma, y t\u00fa, que\nnos infundes el piadoso deseo de servirte, escucha paternalmente nuestras\ns\u00faplicas. Por nuestro Se\u00f1or.<\/p>\n\n\n\n<p><strong>Lectura<\/strong><\/p>\n\n\n\n<p>Del Evangelio seg\u00fan Juan\n8, 31-42<\/p>\n\n\n\n<p>Dec\u00eda, pues, Jes\u00fas a los\njud\u00edos que hab\u00edan cre\u00eddo en \u00e9l:<\/p>\n\n\n\n<p>\u00abSi os manten\u00e9is en mi\npalabra, ser\u00e9is verdaderamente mis disc\u00edpulos, y conocer\u00e9is la verdad y la\nverdad os har\u00e1 libres.\u00bb<\/p>\n\n\n\n<p>Ellos le respondieron:\n\u00abNosotros somos descendencia de Abrah\u00e1n y nunca hemos sido esclavos de nadie.\n\u00bfC\u00f3mo dices t\u00fa: Os har\u00e9is libres?\u00bb Jes\u00fas les respondi\u00f3:<\/p>\n\n\n\n<p>\u00abEn verdad, en verdad os\ndigo: todo el que comete pecado es un esclavo.<\/p>\n\n\n\n<p>Y el esclavo no se queda\nen casa para siempre; mientras el hijo se queda para siempre.<\/p>\n\n\n\n<p>Si, pues, el Hijo os da\nla libertad, ser\u00e9is realmente libres.<\/p>\n\n\n\n<p>Ya s\u00e9 que sois\ndescendencia de Abrah\u00e1n; pero trat\u00e1is de matarme, porque mi palabra no prende\nen vosotros. Yo hablo lo que he visto junto a mi Padre; y vosotros hac\u00e9is lo\nque hab\u00e9is o\u00eddo a vuestro padre.\u00bb Ellos le respondieron: \u00abNuestro padre es\nAbrah\u00e1n.\u00bb Jes\u00fas les dice: \u00abSi sois hijos de Abrah\u00e1n, haced las obras de\nAbrah\u00e1n.<\/p>\n\n\n\n<p>Pero trat\u00e1is de matarme,\na m\u00ed que os he dicho la verdad que o\u00ed de Dios. Eso no lo hizo Abrah\u00e1n.<\/p>\n\n\n\n<p>Vosotros hac\u00e9is las obras\nde vuestro padre.\u00bb<\/p>\n\n\n\n<p>Ellos le dijeron:\n\u00abNosotros no hemos nacido de la prostituci\u00f3n; no tenemos m\u00e1s padre que a Dios.\u00bb\nJes\u00fas les respondi\u00f3: \u00abSi Dios fuera vuestro Padre, me amar\u00edais a m\u00ed, porque yo\nhe salido y vengo de Dios; no he venido por mi cuenta, sino que \u00e9l me ha\nenviado.<\/p>\n\n\n\n<p><strong>Reflexi\u00f3n<\/strong><\/p>\n\n\n\n<p>En el evangelio de hoy\nsigue la reflexi\u00f3n sobre el cap\u00edtulo 8 de Juan. Como en c\u00edrculos conc\u00e9ntricos,\nJuan profundiza en el misterio de Dios que envuelve a la persona de Jes\u00fas.\nParece una repetici\u00f3n, porque siempre vuelve a hablar del mismo punto. En\nrealidad, es el mismo punto, pero cada vez en un nivel m\u00e1s profundo. El\nevangelio de hoy aborda el tema de la relaci\u00f3n de Jes\u00fas con Abrah\u00e1n, el Padre\ndel pueblo de Dios. Juan trata de ayudar las comunidades a comprender c\u00f3mo\nJes\u00fas se sit\u00faa en el conjunto de la historia del Pueblo de Dios. Las ayuda a\npercibir la diferencia que hay entre Jes\u00fas y los jud\u00edos, y tambi\u00e9n entre los\njud\u00edos y los dem\u00e1s: todos somos hijos e hijas de Abrah\u00e1n.<\/p>\n\n\n\n<p>Juan 8,31-32: La libertad\nque nace de la fidelidad a la palabra de Jes\u00fas. Jes\u00fas manifiesta a los jud\u00edos:\n\u201cSi os manten\u00e9is en mi palabra, ser\u00e9is verdaderamente mis disc\u00edpulos, y\nconocer\u00e9is la verdad y la verdad os har\u00e1 libres. Ser disc\u00edpulo de Jes\u00fas es lo\nmismo que abrirse a Dios. Las palabras de Jes\u00fas son en realidad palabra de\nDios. Comunican la verdad, porque dan a conocer las cosas como son a los ojos\nde Dios y no a los ojos de los fariseos. M\u00e1s tarde, durante la \u00faltima Cena,\nJes\u00fas ense\u00f1ar\u00e1 lo mismo a los disc\u00edpulos.<\/p>\n\n\n\n<p>Juan 8,33-38: \u00bfQu\u00e9 quiere\ndecir ser hijo e hija de Abrah\u00e1n? La reacci\u00f3n de los jud\u00edos es inmediata:\n\u00abNosotros somos descendencia de Abrah\u00e1n y nunca hemos sido esclavos de\nnadie. \u00bfC\u00f3mo dices t\u00fa: Os har\u00e9is libres?\u201d Jes\u00fas insiste haciendo una distinci\u00f3n\nentre hijo y esclavo y dice: \u00abTodo el que comete pecado es un esclavo. Y\nel esclavo no se queda en casa para siempre; mientras el hijo se queda para\nsiempre. Si, pues, el Hijo os da la libertad, ser\u00e9is realmente libres.\u201d Jes\u00fas\nes el hijo y vive en la casa del Padre. El esclavo no vive en la casa del\nPadre. Vivir fuera de la casa, fuera de Dios quiere decir vivir en el pecado.\nSi aceptaran la palabra de Jes\u00fas podr\u00edan llegar a ser hijos y alcanzar la\nlibertad. No ser\u00edan esclavos. Y Jes\u00fas contin\u00faa: \u201cYa s\u00e9 que sois descendencia de\nAbrah\u00e1n; pero trat\u00e1is de matarme, porque mi palabra no prende en vosotros.\u201d\nInmediatamente aparece bien clara la distinci\u00f3n: \u201cYo hablo lo que he visto\njunto a mi Padre; y vosotros hac\u00e9is lo que hab\u00e9is o\u00eddo a vuestro padre\u201d. Jes\u00fas les\nniega el derecho a decir que son hijos de Abrah\u00e1n, porque sus obras afirman lo\ncontrario.<\/p>\n\n\n\n<p>Juan 8,39-41a: Un hijo de\nAbrah\u00e1n cumple las obras de Abrah\u00e1n. Ellos insisten en afirmar: \u201c\u00a1Nuestro Padre\nes Abrah\u00e1n!\u201d como si quisiesen presentar a Jes\u00fas un documento de su identidad.\nJes\u00fas vuelve a insistir: \u201cSi sois hijos de Abrah\u00e1n, haced las obras de Abrah\u00e1n.\nPero trat\u00e1is de matarme, a m\u00ed que os he dicho la verdad que o\u00ed de Dios. Eso no\nlo hizo Abrah\u00e1n. Vosotros hac\u00e9is las obras de vuestro padre.\u201d Entre l\u00edneas\nsugiere que el padre de ellos es Satan\u00e1s (Jn 8,44). Sugiere que son hijos de la\nprostituci\u00f3n.<\/p>\n\n\n\n<p>Juan 8,41b-42: \u201cSi Dios\nfuera vuestro Padre, me amar\u00edais a m\u00ed, porque yo he salido y vengo de Dios; no\nhe venido por mi cuenta, sino que \u00e9l me ha enviado\u201d. Usando palabras diversas,\nJes\u00fas repite la misma verdad: \u201cAquel que pertenece a Dios escucha las palabras\nde Dios\u201d. El origen de esta afirmaci\u00f3n viene de Jerem\u00edas quien dice: \u201cPondr\u00e9 mi\nley en su interior, la escribir\u00e9 en sus corazones. Entonces yo ser\u00e9 su Dios y\nellos ser\u00e1n mi pueblo. Ya no tendr\u00e1n que ense\u00f1arse mutuamente, dici\u00e9ndose el\nuno al otro: \u2018Conozcan a Yahv\u00e9\u2019. Pues me conocer\u00e1n todos, del m\u00e1s grande al m\u00e1s\nhumilde. Porque yo habr\u00e9 perdonado su culpa y no me acordar\u00e9 m\u00e1s de su pecado\u201d\n(Jer 31,33-34). Pero ellos no se abrieron a esta nueva experiencia de Dios, y\npor esto no reconocieron a Jes\u00fas como enviado del Padre.<\/p>\n\n\n\n<p><strong>Para la reflexi\u00f3n personal<\/strong><\/p>\n\n\n\n<p>Libertad que se somete en\ntodo al Padre. \u00bfExiste algo de este tipo en ti? \u00bfConoces a personas as\u00ed?. \u00bfCu\u00e1l\nes la experiencia m\u00e1s profunda en m\u00ed que me impulsa a reconocer a Jes\u00fas como\nenviado por Dios?<\/p>\n\n\n\n<p><strong>Oraci\u00f3n final<\/strong><\/p>\n\n\n\n<p>Bendito eres, Se\u00f1or, Dios\nde nuestros padres, bendito tu nombre santo y glorioso. Bendito eres en el\ntemplo de tu santa gloria. Bendito eres sobre el trono de tu reino. (Dn 3, 52)<\/p>\n\n\n\n<p style=\"text-align:center\">Todos los derechos:\nwww.ocarm.org<\/p>\n","protected":false},"excerpt":{"rendered":"<p>Tiempo de Cuaresma Oraci\u00f3n inicial Ilumina, Se\u00f1or, el coraz\u00f3n de tus fieles purificando por las penitencias de Cuaresma, y t\u00fa, que nos infundes el piadoso deseo de servirte, escucha paternalmente nuestras s\u00faplicas. Por nuestro Se\u00f1or. Lectura Del Evangelio seg\u00fan Juan &hellip; <a href=\"https:\/\/www.ocdmx.org\/?p=3962\">Sigue leyendo <span class=\"meta-nav\">&rarr;<\/span><\/a><\/p>\n","protected":false},"author":1,"featured_media":0,"comment_status":"closed","ping_status":"closed","sticky":false,"template":"","format":"standard","meta":{"_jetpack_newsletter_access":""},"categories":[17],"tags":[],"jetpack_featured_media_url":"","jetpack_shortlink":"https:\/\/wp.me\/p2dsrC-11U","jetpack_sharing_enabled":true,"_links":{"self":[{"href":"https:\/\/www.ocdmx.org\/index.php?rest_route=\/wp\/v2\/posts\/3962"}],"collection":[{"href":"https:\/\/www.ocdmx.org\/index.php?rest_route=\/wp\/v2\/posts"}],"about":[{"href":"https:\/\/www.ocdmx.org\/index.php?rest_route=\/wp\/v2\/types\/post"}],"author":[{"embeddable":true,"href":"https:\/\/www.ocdmx.org\/index.php?rest_route=\/wp\/v2\/users\/1"}],"replies":[{"embeddable":true,"href":"https:\/\/www.ocdmx.org\/index.php?rest_route=%2Fwp%2Fv2%2Fcomments&post=3962"}],"version-history":[{"count":1,"href":"https:\/\/www.ocdmx.org\/index.php?rest_route=\/wp\/v2\/posts\/3962\/revisions"}],"predecessor-version":[{"id":3963,"href":"https:\/\/www.ocdmx.org\/index.php?rest_route=\/wp\/v2\/posts\/3962\/revisions\/3963"}],"wp:attachment":[{"href":"https:\/\/www.ocdmx.org\/index.php?rest_route=%2Fwp%2Fv2%2Fmedia&parent=3962"}],"wp:term":[{"taxonomy":"category","embeddable":true,"href":"https:\/\/www.ocdmx.org\/index.php?rest_route=%2Fwp%2Fv2%2Fcategories&post=3962"},{"taxonomy":"post_tag","embeddable":true,"href":"https:\/\/www.ocdmx.org\/index.php?rest_route=%2Fwp%2Fv2%2Ftags&post=3962"}],"curies":[{"name":"wp","href":"https:\/\/api.w.org\/{rel}","templated":true}]}}