{"id":3966,"date":"2021-03-26T00:49:04","date_gmt":"2021-03-26T06:49:04","guid":{"rendered":"https:\/\/www.ocdmx.org\/?p=3966"},"modified":"2021-03-08T12:54:59","modified_gmt":"2021-03-08T18:54:59","slug":"lectio-vie-26-mzo-2021","status":"publish","type":"post","link":"https:\/\/www.ocdmx.org\/?p=3966","title":{"rendered":"Lectio, vie, 26 mzo., 2021"},"content":{"rendered":"\n<p><em>Tiempo de Cuaresma<\/em><\/p>\n\n\n\n<p><strong>Oraci\u00f3n inicial<\/strong><\/p>\n\n\n\n<p>Perdona las culpas de tu\npueblo, Se\u00f1or, y que tu amor y tu bondad nos libren del poder del pecado, al\nque nos ha sometido nuestra debilidad. Por nuestro Se\u00f1or.<\/p>\n\n\n\n<p><strong>Lectura<\/strong><\/p>\n\n\n\n<p>Del Evangelio seg\u00fan Juan\n10, 31-42<\/p>\n\n\n\n<p>Los jud\u00edos trajeron otra\nvez piedras para apedrearle. Jes\u00fas les dijo: \u00abMuchas obras buenas de parte del\nPadre os he mostrado. \u00bfPor cu\u00e1l de esas obras quer\u00e9is apedrearme?\u00bb Le\nrespondieron los jud\u00edos: \u00abNo queremos apedrearte por ninguna obra buena, sino\npor una blasfemia y porque t\u00fa, siendo hombre, te haces a ti mismo Dios.\u00bb Jes\u00fas\nles respondi\u00f3:<\/p>\n\n\n\n<p>\u00ab\u00bfNo est\u00e1 escrito en\nvuestra Ley: Yo he dicho: dioses sois? Si llama dioses a aquellos a quienes se\ndirigi\u00f3 la palabra de Dios -y no puede fallar la Escritura- a aquel a quien el\nPadre ha santificado y enviado al mundo, \u00bfc\u00f3mo le dec\u00eds que blasfema por haber\ndicho: `Yo soy Hijo de Dios&#8217;?<\/p>\n\n\n\n<p>Si no hago las obras de\nmi Padre, no me cre\u00e1is; pero si las hago, aunque a m\u00ed no me cre\u00e1is, creed por las\nobras, y as\u00ed sabr\u00e9is y conocer\u00e9is que el Padre est\u00e1 en m\u00ed y yo en el Padre.\u00bb<\/p>\n\n\n\n<p>Quer\u00edan de nuevo\nprenderle, pero se les escap\u00f3 de las manos.<\/p>\n\n\n\n<p>Se march\u00f3 de nuevo al\notro lado del Jord\u00e1n, al lugar donde Juan hab\u00eda estado antes bautizando, y se\nqued\u00f3 all\u00ed. Muchos fueron a \u00e9l y dec\u00edan: \u00abJuan no realiz\u00f3 ning\u00fan signo, pero\ntodo lo que dijo Juan de \u00e9ste, era verdad.\u00bb Y muchos all\u00ed creyeron en \u00e9l.<\/p>\n\n\n\n<p>Reflexi\u00f3n<\/p>\n\n\n\n<p>Estamos cerca de la\nSemana Santa, en la que conmemoramos y actualizamos la Pasi\u00f3n, la Muerte y la\nResurrecci\u00f3n de Jes\u00fas. Desde la cuarta semana de cuaresma, los textos\ncotidianos de los evangelios est\u00e1n sacados casi exclusivamente del Evangelio de\nJuan, dos cap\u00edtulos que acent\u00faan la tensi\u00f3n dram\u00e1tica entre, de un lado la\nrevelaci\u00f3n progresiva que Jes\u00fas hace del misterio del Padre que lo llena\ntotalmente y, por otro, la cerraz\u00f3n progresiva de parte de los jud\u00edos que se\nvuelven cada vez m\u00e1s impenetrables al mensaje de Jes\u00fas. Lo tr\u00e1gico de esta\ncerraz\u00f3n es que se hace en nombre de la fidelidad a Dios. Rechazan a Jes\u00fas en\nnombre de Dios.<\/p>\n\n\n\n<p>Esta manera que Juan tiene de presentar el conflicto entre Jes\u00fas y las autoridades religiosas no es s\u00f3lo algo que aconteci\u00f3 en el pasado. Es un espejo de lo que acontece hoy. Algunas personas se transforman en bombas vivas y matan a los otros en nombre de Jes\u00fas. en nombre de Jes\u00fas, nosotros los miembros de las tres religiones del Dios de Abrah\u00e1n, jud\u00edos, cristianos y musulmanes, nos condenamos y nos enfrentamos mutuamente, a lo largo de la historia. Es tan dif\u00edcil y tan necesario el ecumenismo entre nosotros. En nombre de Dios se hicieron muchas barbaridades y se siguen haciendo hasta hoy. La cuaresma es un tiempo importante para pararse y preguntarse cu\u00e1l es la imagen de Dios que habita en mi ser.<\/p>\n\n\n\n<p>Juan 10, 31-33: Los\njud\u00edos quieren apedrear a Jes\u00fas. Los jud\u00edos buscan piedras para matar a Jes\u00fas.\nJes\u00fas pregunta: \u201cMuchas obras buenas de parte del Padre os he mostrado. \u00bfPor\ncu\u00e1l de esas obras quer\u00e9is apedrearme?\u201d La respuesta: \u00abNo queremos\napedrearte por ninguna obra buena, sino por una blasfemia y porque t\u00fa, siendo\nhombre, te haces a ti mismo Dios.\u201d Quieren matar a Jes\u00fas por blasfemia. La ley\nmandaba apedrear a tales personas.<\/p>\n\n\n\n<p>Juan 10, 34-36: La Biblia\nllama a todos Hijos de Dios. Quieren matar a Jes\u00fas porque se hace pasar por ser\nDios. Jes\u00fas responde en nombre de la Ley misma de Dios: \u00ab\u00bfNo est\u00e1 escrito\nen vuestra Ley: Yo he dicho: dioses sois? Si llama dioses a aquellos a quienes\nse dirigi\u00f3 la palabra de Dios -y no puede fallar la Escritura- a aquel a quien\nel Padre ha santificado y enviado al mundo, \u00bfc\u00f3mo le dec\u00eds que blasfema por\nhaber dicho: `Yo soy Hijo de Dios\u201d?<\/p>\n\n\n\n<p>Es extra\u00f1o el que Jes\u00fas diga \u201cvuestra ley\u201d. Tendr\u00eda que decir \u201cnuestra ley\u201d. \u00bfPor qu\u00e9 habla as\u00ed? Aqu\u00ed trasparece de nuevo la ruptura tr\u00e1gica entre Jud\u00edos y Cristianos, dos hermanos, hijos del mismo padre Abrah\u00e1n, que se vuelven enemigos irreducibles hasta el punto que los cristianos dicen \u201cvuestra ley\u201d, como si no fuera nuestra ley. Juan 10, 37-38: Y menos creen en las obras que hago. Jes\u00fas vuelve a hablar de las obras que hace y que son revelaci\u00f3n del Padre. Si no hago las obras del Padre no me cre\u00e1is. Pero si las hago, aunque a m\u00ed no me cre\u00e1is, creed por las obras, y as\u00ed sabr\u00e9is y conocer\u00e9is que el Padre est\u00e1 en m\u00ed y yo en el Padre. Las mismas palabras que Jes\u00fas pronunciar\u00e1 para los disc\u00edpulos en la \u00faltima Cena (Jn 14,10-11).<\/p>\n\n\n\n<p>Juan 10, 39-42: Quieren\nde nuevo matarle, pero \u00e9l se escapa de sus manos. No hay ninguna se\u00f1al de\nconversi\u00f3n. Siguen acusando a Jes\u00fas de blasfemia e insisten en quererle matar.\nNo hay futuro para Jes\u00fas. Su muerte est\u00e1 decretada, pero su hora no ha llegado\ntodav\u00eda. Jes\u00fas sale y atraviesa el Jord\u00e1n para el lugar donde Juan hab\u00eda sido\nbautizado. As\u00ed muestra continuidad en su misi\u00f3n con la misi\u00f3n de Juan. Ayudaba\na la gente a percibir la l\u00ednea de Dios en la historia. La gente reconoce en\nJes\u00fas a aquel que Jes\u00fas hab\u00eda anunciado.<\/p>\n\n\n\n<p><strong>Para la reflexi\u00f3n personal<\/strong><\/p>\n\n\n\n<p>Los jud\u00edos condenan a\nJes\u00fas en nombre de Dios, en nombre de la imagen que tienen de Dios. \u00bfCondeno a\nalguien en nombre de Dios y despu\u00e9s descubro que estoy equivocado?. Jes\u00fas se\ndice a si mismo \u201cHijo de Dios\u201d. Cuando yo profeso en el Credo que Jes\u00fas es el\nHijo de Dios, \u00bfqu\u00e9 contenido le doy en mi profesi\u00f3n de fe?<\/p>\n\n\n\n<p><strong>Oraci\u00f3n final<\/strong><\/p>\n\n\n\n<p>Yo te amo, Se\u00f1or; t\u00fa eres\nmi fortaleza; Se\u00f1or, mi roca, mi alc\u00e1zar, mi libertador. Dios m\u00edo, pe\u00f1a m\u00eda,\nrefugio m\u00edo, escudo m\u00edo, mi fuerza salvadora, mi baluarte. (Sal 17)<\/p>\n\n\n\n<p style=\"text-align:center\">Todos los\nderechos: www.ocarm.org<\/p>\n","protected":false},"excerpt":{"rendered":"<p>Tiempo de Cuaresma Oraci\u00f3n inicial Perdona las culpas de tu pueblo, Se\u00f1or, y que tu amor y tu bondad nos libren del poder del pecado, al que nos ha sometido nuestra debilidad. Por nuestro Se\u00f1or. Lectura Del Evangelio seg\u00fan Juan &hellip; <a href=\"https:\/\/www.ocdmx.org\/?p=3966\">Sigue leyendo <span class=\"meta-nav\">&rarr;<\/span><\/a><\/p>\n","protected":false},"author":1,"featured_media":0,"comment_status":"closed","ping_status":"closed","sticky":false,"template":"","format":"standard","meta":{"_jetpack_newsletter_access":""},"categories":[17],"tags":[],"jetpack_featured_media_url":"","jetpack_shortlink":"https:\/\/wp.me\/p2dsrC-11Y","jetpack_sharing_enabled":true,"_links":{"self":[{"href":"https:\/\/www.ocdmx.org\/index.php?rest_route=\/wp\/v2\/posts\/3966"}],"collection":[{"href":"https:\/\/www.ocdmx.org\/index.php?rest_route=\/wp\/v2\/posts"}],"about":[{"href":"https:\/\/www.ocdmx.org\/index.php?rest_route=\/wp\/v2\/types\/post"}],"author":[{"embeddable":true,"href":"https:\/\/www.ocdmx.org\/index.php?rest_route=\/wp\/v2\/users\/1"}],"replies":[{"embeddable":true,"href":"https:\/\/www.ocdmx.org\/index.php?rest_route=%2Fwp%2Fv2%2Fcomments&post=3966"}],"version-history":[{"count":1,"href":"https:\/\/www.ocdmx.org\/index.php?rest_route=\/wp\/v2\/posts\/3966\/revisions"}],"predecessor-version":[{"id":3967,"href":"https:\/\/www.ocdmx.org\/index.php?rest_route=\/wp\/v2\/posts\/3966\/revisions\/3967"}],"wp:attachment":[{"href":"https:\/\/www.ocdmx.org\/index.php?rest_route=%2Fwp%2Fv2%2Fmedia&parent=3966"}],"wp:term":[{"taxonomy":"category","embeddable":true,"href":"https:\/\/www.ocdmx.org\/index.php?rest_route=%2Fwp%2Fv2%2Fcategories&post=3966"},{"taxonomy":"post_tag","embeddable":true,"href":"https:\/\/www.ocdmx.org\/index.php?rest_route=%2Fwp%2Fv2%2Ftags&post=3966"}],"curies":[{"name":"wp","href":"https:\/\/api.w.org\/{rel}","templated":true}]}}