{"id":3974,"date":"2021-03-30T00:06:10","date_gmt":"2021-03-30T06:06:10","guid":{"rendered":"https:\/\/www.ocdmx.org\/?p=3974"},"modified":"2021-03-08T13:08:05","modified_gmt":"2021-03-08T19:08:05","slug":"lectio-mar-30-mzo-2021","status":"publish","type":"post","link":"https:\/\/www.ocdmx.org\/?p=3974","title":{"rendered":"Lectio, mar, 30 mzo., 2021"},"content":{"rendered":"\n<p><em>Semana Santa<\/em><\/p>\n\n\n\n<p><strong>Oraci\u00f3n inicial<\/strong><\/p>\n\n\n\n<p>Dios todopoderoso y\neterno, conc\u00e9denos participar tan vivamente en las celebraciones de la pasi\u00f3n\ndel Se\u00f1or, que alcancemos tu perd\u00f3n. Por nuestro Se\u00f1or.<\/p>\n\n\n\n<p><strong>Lectura<\/strong><\/p>\n\n\n\n<p>Del Evangelio seg\u00fan Juan\n13, 21-33. 36-38<\/p>\n\n\n\n<p>Cuando dijo estas\npalabras, Jes\u00fas se turb\u00f3 en su interior y declar\u00f3: \u00abEn verdad, en verdad os\ndigo que uno de vosotros me entregar\u00e1.\u00bb Los disc\u00edpulos se miraban unos a otros,\nsin saber de qui\u00e9n hablaba. Uno de sus disc\u00edpulos, el que Jes\u00fas amaba, estaba a\nla mesa al lado de Jes\u00fas. Sim\u00f3n Pedro le hace una se\u00f1a y le dice:<\/p>\n\n\n\n<p>\u00abPreg\u00fantale de qui\u00e9n est\u00e1\nhablando.\u00bb \u00c9l, recost\u00e1ndose sobre el pecho de Jes\u00fas, le dice: \u00abSe\u00f1or, \u00bfqui\u00e9n\nes?\u00bb Le responde Jes\u00fas: \u00abEs aquel a quien d\u00e9 el bocado que voy a mojar.\u00bb Y,\nmojando el bocado, lo toma y se lo da a Judas, hijo de Sim\u00f3n Iscariote. Y\nentonces, tras el bocado, entr\u00f3 en \u00e9l Satan\u00e1s. Jes\u00fas le dice:<\/p>\n\n\n\n<p>\u00abLo que vas a hacer,\nhazlo pronto.\u00bb Pero ninguno de los comensales entendi\u00f3 por qu\u00e9 se lo dec\u00eda.\nComo Judas ten\u00eda la bolsa, algunos pensaban que Jes\u00fas quer\u00eda decirle: \u00abCompra\nlo que nos hace falta para la fiesta\u00bb, o que diera algo a los pobres. En cuanto\ntom\u00f3 Judas el bocado, sali\u00f3. Era de noche. Cuando sali\u00f3, dice Jes\u00fas: \u00abAhora ha\nsido glorificado el Hijo del hombre y Dios ha sido glorificado en \u00e9l. Si Dios\nha sido glorificado en \u00e9l, Dios tambi\u00e9n le glorificar\u00e1 en s\u00ed mismo y le\nglorificar\u00e1 pronto. \u00abHijos m\u00edos, ya poco tiempo voy a estar con vosotros.\nVosotros me buscar\u00e9is, y, lo mismo que les dije a los jud\u00edos, que adonde yo\nvoy, vosotros no pod\u00e9is venir, os digo tambi\u00e9n ahora a vosotros. Sim\u00f3n Pedro le\ndice: \u00abSe\u00f1or, \u00bfa d\u00f3nde vas?\u00bb Jes\u00fas le respondi\u00f3: \u00abAdonde yo voy no puedes\nseguirme ahora; me seguir\u00e1s m\u00e1s tarde.\u00bb Pedro le dice: \u00ab\u00bfPor qu\u00e9 no puedo\nseguirte ahora? Yo dar\u00e9 mi vida por ti.\u00bb Le responde Jes\u00fas: \u00ab\u00bfQue dar\u00e1s tu vida\npor m\u00ed? En verdad, en verdad te digo: no cantar\u00e1 el gallo antes que t\u00fa me hayas\nnegado tres veces.\u00bb<\/p>\n\n\n\n<p><strong>Reflexi\u00f3n<\/strong><\/p>\n\n\n\n<p>Estamos en el segundo d\u00eda\nde la Semana Santa. Los textos del evangelio de estos d\u00edas nos confrontan con\nlos hechos terribles que llevar\u00e1n a la detenci\u00f3n y a la condena de Jes\u00fas. Los\ntextos nos traen s\u00f3lo las decisiones de las autoridades religiosas y civiles\ncontra Jes\u00fas, pero no nos relatan las traiciones y negaciones de los disc\u00edpulos\nque posibilitaron la detenci\u00f3n de Jes\u00fas por parte de las autoridades y\ncontribuyeron enormemente a aumentar el sufrimiento de Jes\u00fas.<\/p>\n\n\n\n<p>Juan 13, 21: El anuncio\nde la traici\u00f3n. Despu\u00e9s de haber lavado los pies de los disc\u00edpulos (Jn 13,2-11)\ny de haber hablado de la obligaci\u00f3n que tenemos de lavarnos los pies unos a\notros (Jn 13,12-16), Jes\u00fas se conmueve profundamente. Y no era para menos.\nMientras \u00e9l estaba haciendo aquel gesto de total entrega de s\u00ed mismo, a su lado\nun disc\u00edpulo estaba tramando c\u00f3mo traicionarlo en aquella misma noche. Jes\u00fas\nexpresa su conmoci\u00f3n y dice: \u201cEn verdad os digo: uno de vosotros me entregar\u00e1\u201d\nNo dice: \u201cJudas me entregar\u00e1\u201d, sino \u201cuno de vosotros\u201d. Alguien del c\u00edrculo de\namistad ser\u00e1 el traidor.<\/p>\n\n\n\n<p>Juan 13, 22-25: La\nreacci\u00f3n de los disc\u00edpulos. Los disc\u00edpulos se asustan. No esperaban esta\ndeclaraci\u00f3n tan seria de que uno de ellos les iba a traicionar. Pedro hace una\nse\u00f1al a Juan y pregunta a Jes\u00fas qui\u00e9n de los doce iba a cometer la traici\u00f3n.\nSe\u00f1al de que no entend\u00edan qui\u00e9n pod\u00eda ser el traidor. O sea se\u00f1al de que la\namistad entre ellos no hab\u00eda llegado todav\u00eda a la misma transparencia de Jes\u00fas\npara con ellos (cf. Jn 15,15). Juan se inclina cerca de Jes\u00fas y pregunta:\n\u201c\u00bfQui\u00e9n es?\u201d<\/p>\n\n\n\n<p>Juan 13, 26-30: Jes\u00fas\nindica Judas. Jes\u00fas dice: \u201cEs aquel a quien d\u00e9 el bocado que voy a mojar.\u201d\nAquel a quien voy a dar un pedazo de pan mojado. Toma un pedazo de pan, lo moja\ny lo da a Judas. Era un gesto com\u00fan y normal que los participantes en una cena\nacostumbraban tener entre ellos. Y Jes\u00fas dice a Judas: \u201c\u00a1Lo que vas a hacer,\nhazlo pronto!\u201d Judas ten\u00eda una bolsa com\u00fan. Era el encargado de comprar las\ncosas y de dar limosna a los pobres. Por eso, nadie percibi\u00f3 nada de especial\nen el gesto y en la palabra de Jes\u00fas. En esta descripci\u00f3n del anuncio de la\ntraici\u00f3n \u00e9sta es una evocaci\u00f3n del salmo en el que el salmista se queja del\namigo que lo traicion\u00f3: \u201cHasta mi amigo seguro, en el que yo confiaba, que mi\npan compart\u00eda, me trata con desprecio\u201d (Sal 41,10; cf. Sal 55,13-15). Judas\npercibe que Jes\u00fas estaba enterado de todo (Cf. Jn 13,18). Sin embargo, no\nvuelve atr\u00e1s, y se mantiene en la decisi\u00f3n de traicionar a Jes\u00fas. Es ahora\ncuando ocurre la separaci\u00f3n entre Judas y Jes\u00fas. Juan dice que Satan\u00e1s entr\u00f3 en\n\u00e9l. Judas se levant\u00f3 y se fue. Se puso al lado del adversario (satan\u00e1s). Juan\ncomenta: \u201cEra de noche\u201d. Era la oscuridad.<\/p>\n\n\n\n<p>Juan 13, 31-33: Comienza\nla glorificaci\u00f3n de Jes\u00fas. Es como si la historia hubiese esperado este momento\nde separaci\u00f3n entre la luz y las tinieblas. Satan\u00e1s (el adversario) y las\ntinieblas entran en Judas cuando decide de ejecutar aquel que est\u00e1 tramando. En\neste mismo instante se hace la luz en Jes\u00fas que declara: \u201cAhora ha sido\nglorificado el Hijo del hombre y Dios ha sido glorificado en \u00e9l. \u00a1Si Dios ha\nsido glorificado en \u00e9l, Dios tambi\u00e9n le glorificar\u00e1 en s\u00ed mismo y le\nglorificar\u00e1 pronto!\u201d Lo que va a acontecer de aqu\u00ed en adelante es contagio regresivo.\nLas grandes decisiones fueron ya tomadas, tanto de parte de Jes\u00fas (Jn 12,27-28)\ncomo de parte de Judas, ahora. Los hechos se precipitan. Y Jes\u00fas avisa: \u201cHijos\nm\u00edos, ya poco tiempo voy a estar con vosotros\u201d. Falta poco para que se realice\nel paso, la Pascua.<\/p>\n\n\n\n<p>Juan 13, 34-35: El\nmandamiento nuevo. El evangelio de hoy omite estos dos versos sobre el\nmandamiento nuevo del amor y pasa a hablar del anuncio de la negaci\u00f3n de Pedro.<\/p>\n\n\n\n<p>Juan 13, 36-38: Anuncio\nde la negaci\u00f3n de Pedro. Junto con la traici\u00f3n de Judas, el evangelio trae\ntambi\u00e9n la negaci\u00f3n de Pedro. Son los dos hechos que har\u00e1n m\u00e1s sufrir a Jes\u00fas.\nPedro dice que est\u00e1 dispuesto a dar la vida por Jes\u00fas. Jes\u00fas le llama a la\nrealidad: \u201c\u00bfQue dar\u00e1s tu vida por m\u00ed? En verdad, en verdad te digo: no cantar\u00e1\nel gallo antes que t\u00fa me hayas negado tres veces\u201d (Mc 14,30). Todo el mundo\nsabe que el canto del gallo es r\u00e1pido. Cuando pronto por la ma\u00f1ana el gallo\nempieza a cantar, casi al mismo tiempo todos los dem\u00e1s gallos cantan. Pedro es\nm\u00e1s r\u00e1pido en la negaci\u00f3n que el canto del gallo.<\/p>\n\n\n\n<p><strong>Para la reflexi\u00f3n personal<\/strong><\/p>\n\n\n\n<p>Judas, amigo, se vuelve\ntraidor. Pedro, amigo, se vuelve negador. \u00bfY yo?. Coloc\u00e1ndome en la situaci\u00f3n\nde Jes\u00fas: \u00bfc\u00f3mo se enfrenta a la negaci\u00f3n y a la traici\u00f3n, al desprecio y a la\nexclusi\u00f3n?<\/p>\n\n\n\n<p><strong>Oraci\u00f3n final<\/strong><\/p>\n\n\n\n<p>Porque t\u00fa, Dios m\u00edo,\nfuiste mi esperanza y mi confianza, Se\u00f1or, desde mi juventud. En el vientre\nmaterno ya me apoyaba en ti, en el seno t\u00fa me sosten\u00edas. (Sal 70)<\/p>\n\n\n\n<p style=\"text-align:center\">Todos los\nderechos: www.ocarm.org<\/p>\n","protected":false},"excerpt":{"rendered":"<p>Semana Santa Oraci\u00f3n inicial Dios todopoderoso y eterno, conc\u00e9denos participar tan vivamente en las celebraciones de la pasi\u00f3n del Se\u00f1or, que alcancemos tu perd\u00f3n. Por nuestro Se\u00f1or. Lectura Del Evangelio seg\u00fan Juan 13, 21-33. 36-38 Cuando dijo estas palabras, Jes\u00fas &hellip; <a href=\"https:\/\/www.ocdmx.org\/?p=3974\">Sigue leyendo <span class=\"meta-nav\">&rarr;<\/span><\/a><\/p>\n","protected":false},"author":1,"featured_media":0,"comment_status":"closed","ping_status":"closed","sticky":false,"template":"","format":"standard","meta":{"_jetpack_newsletter_access":""},"categories":[17],"tags":[],"jetpack_featured_media_url":"","jetpack_shortlink":"https:\/\/wp.me\/p2dsrC-126","jetpack_sharing_enabled":true,"_links":{"self":[{"href":"https:\/\/www.ocdmx.org\/index.php?rest_route=\/wp\/v2\/posts\/3974"}],"collection":[{"href":"https:\/\/www.ocdmx.org\/index.php?rest_route=\/wp\/v2\/posts"}],"about":[{"href":"https:\/\/www.ocdmx.org\/index.php?rest_route=\/wp\/v2\/types\/post"}],"author":[{"embeddable":true,"href":"https:\/\/www.ocdmx.org\/index.php?rest_route=\/wp\/v2\/users\/1"}],"replies":[{"embeddable":true,"href":"https:\/\/www.ocdmx.org\/index.php?rest_route=%2Fwp%2Fv2%2Fcomments&post=3974"}],"version-history":[{"count":1,"href":"https:\/\/www.ocdmx.org\/index.php?rest_route=\/wp\/v2\/posts\/3974\/revisions"}],"predecessor-version":[{"id":3975,"href":"https:\/\/www.ocdmx.org\/index.php?rest_route=\/wp\/v2\/posts\/3974\/revisions\/3975"}],"wp:attachment":[{"href":"https:\/\/www.ocdmx.org\/index.php?rest_route=%2Fwp%2Fv2%2Fmedia&parent=3974"}],"wp:term":[{"taxonomy":"category","embeddable":true,"href":"https:\/\/www.ocdmx.org\/index.php?rest_route=%2Fwp%2Fv2%2Fcategories&post=3974"},{"taxonomy":"post_tag","embeddable":true,"href":"https:\/\/www.ocdmx.org\/index.php?rest_route=%2Fwp%2Fv2%2Ftags&post=3974"}],"curies":[{"name":"wp","href":"https:\/\/api.w.org\/{rel}","templated":true}]}}