{"id":3984,"date":"2021-04-08T00:43:20","date_gmt":"2021-04-08T06:43:20","guid":{"rendered":"https:\/\/www.ocdmx.org\/?p=3984"},"modified":"2021-04-05T15:46:02","modified_gmt":"2021-04-05T21:46:02","slug":"lectio-divina-jue-8-abr-21","status":"publish","type":"post","link":"https:\/\/www.ocdmx.org\/?p=3984","title":{"rendered":"Lectio divina jue, 8 abr 21"},"content":{"rendered":"\n<p><em>Tiempo de Pascua<\/em><\/p>\n\n\n\n<h2>Oraci\u00f3n inicial<\/h2>\n\n\n\n<p>\u00a1Ho Dios!, que has reunido pueblos diversos en la confesi\u00f3n de tu nombre;\nconcede a los que han renacido en la fuente bautismal una misma fe en su\nesp\u00edritu y una misma caridad en su vida. Por nuestro Se\u00f1or.<\/p>\n\n\n\n<h2>Lectura<\/h2>\n\n\n\n<h4>Del Evangelio seg\u00fan Lucas 24,\n35-48<\/h4>\n\n\n\n<p>Ellos, por su parte, contaron lo que hab\u00eda pasado en el camino y c\u00f3mo le hab\u00edan conocido al partir el pan. Estaban hablando de estas cosas, cuando \u00e9l se present\u00f3 en medio de ellos y les dijo: \u00abLa paz con vosotros.\u00bb Sobresaltados y asustados, cre\u00edan ver un esp\u00edritu. Pero \u00e9l les dijo: \u00ab\u00bfPor qu\u00e9 os turb\u00e1is? \u00bfPor qu\u00e9 se suscitan dudas en vuestro coraz\u00f3n? Mirad mis manos y mis pies; soy yo mismo. Palpadme y ved, porque un esp\u00edritu no tiene carne y huesos como veis que yo tengo.\u00bb Y, diciendo esto, les mostr\u00f3 las manos y los pies. Como no acababan de cre\u00e9rselo a causa de la alegr\u00eda y estaban asombrados, les dijo: \u00ab\u00bfTen\u00e9is aqu\u00ed algo de comer?\u00bb Ellos le ofrecieron un trozo de pescado. Lo tom\u00f3 y comi\u00f3 delante de ellos. Despu\u00e9s les dijo: \u00ab\u00c9stas son aquellas palabras m\u00edas que os dije cuando todav\u00eda estaba con vosotros: Es necesario que se cumpla todo lo que est\u00e1 escrito en la Ley de Mois\u00e9s, en los Profetas y en los Salmos acerca de m\u00ed.\u00bb Y, entonces, abri\u00f3 sus inteligencias para que comprendieran las Escrituras y les dijo: \u00abAs\u00ed est\u00e1 escrito: que el Cristo deb\u00eda padecer y resucitar de entre los muertos al tercer d\u00eda y que se predicar\u00eda en su nombre la conversi\u00f3n para perd\u00f3n de los pecados a todas las naciones, empezando desde Jerusal\u00e9n. Vosotros sois testigos de estas cosas.<\/p>\n\n\n\n<h2>Reflexi\u00f3n<\/h2>\n\n\n\n<p>En estos d\u00edas despu\u00e9s de Pascua, los textos del evangelio relatan las\napariciones de Jes\u00fas. Al comienzo, en los primeros a\u00f1os despu\u00e9s de la muerte y\nresurrecci\u00f3n de Jes\u00fas, los cristianos se preocuparon de defender la\nresurrecci\u00f3n por medio de las apariciones. Ellos mismos, la comunidad viva, era\nla gran aparici\u00f3n de Jes\u00fas resucitado. Pero en la medida en que iban creciendo\nlas cr\u00edticas de los enemigos contra la fe en la resurrecci\u00f3n y que, internamente,\nsurg\u00edan cr\u00edticas y deudas al respecto de varias funciones en las comunidades\n(cf. 1Cor 1, 12), ellos comenzar\u00e1n a recordar las apariciones de Jes\u00fas. Hay dos\ntipos de apariciones:<\/p>\n\n\n\n<ul><li>(a) las que acent\u00faan dudas y\nresistencias de los disc\u00edpulos en creer en la resurrecci\u00f3n.<\/li><li>(b) las que llaman la atenci\u00f3n\nsobre las \u00f3rdenes de Jes\u00fas a los disc\u00edpulos y las disc\u00edpulas confiri\u00e9ndoles\nalguna misi\u00f3n.<\/li><\/ul>\n\n\n\n<p>Las primeras responden a las cr\u00edticas venidas de fuera. Ellas muestran que\nlos cristianos no son personas ingenuas y cr\u00e9dulas que aceptan cualquier cosa.\nPor el contrario. Ellos mismos tuvieron muchas deudas en creer en la\nresurrecci\u00f3n. Las otras responden a las cr\u00edticas de dentro y fundamentan las\nfunciones y tareas comunitarias no en las cualidades humanas siempre\ndiscutibles, pero s\u00ed en la autoridad y en las \u00f3rdenes recibidas de Jes\u00fas\nresucitado. La aparici\u00f3n de Jes\u00fas narrada en el evangelio de hoy combina los\ndos aspectos: las deudas de los disc\u00edpulos y la misi\u00f3n de anunciar y perdonar\nrecibida de Jes\u00fas.<\/p>\n\n\n\n<p>Lucas dice que por causa de tanta alegr\u00eda ellos no pod\u00edan\ncreer. Jes\u00fas pide que le den algo para comer. Ellos le dieron un pedazo de\npescado y \u00e9l comi\u00f3 delante de ellos, para ayudarlos a superar la deuda.<\/p>\n\n\n\n<ul><li>Lucas 24, 35: El resumen de Ema\u00fas. De retorno a Jerusal\u00e9n, los dos disc\u00edpulos encontraron a la comunidad reunida y comunican la experiencia que tuvieron. Narran lo que aconteci\u00f3 por el camino y c\u00f3mo reconocieron a Jes\u00fas en la fracci\u00f3n del pan. La comunidad reunida les comunica, a su vez, c\u00f3mo Jes\u00fas apareci\u00f3 a Pedro. Fue un compartir mutuo de la experiencia de resurrecci\u00f3n, como hasta hoy acontece cuando las comunidades se re\u00fanen para compartir y celebrar su fe, su esperanza y su amor.<\/li><li>Lucas 24, 36-37: La aparici\u00f3n de Jes\u00fas causa espanto en los disc\u00edpulos. En este momento, Jes\u00fas se hace presente en medio de ellos y dice: \u201c\u00a1La Paz est\u00e9 con vosotros!\u201d Es el saludo m\u00e1s frecuente de Jes\u00fas: \u201c\u00a1La Paz est\u00e9 con vosotros!\u201d (Jn 14, 27; 16, 33; 20, 19. 21. 26). Pero los disc\u00edpulos, viendo a Jes\u00fas, quedan con miedo. Ellos se espantan y no reconocen a Jes\u00fas. Delante de ellos est\u00e1 el Jes\u00fas real, pero ellos se imaginan que est\u00e1n viendo un esp\u00edritu, un fantasma. Hay un desencuentro entre Jes\u00fas de Nazaret y Jes\u00fas resucitado. No consiguen creer.<\/li><li>Lucas 24, 38- 40: Jes\u00fas los ayuda a superar el miedo y la incredulidad. Jes\u00fas hace dos cosas para ayudar a los disc\u00edpulos a superar el espanto y la incredulidad. Les muestra las manos y los pies, diciendo: \u201c\u00a1Soy yo!\u201d, y manda palpar el cuerpo, diciendo: \u201cPorque un esp\u00edritu no tiene carne y huesos como veis que yo tengo.\u201d Jes\u00fas muestra las manos y los pies, porque en ellos est\u00e1n las marcas de los clavos (cf. Jn 20, 25-27). Cristo resucitado es Jes\u00fas de Nazaret, el mismo que fue muerto en la Cruz, y no un Cristo fantasma como imaginaban los disc\u00edpulos vi\u00e9ndolo. El mand\u00f3 palpar el cuerpo, porque la resurrecci\u00f3n es resurrecci\u00f3n de la persona toda, cuerpo y alma. La resurrecci\u00f3n no tiene nada que ver con la teor\u00eda de inmortalidad del alma, ense\u00f1ada por los griegos.<\/li><li>Lucas 24, 41-43: Otro gesto para ayudarlos a superar la incredulidad. Pero no basta.<\/li><\/ul>\n\n\n\n<ul><li>Lucas 24, 44-47: Una llave de lectura para comprender el sentido nuevo de la Escritura. Una de las mayores dificultades de los primeros cristianos fue aceptar a un crucificado como siendo el mes\u00edas prometido, pues la ley misma ense\u00f1aba que una persona crucificada era \u201cun maldito de Dios\u201d (Dt 21, 22-23). Por eso, era importante saber que la Escritura hab\u00eda anunciado ya \u201cque el Cristo deb\u00eda padecer y resucitar de entre los muertos al tercer d\u00eda y que se predicar\u00eda en su nombre la conversi\u00f3n para perd\u00f3n de los pecados a todas las naciones\u201d. Jes\u00fas les mostr\u00f3 que esto ya estaba escrito en la Ley de Mois\u00e9s, en los profetas y en los Salmos. Jes\u00fas resucitado, vivo en medio de ellos, se vuelve la llave para abrir el sentido total de la Sagrada Escritura.<\/li><\/ul>\n\n\n\n<ul><li>Lucas 24, 48: Ustedes son\ntestigos de esto. En esta orden final est\u00e1 la misi\u00f3n de las comunidades\ncristianas: ser testigos de la resurrecci\u00f3n, para que quede manifiesto el amor\nde Dios que nos acoge y nos perdona, y querer que vivamos en comunidad como\nhijos e hijas suyos, hermanos y hermanas unos de otros.<\/li><\/ul>\n\n\n\n<h2>Para la reflexi\u00f3n\npersonal<\/h2>\n\n\n\n<ul><li>A veces, la incredulidad y la duda se anidan en el coraz\u00f3n y procuran enflaquecer la certeza que la fe nos da ante la presencia de Dios en nuestra vida. \u00bfHas vivido esto alguna vez?<\/li><li>\u00bfC\u00f3mo lo has superado?<\/li><li>Ser testigos del amor de Dios revelado en Jes\u00fas es nuestra misi\u00f3n, es mi misi\u00f3n. <\/li><li>\u00bfLo soy?<\/li><\/ul>\n\n\n\n<h2>Oraci\u00f3n final<\/h2>\n\n\n\n<p>\u00a1Se\u00f1or, due\u00f1o nuestro, \u00bfqu\u00e9 es el hombre, para que te acuerdes de \u00e9l, el\nser humano, para darle poder? (Sal 8)<\/p>\n\n\n\n<p style=\"text-align:center\">Todos los\nderechos: www.ocarm.org<\/p>\n","protected":false},"excerpt":{"rendered":"<p>Tiempo de Pascua Oraci\u00f3n inicial \u00a1Ho Dios!, que has reunido pueblos diversos en la confesi\u00f3n de tu nombre; concede a los que han renacido en la fuente bautismal una misma fe en su esp\u00edritu y una misma caridad en su &hellip; <a href=\"https:\/\/www.ocdmx.org\/?p=3984\">Sigue leyendo <span class=\"meta-nav\">&rarr;<\/span><\/a><\/p>\n","protected":false},"author":1,"featured_media":0,"comment_status":"closed","ping_status":"closed","sticky":false,"template":"","format":"standard","meta":{"_jetpack_newsletter_access":""},"categories":[17],"tags":[],"jetpack_featured_media_url":"","jetpack_shortlink":"https:\/\/wp.me\/p2dsrC-12g","jetpack_sharing_enabled":true,"_links":{"self":[{"href":"https:\/\/www.ocdmx.org\/index.php?rest_route=\/wp\/v2\/posts\/3984"}],"collection":[{"href":"https:\/\/www.ocdmx.org\/index.php?rest_route=\/wp\/v2\/posts"}],"about":[{"href":"https:\/\/www.ocdmx.org\/index.php?rest_route=\/wp\/v2\/types\/post"}],"author":[{"embeddable":true,"href":"https:\/\/www.ocdmx.org\/index.php?rest_route=\/wp\/v2\/users\/1"}],"replies":[{"embeddable":true,"href":"https:\/\/www.ocdmx.org\/index.php?rest_route=%2Fwp%2Fv2%2Fcomments&post=3984"}],"version-history":[{"count":1,"href":"https:\/\/www.ocdmx.org\/index.php?rest_route=\/wp\/v2\/posts\/3984\/revisions"}],"predecessor-version":[{"id":3985,"href":"https:\/\/www.ocdmx.org\/index.php?rest_route=\/wp\/v2\/posts\/3984\/revisions\/3985"}],"wp:attachment":[{"href":"https:\/\/www.ocdmx.org\/index.php?rest_route=%2Fwp%2Fv2%2Fmedia&parent=3984"}],"wp:term":[{"taxonomy":"category","embeddable":true,"href":"https:\/\/www.ocdmx.org\/index.php?rest_route=%2Fwp%2Fv2%2Fcategories&post=3984"},{"taxonomy":"post_tag","embeddable":true,"href":"https:\/\/www.ocdmx.org\/index.php?rest_route=%2Fwp%2Fv2%2Ftags&post=3984"}],"curies":[{"name":"wp","href":"https:\/\/api.w.org\/{rel}","templated":true}]}}