{"id":3994,"date":"2021-04-13T00:27:10","date_gmt":"2021-04-13T06:27:10","guid":{"rendered":"https:\/\/www.ocdmx.org\/?p=3994"},"modified":"2021-04-06T09:30:17","modified_gmt":"2021-04-06T15:30:17","slug":"lectio-divina-mar-13-abr-21","status":"publish","type":"post","link":"https:\/\/www.ocdmx.org\/?p=3994","title":{"rendered":"Lectio divina mar, 13 abr 21"},"content":{"rendered":"\n<h1><em>Tiempo de Pascua<\/em><\/h1>\n\n\n\n<h2>Oraci\u00f3n inicial<\/h2>\n\n\n\n<p>Te pedimos, Se\u00f1or, que nos hagas capaces de anunciar la victoria de Cristo\nresucitado; y pues en ella nos has dado la prenda de los dones futuros, haz que\nun d\u00eda los poseamos en plenitud. Por nuestro Se\u00f1or.<\/p>\n\n\n\n<h2>Lectura \u2013 Juan 3: 7b-15<\/h2>\n\n\n\n<h4>Del Evangelio seg\u00fan san Juan 3,\n7b-15<\/h4>\n\n\n\n<p>\u00abTen\u00e9is que nacer de nuevo. El viento sopla donde quiere, y oyes su voz,\npero no sabes de d\u00f3nde viene ni a d\u00f3nde va. As\u00ed es todo el que nace del\nEsp\u00edritu.\u00bb Respondi\u00f3 Nicodemo: \u00ab\u00bfC\u00f3mo puede ser eso?\u00bb Jes\u00fas le respondi\u00f3: \u00abT\u00fa\neres maestro en Israel y \u00bfno sabes estas cosas? \u00abEn verdad, en verdad te digo:\nnosotros hablamos de lo que sabemos y damos testimonio de lo que hemos visto,\npero vosotros no acept\u00e1is nuestro testimonio.<\/p>\n\n\n\n<p>Si al deciros cosas de la tierra, no cre\u00e9is, \u00bfc\u00f3mo vais a creer si os digo\ncosas del cielo? Nadie ha subido al cielo sino el que baj\u00f3 del cielo, el Hijo\ndel hombre. Y como Mois\u00e9s elev\u00f3 la serpiente en el desierto, as\u00ed tiene que ser\nelevado el Hijo del hombre, para que todo el que crea tenga en \u00e9l la vida eterna,\npara que quede de manifiesto que sus obras est\u00e1n hechas seg\u00fan Dios.\u00bb<\/p>\n\n\n\n<h2>Reflexi\u00f3n<\/h2>\n\n\n\n<p>El evangelio de hoy nos trae la conversaci\u00f3n de Jes\u00fas con Nicodemo.\nNicodemo hab\u00eda o\u00eddo hablar de las cosas que Jes\u00fas hac\u00eda, se hab\u00eda quedado\nimpresionado y quer\u00eda hablar con Jes\u00fas para poder entender mejor. Pensaba saber\nlas cosas de Dios. Viv\u00eda con la libreta del pasado en la mano para ver si la\nnovedad que Jes\u00fas anunciaba era conforme con lo antiguo. En la conversaci\u00f3n,\nJes\u00fas dice a Nicodemo que la \u00fanica manera que \u00e9l, Nicodemo, tiene de entender\nlas cosas de Dios es \u00a1nacer de nuevo! Hay veces que somos como Nicodemo:\naceptamos solamente aquello que concuerda con nuestras viejas ideas. Otras\nveces, nos dejamos sorprender por los hechos y no tenemos miedo a decir: \u00ab\u00a1Nac\u00ed\nde nuevo!\u00bb<\/p>\n\n\n\n<p>Cuando los evangelistas recuerdan las palabras de Jes\u00fas, tienen bien\npresentes los problemas de las comunidades para quienes escriben. Las preguntas\nde Nicodemo a Jes\u00fas son un espejo de las preguntas de las comunidades de Asia\nMenor del final del siglo primero. Por esto, las respuestas de Jes\u00fas a Nicodemo\nson, al mismo tiempo, una respuesta para los problemas de aquellas comunidades.\nAs\u00ed los cristianos hac\u00edan la catequesis en aquel tiempo. Muy probablemente, el\nrelato de la conversaci\u00f3n entre Jes\u00fas y Nicodemo formaba parte de la catequesis\nbautismal, pues all\u00ed se dice que las personas han de renacer del agua y del\nesp\u00edritu (Jn 3, 6).<\/p>\n\n\n\n<ul><li>Juan 3, 7b-8: Nacer de lo alto,\nnacer de nuevo, nacer del Esp\u00edritu. En griego, la misma palabra significa de nuevo\ny de lo alto. Jes\u00fas hab\u00eda dicho: \u201cQuien no nace del agua y del Esp\u00edritu no\npuede entrar en el Reino de Dios\u201d (Jn 3, 5). Y a\u00f1adi\u00f3: \u00abLo que nace de la\ncarne es carne. Lo que nace del Esp\u00edritu es Esp\u00edritu\u00bb (Jn 3, 6). Aqu\u00ed,\ncarne significa aquello que nace solamente de nuestras ideas. Lo que nace de\nnosotros tiene nuestro tama\u00f1o. Nacer del Esp\u00edritu es \u00a1otra cosa! Y Jes\u00fas vuelve\na afirmar otra vez lo que hab\u00eda dicho antes: \u201cTen\u00e9is que nacer de lo alto (de\nnuevo)\u201d. O sea, deb\u00e9is renacer del Esp\u00edritu que viene de lo alto. Y explica que\nel Esp\u00edritu es como el viento. Tanto en hebraico como en griego, se usa la\nmisma palabra para decir esp\u00edritu y viento. Jes\u00fas dice: \u00abEl viento sopla\ndonde quiere, y oyes su voz, pero no sabes de d\u00f3nde viene ni a d\u00f3nde va. As\u00ed es\ntodo el que nace del Esp\u00edritu.\u201d El viento tiene, dentro de s\u00ed, un rumbo, una\ndirecci\u00f3n. Nosotros percibimos la direcci\u00f3n del viento, por ejemplo, el viento\ndel Norte o el viento del Sur, pero no conocemos ni controlamos la causa a\npartir de la cual el viento se mueve en una u otra direcci\u00f3n. As\u00ed es el\nEsp\u00edritu. \u00abNadie es se\u00f1o del Esp\u00edritu\u00bb (Ecl 8, 8). Lo que m\u00e1s\ncaracteriza el viento, el Esp\u00edritu, es la libertad. El viento, el Esp\u00edritu, es\nlibre, no puede ser controlado. Act\u00faa sobre los otros y nadie consigue actuar\nsobre \u00e9l. Su origen es misterio, su destino es misterio. El barquero tiene que descubrir,\nprimero, el rumbo del viento, luego debe poner las velas seg\u00fan ese rumbo. Es lo\nque Nicodemo y todos nosotros debemos hacer.<\/li><li>Juan 3, 9: Pregunta de Nicodemo:\nC\u00f3mo puede ocurrir esto? Jes\u00fas no hace nada m\u00e1s que resumir lo que ense\u00f1aba el\nAntiguo Testamento sobre la acci\u00f3n del Esp\u00edritu, del viento santo, en la vida\ndel pueblo de Dios y que Nicodemo, como maestro y doctor, deb\u00eda de saber. Pero\na pesar de ello, Nicodemo queda espantado antes la respuesta de Jes\u00fas y se deja\npasar por ignorante:\u00bb\u00bfC\u00f3mo puede ocurrir esto?\u00bb<\/li><li>Juan 3, 10-15: Respuesta de\nJes\u00fas: la fe nace del testimonio y no del milagro. Jes\u00fas da vuelta a la\npregunta: \u00abT\u00fa eres maestro en Israel \u00bfy no sabes esto?\u00bb Pues para\nJes\u00fas, si una persona cree s\u00f3lo cuando las cosas concuerdan con sus propios\nargumentos e ideales, su fe todav\u00eda no es perfecta. Perfecta es s\u00ed la fe de la\npersona que cree por el testimonio. Deja de lado sus propios argumentos y se\nentrega, porque cree en aquel que dio testimonio.<\/li><\/ul>\n\n\n\n<p style=\"text-align:center\">Todos los\nderechos: www.ocarm.org<\/p>\n","protected":false},"excerpt":{"rendered":"<p>Tiempo de Pascua Oraci\u00f3n inicial Te pedimos, Se\u00f1or, que nos hagas capaces de anunciar la victoria de Cristo resucitado; y pues en ella nos has dado la prenda de los dones futuros, haz que un d\u00eda los poseamos en plenitud. &hellip; <a href=\"https:\/\/www.ocdmx.org\/?p=3994\">Sigue leyendo <span class=\"meta-nav\">&rarr;<\/span><\/a><\/p>\n","protected":false},"author":1,"featured_media":0,"comment_status":"closed","ping_status":"closed","sticky":false,"template":"","format":"standard","meta":{"_jetpack_newsletter_access":""},"categories":[17],"tags":[],"jetpack_featured_media_url":"","jetpack_shortlink":"https:\/\/wp.me\/p2dsrC-12q","jetpack_sharing_enabled":true,"_links":{"self":[{"href":"https:\/\/www.ocdmx.org\/index.php?rest_route=\/wp\/v2\/posts\/3994"}],"collection":[{"href":"https:\/\/www.ocdmx.org\/index.php?rest_route=\/wp\/v2\/posts"}],"about":[{"href":"https:\/\/www.ocdmx.org\/index.php?rest_route=\/wp\/v2\/types\/post"}],"author":[{"embeddable":true,"href":"https:\/\/www.ocdmx.org\/index.php?rest_route=\/wp\/v2\/users\/1"}],"replies":[{"embeddable":true,"href":"https:\/\/www.ocdmx.org\/index.php?rest_route=%2Fwp%2Fv2%2Fcomments&post=3994"}],"version-history":[{"count":1,"href":"https:\/\/www.ocdmx.org\/index.php?rest_route=\/wp\/v2\/posts\/3994\/revisions"}],"predecessor-version":[{"id":3995,"href":"https:\/\/www.ocdmx.org\/index.php?rest_route=\/wp\/v2\/posts\/3994\/revisions\/3995"}],"wp:attachment":[{"href":"https:\/\/www.ocdmx.org\/index.php?rest_route=%2Fwp%2Fv2%2Fmedia&parent=3994"}],"wp:term":[{"taxonomy":"category","embeddable":true,"href":"https:\/\/www.ocdmx.org\/index.php?rest_route=%2Fwp%2Fv2%2Fcategories&post=3994"},{"taxonomy":"post_tag","embeddable":true,"href":"https:\/\/www.ocdmx.org\/index.php?rest_route=%2Fwp%2Fv2%2Ftags&post=3994"}],"curies":[{"name":"wp","href":"https:\/\/api.w.org\/{rel}","templated":true}]}}