{"id":3996,"date":"2021-04-14T00:30:32","date_gmt":"2021-04-14T06:30:32","guid":{"rendered":"https:\/\/www.ocdmx.org\/?p=3996"},"modified":"2021-04-06T09:32:00","modified_gmt":"2021-04-06T15:32:00","slug":"lectio-divina-mie-14-abr-21","status":"publish","type":"post","link":"https:\/\/www.ocdmx.org\/?p=3996","title":{"rendered":"Lectio divina mie, 14 abr 21"},"content":{"rendered":"\n<h1><em>Tiempo de Pascua<\/em><\/h1>\n\n\n\n<h2>Oraci\u00f3n inicial<\/h2>\n\n\n\n<p>Al revivir nuevamente este a\u00f1o el misterio pascual, en el que la humanidad\nrecobra la dignidad perdida y adquiere la esperanza de la resurrecci\u00f3n futura,\nte pedimos, Se\u00f1or de clemencia, que el misterio celebrado en la fe se actualice\nsiempre en el amor. Por nuestro Se\u00f1or.<\/p>\n\n\n\n<h2>Lectura<\/h2>\n\n\n\n<h4>Del Evangelio seg\u00fan san Juan 3,\n16-21<\/h4>\n\n\n\n<p>Porque tanto am\u00f3 Dios al mundo que dio a su Hijo unig\u00e9nito, para que todo\nel que crea en \u00e9l no perezca, sino que tenga vida eterna. Porque Dios no ha\nenviado a su Hijo al mundo para juzgar al mundo, sino para que el mundo se\nsalve por \u00e9l. El que cree en \u00e9l, no es juzgado; pero el que no cree, ya est\u00e1\njuzgado, porque no ha cre\u00eddo en el nombre del Hijo unig\u00e9nito de Dios. Y el\njuicio est\u00e1 en que la luz vino al mundo, y los hombres amaron m\u00e1s las tinieblas\nque la luz, porque sus obras eran malas. Pues todo el que obra el mal aborrece\nla luz y no va a la luz, para que no sean censuradas sus obras. Pero el que\nobra la verdad, va a la luz, para que quede de manifiesto que sus obras est\u00e1n\nhechas seg\u00fan Dios.\u00bb<\/p>\n\n\n\n<h2>Reflexi\u00f3n<\/h2>\n\n\n\n<p>El evangelio de Juan es como un tejido, hecho con tres hilos diferentes\npero parecidos. Los tres se combinan tan bien entre s\u00ed que, a veces, no da para\npercibir cuando se pasa de un hilo al otro. (a) El primer hilo son los hechos y\nlas palabras de Jes\u00fas de los a\u00f1os treinta, conservados por los testigos oculares\nque guardaron las cosas que Jes\u00fas hizo y ense\u00f1\u00f3. (b) El segundo hilo son los\nhechos de la vida de las comunidades. A partir de su fe en Jes\u00fas y convencidas\nde la presencia de Jes\u00fas en medio de ellas, las comunidades iluminaban su\ncaminar con las palabras y los gestos de Jes\u00fas. Esto ha tenido un impacto sobre\nla descripci\u00f3n de los hechos. Por ejemplo, el conflicto de las comunidades con\nlos fariseos del final del primer siglo marc\u00f3 la forma de describir los\nconflictos de Jes\u00fas con los fariseos. (c) El tercer hilo son comentarios hechos\npor el evangelista. En ciertos pasajes, es dif\u00edcil percibir cuando Jes\u00fas deja\nde hablar y cuando el evangelista empieza a hacer sus comentarios. El texto del\nevangelio de hoy, por ejemplo, es una bonita y profunda reflexi\u00f3n del\nevangelista sobre la acci\u00f3n de Jes\u00fas. La gente casi no percibe la diferencia\nentre las palabras de Jes\u00fas y las palabras del evangelista. De cualquier forma,\ntanto las unas como las otras, son palabras de Dios.<\/p>\n\n\n\n<ul><li>Juan 3, 16: Dios am\u00f3 el mundo.\nLa palabra mundo es una de las palabras m\u00e1s frecuentes en el Evangelio de Juan:\n\u00a178 veces! Tiene diversos significados. En primer lugar, mundo puede significar\nla tierra, el espacio habitado por los seres humanos (Jn 11, 9; 21, 25) o el\nuniverso creado (Jn 17, 5. 24). Mundo puede significar tambi\u00e9n las personas que\nhabitan esta tierra, la humanidad toda (Jn 1, 9; 3, 16; 4, 42; 6, 14; 8, 12).\nPuede significar tambi\u00e9n un gran grupo, un grupo numeroso de personas, en el\nsentido de la expresi\u00f3n \u201ctodo el mundo\u201d (Jn 12, 19; 14, 27). Aqu\u00ed, en nuestro\ntexto, la palabra mundo tiene el sentido de humanidad, de todo ser humano. Dios\nama la humanidad de tal modo que lleg\u00f3 a entregar a su hijo \u00fanico. Quien acepta\nque Dios llega hasta nosotros en Jes\u00fas, \u00e9ste ya pas\u00f3 por la muerte y ya tiene\nvida eterna.<\/li><li>Juan 3, 17-19: El verdadero\nsentido del juicio. La imagen de Dios que aflora de estos tres vers\u00edculos es la\nde un padre lleno de ternura y no la de un juez severo. Dios mand\u00f3 a su hijo no\npara juzgar y condenar al mundo, sino para que el mundo se salve por \u00e9l. Quien\ncree en Jes\u00fas y lo acepta como revelaci\u00f3n de Dios no es juzgado, pues ya ha\nsido aceptado por Dios. Y quien no cree en Jes\u00fas, ya ha sido juzgado. Se\nexcluye \u00e9l mismo. Y el evangelista repite lo que ya ha dicho en el pr\u00f3logo:\nmuchas personas no quieren aceptar a Jes\u00fas, porque su luz revela la maldad que\nen ellas existe (cf. Jn 1, 5. 10-11).<\/li><li>Juan 3, 20-21: Practicar la\nverdad. Existe en todo ser humano una semilla divina, un rasgo del Creador.\nJes\u00fas, como revelaci\u00f3n del Padre, es una respuesta a este deseo m\u00e1s profundo\ndel ser humano. Quien quiere ser fiel a lo m\u00e1s profundo de s\u00ed mismo, aceptar\u00e1 a\nJes\u00fas. Es dif\u00edcil encontrar una visi\u00f3n ecum\u00e9nica m\u00e1s amplia que lo que el\nEvangelio de Juan expresa en estos vers\u00edculos.<\/li><\/ul>\n\n\n\n<p>Completando el significado de la palabra mundo en el Cuarto Evangelio.\nOtras veces, la palabra mundo significa aquella parte de la humanidad que se\nopone a Jes\u00fas y a su mensaje. All\u00ed la palabra mundo toma el sentido de\n\u201cadversarios\u201d u \u201copositores\u201d (Jn 7, 4.7; 8, 23. 26; 9, 39; 12 ,25). Este mundo\ncontrario a la pr\u00e1ctica libertadora de Jes\u00fas est\u00e1 gobernado por el Adversario o\nSatan\u00e1s, tambi\u00e9n llamado \u201cpr\u00edncipe de este mundo\u201d (Jn 14, 30; 16, 11). El\nrepresenta el imperio romano y, al mismo tiempo, los l\u00edderes de los jud\u00edos que\nest\u00e1n expulsando a los seguidores de Jes\u00fas de las sinagogas. Este mundo\npersigue y mata las comunidades, trayendo tribulaciones a los fieles (Jn 16,\n33). Jes\u00fas las liberar\u00e1, venciendo al pr\u00edncipe de este mundo (Jn 12, 31). As\u00ed,\nmundo significa una situaci\u00f3n de injusticia, de opresi\u00f3n, que engendra odio y\npersecuci\u00f3n contra las comunidades del Disc\u00edpulo Amado. Los perseguidores son\naquellas personas que est\u00e1n en el poder, los dirigentes, tanto del imperio como\nde la sinagoga. En fin, todos aquellos que practican la injusticia usando para\nesto el nombre de Dios (Jn 16, 2). La esperanza que el evangelio trae a las\ncomunidades perseguidas es que Jes\u00fas es m\u00e1s fuerte que el mundo. Por esto dice:\n\u201cEn el mundo tendr\u00e9is tribulaciones. Pero \u00a1\u00e1nimo: yo venc\u00ed el mundo!\u201d (Jn 16,\n33).<\/p>\n\n\n\n<h2>Para la reflexi\u00f3n\npersonal<\/h2>\n\n\n\n<ul><li>Tanto am\u00f3 Dio al mundo que\nlleg\u00f3 a entregar a su propio hijo. Esta verdad \u00bfha llegado a penetrar en lo m\u00e1s\nprofundo de mi ser, de mi conciencia?<\/li><li>La realidad m\u00e1s ecum\u00e9nica que\nexiste es la vida que Dios nos da y por la que entreg\u00f3 a su propio hijo. \u00bfC\u00f3mo\nvivo el ecumenismo en mi vida de cada d\u00eda?<\/li><\/ul>\n\n\n\n<h2>Oraci\u00f3n final<\/h2>\n\n\n\n<p>Bendecir\u00e9 en todo tiempo a Yahv\u00e9, sin cesar en mi boca su alabanza; en\nYahv\u00e9 se glor\u00eda mi ser, \u00a1que lo oigan los humildes y se alegren! (Sal 34, 2-3)<\/p>\n\n\n\n<p style=\"text-align:center\">Todos los\nderechos: www.ocarm.org<\/p>\n","protected":false},"excerpt":{"rendered":"<p>Tiempo de Pascua Oraci\u00f3n inicial Al revivir nuevamente este a\u00f1o el misterio pascual, en el que la humanidad recobra la dignidad perdida y adquiere la esperanza de la resurrecci\u00f3n futura, te pedimos, Se\u00f1or de clemencia, que el misterio celebrado en &hellip; <a href=\"https:\/\/www.ocdmx.org\/?p=3996\">Sigue leyendo <span class=\"meta-nav\">&rarr;<\/span><\/a><\/p>\n","protected":false},"author":1,"featured_media":0,"comment_status":"closed","ping_status":"closed","sticky":false,"template":"","format":"standard","meta":{"_jetpack_newsletter_access":""},"categories":[17],"tags":[],"jetpack_featured_media_url":"","jetpack_shortlink":"https:\/\/wp.me\/p2dsrC-12s","jetpack_sharing_enabled":true,"_links":{"self":[{"href":"https:\/\/www.ocdmx.org\/index.php?rest_route=\/wp\/v2\/posts\/3996"}],"collection":[{"href":"https:\/\/www.ocdmx.org\/index.php?rest_route=\/wp\/v2\/posts"}],"about":[{"href":"https:\/\/www.ocdmx.org\/index.php?rest_route=\/wp\/v2\/types\/post"}],"author":[{"embeddable":true,"href":"https:\/\/www.ocdmx.org\/index.php?rest_route=\/wp\/v2\/users\/1"}],"replies":[{"embeddable":true,"href":"https:\/\/www.ocdmx.org\/index.php?rest_route=%2Fwp%2Fv2%2Fcomments&post=3996"}],"version-history":[{"count":1,"href":"https:\/\/www.ocdmx.org\/index.php?rest_route=\/wp\/v2\/posts\/3996\/revisions"}],"predecessor-version":[{"id":3997,"href":"https:\/\/www.ocdmx.org\/index.php?rest_route=\/wp\/v2\/posts\/3996\/revisions\/3997"}],"wp:attachment":[{"href":"https:\/\/www.ocdmx.org\/index.php?rest_route=%2Fwp%2Fv2%2Fmedia&parent=3996"}],"wp:term":[{"taxonomy":"category","embeddable":true,"href":"https:\/\/www.ocdmx.org\/index.php?rest_route=%2Fwp%2Fv2%2Fcategories&post=3996"},{"taxonomy":"post_tag","embeddable":true,"href":"https:\/\/www.ocdmx.org\/index.php?rest_route=%2Fwp%2Fv2%2Ftags&post=3996"}],"curies":[{"name":"wp","href":"https:\/\/api.w.org\/{rel}","templated":true}]}}