{"id":4007,"date":"2021-04-19T00:51:53","date_gmt":"2021-04-19T06:51:53","guid":{"rendered":"https:\/\/www.ocdmx.org\/?p=4007"},"modified":"2021-04-06T15:54:00","modified_gmt":"2021-04-06T21:54:00","slug":"lectio-divina-lun-19-abr-21","status":"publish","type":"post","link":"https:\/\/www.ocdmx.org\/?p=4007","title":{"rendered":"Lectio divina lun, 19 abr 21"},"content":{"rendered":"\n<h1><em>Tiempo de Pascua<\/em><\/h1>\n\n\n\n<h2>Oraci\u00f3n inicial<\/h2>\n\n\n\n<p>\u00a1Oh Dios, que muestras la luz de tu verdad a los que\nandan extraviados, para que puedan volver al buen camino!; concede a todos los\ncristianos rechazar lo que es indigno de este nombre y cumplir cuanto en \u00e9l se\nsignifica. Por nuestro Se\u00f1or.<\/p>\n\n\n\n<h2>Lectura<\/h2>\n\n\n\n<h4>Del Evangelio seg\u00fan Juan 6,\n22-29<\/h4>\n\n\n\n<p>Al d\u00eda siguiente, la gente que se hab\u00eda quedado al otro lado del mar vio\nque all\u00ed no hab\u00eda m\u00e1s que una barca y que Jes\u00fas no hab\u00eda montado en la barca\ncon sus disc\u00edpulos, sino que los disc\u00edpulos se hab\u00edan marchado solos. Pero llegaron\nbarcas de Tiber\u00edades cerca del lugar donde hab\u00edan comido pan. Cuando la gente\nvio que Jes\u00fas no estaba all\u00ed, ni tampoco sus disc\u00edpulos, subieron a las barcas\ny fueron a Cafarna\u00fan, en busca de Jes\u00fas. Al encontrarle a la orilla del mar, le\ndijeron: \u00abRab\u00ed, \u00bfcu\u00e1ndo has llegado aqu\u00ed?\u00bb Jes\u00fas les respondi\u00f3: \u00abEn verdad, en\nverdad os digo: vosotros me busc\u00e1is, no porque hab\u00e9is visto signos, sino porque\nhab\u00e9is comido de los panes y os hab\u00e9is saciado. Obrad, no por el alimento\nperecedero, sino por el alimento que permanece para vida eterna, el que os dar\u00e1\nel Hijo del hombre, porque a \u00e9ste es a quien el Padre, Dios, ha marcado con su\nsello.\u00bb Ellos le dijeron: \u00ab\u00bfQu\u00e9 hemos de hacer para obrar las obras de Dios?\u00bb\nJes\u00fas les respondi\u00f3: \u00abLa obra de Dios es que cre\u00e1is en quien \u00e9l ha enviado.\u00bb<\/p>\n\n\n\n<h2>Reflexi\u00f3n<\/h2>\n\n\n\n<p>En el evangelio de hoy iniciamos la reflexi\u00f3n sobre el Discurso del Pan de\nVida (Jn 6,22- 71), que se prolongar\u00e1 durante los pr\u00f3ximos seis d\u00edas, hasta el\nfinal de esta semana.<\/p>\n\n\n\n<p>Despu\u00e9s de la multiplicaci\u00f3n de los panes, el pueblo se fue detr\u00e1s de\nJes\u00fas. Hab\u00eda visto el milagro, hab\u00eda comido hasta saciarse y \u00a1quer\u00eda m\u00e1s! No\ntrat\u00f3 de buscar la se\u00f1al o la llamada de Dios que hab\u00eda en todo esto. Cuando la\ngente encontr\u00f3 a Jes\u00fas en la sinagoga de Cafarna\u00fan, tuvo con \u00e9l una larga conversaci\u00f3n,\nllamada el Discurso del Pan de Vida. No es propiamente un discurso, pero se\ntrata de un conjunto de siete breves di\u00e1logos que explican el significado de la\nmultiplicaci\u00f3n de los panes como s\u00edmbolo del nuevo \u00c9xodo y de la Cena\nEucar\u00edstica.<\/p>\n\n\n\n<p>Es bueno tener presente la divisi\u00f3n del cap\u00edtulo para poder percibir mejor\nsu sentido:<\/p>\n\n\n\n<ul><li>6, 1-15: el pasaje sobre la multiplicaci\u00f3n de los panes<\/li><li>6, 16-21: la traves\u00eda del lago, y Jes\u00fas que camina sobre las aguas<\/li><li>6, 22-71: el di\u00e1logo de Jes\u00fas con la gente, con los jud\u00edos y con los disc\u00edpulos<ul><li>1\u00ba di\u00e1logo: 6, 22-27 con la gente: la gente busca a Jes\u00fas y lo encuentra en Cafarna\u00fan<\/li><li>2\u00ba di\u00e1logo: 6, 28-34 con la gente: la fe como obra de Dios y el man\u00e1 en el desierto<\/li><li>3\u00ba di\u00e1logo: 6, 35-40 con la gente: el pan verdadero es hacer la voluntad de Dios<\/li><li>4\u00ba di\u00e1logo: 6, 41-51 con los jud\u00edos: murmuraciones de los jud\u00edos 5\u00ba di\u00e1logo: 6, 52- 58 con los jud\u00edos: Jes\u00fas y los jud\u00edos<\/li><li>6\u00ba di\u00e1logo: 6, 59-66 con los disc\u00edpulos: reacci\u00f3n de los disc\u00edpulos<\/li><li>7\u00ba di\u00e1logo: 6, 67-71 con los disc\u00edpulos: confesi\u00f3n de Pedro<\/li><\/ul><\/li><\/ul>\n\n\n\n<p>La conversaci\u00f3n de Jes\u00fas con la gente, con los jud\u00edos y\ncon los disc\u00edpulos es un di\u00e1logo bonito, pero exigente. Jes\u00fas trata de abrir\nlos ojos de la gente para que aprenda a leer los acontecimientos y descubra en\nellos el rumbo que debe tomar en la vida. Pues no basta ir detr\u00e1s de las\nse\u00f1ales milagrosas que multiplican el pan para el cuerpo. No de s\u00f3lo pan vive\nel hombre. La lucha por la vida sin una m\u00edstica no alcanza la ra\u00edz. En la\nmedida en que va conversando con Jes\u00fas, la gente se queda cada vez m\u00e1s\ncontrariada por las palabras de Jes\u00fas, pero \u00e9l no cede, ni cambia las\nexigencias. El discurso parece moverse en espiral. En la medida en que la\nconversaci\u00f3n avanza, hay cada vez menos gente que se queda con Jes\u00fas. Al final\nquedan solamente los doce, y Jes\u00fas \u00a1no puede confiar ni siquiera en ellos! Hoy\nsucede lo mismo. Cuando el evangelio empieza a exigir un compromiso, mucha\ngente se aleja.<\/p>\n\n\n\n<ul><li>Juan 6, 22-27: La gente busca a Jes\u00fas porque quiere m\u00e1s pan. La gente va detr\u00e1s de Jes\u00fas. Ve que no ha entrado en la barca con los disc\u00edpulos y, por ello, no entiende c\u00f3mo ha hecho para llegar a Cafarna\u00fam. Tampoco entiende el milagro de la multiplicaci\u00f3n de los panes. La gente ve lo que acontece, pero no llega a entender todo esto como una se\u00f1al de algo m\u00e1s profundo. Se detiene en la superficie: en la hartura de la comida. Busca pan y vida, pero s\u00f3lo para el cuerpo. Seg\u00fan la gente, Jes\u00fas hizo lo que Mois\u00e9s hab\u00eda hecho en el pasado: alimentar a todos en el desierto, hasta la saciedad. Yendo detr\u00e1s de Jes\u00fas, ellos quer\u00edan que el pasado se repitiera. Pero Jes\u00fas pide a la gente que d\u00e9 un paso m\u00e1s. Adem\u00e1s del trabajo por el pan que perece, debe trabajar por el alimento que no perece. Este nuevo alimento lo dar\u00e1 el Hijo del Hombre, indicado por Dios mismo. El nos da la vida que dura por siempre. El abre para nosotros un horizonte sobre el sentido de la vida y sobre Dios.<\/li><li>Juan 6, 28-29: \u00bfCu\u00e1l es la obra de Dios? La gente pregunta: \u00bfQu\u00e9 debemos hacer para realizar este trabajo (obra) de Dios? Jes\u00fas responde que la gran obra que Dios nos pide \u201ces creer en aquel que Dios envi\u00f3\u201d. O sea, \u00a1creer en Jes\u00fas!<\/li><\/ul>\n\n\n\n<h2>Para la reflexi\u00f3n\npersonal<\/h2>\n\n\n\n<ul><li>La gente ten\u00eda hambre, comi\u00f3 el\npan y busc\u00f3 m\u00e1s pan. Busc\u00f3 el milagro y no la se\u00f1al de Dios que en el milagro\nse escond\u00eda. \u00bfQu\u00e9 es lo que m\u00e1s busco en mi vida: el milagro o la se\u00f1al?<\/li><li>Por un momento, haz silencio\ndentro de ti y preg\u00fantate: \u201cCreer en Jes\u00fas: \u00bfqu\u00e9 significa esto para m\u00ed, bien\nconcretamente en mi vida de cada d\u00eda?\u201d<\/li><\/ul>\n\n\n\n<h2>Oraci\u00f3n final<\/h2>\n\n\n\n<p>Se\u00f1or, te cont\u00e9 mi vida y me respondiste, ens\u00e9\u00f1ame tus preceptos. Ind\u00edcame el camino hacia tus mandatos y meditar\u00e9 en todas tus maravillas. (Sal 119, 26-27)<\/p>\n\n\n\n<p style=\"text-align:center\">Todos los\nderechos: www.ocarm.org<\/p>\n","protected":false},"excerpt":{"rendered":"<p>Tiempo de Pascua Oraci\u00f3n inicial \u00a1Oh Dios, que muestras la luz de tu verdad a los que andan extraviados, para que puedan volver al buen camino!; concede a todos los cristianos rechazar lo que es indigno de este nombre y &hellip; <a href=\"https:\/\/www.ocdmx.org\/?p=4007\">Sigue leyendo <span class=\"meta-nav\">&rarr;<\/span><\/a><\/p>\n","protected":false},"author":1,"featured_media":0,"comment_status":"closed","ping_status":"closed","sticky":false,"template":"","format":"standard","meta":{"_jetpack_newsletter_access":""},"categories":[17],"tags":[],"jetpack_featured_media_url":"","jetpack_shortlink":"https:\/\/wp.me\/p2dsrC-12D","jetpack_sharing_enabled":true,"_links":{"self":[{"href":"https:\/\/www.ocdmx.org\/index.php?rest_route=\/wp\/v2\/posts\/4007"}],"collection":[{"href":"https:\/\/www.ocdmx.org\/index.php?rest_route=\/wp\/v2\/posts"}],"about":[{"href":"https:\/\/www.ocdmx.org\/index.php?rest_route=\/wp\/v2\/types\/post"}],"author":[{"embeddable":true,"href":"https:\/\/www.ocdmx.org\/index.php?rest_route=\/wp\/v2\/users\/1"}],"replies":[{"embeddable":true,"href":"https:\/\/www.ocdmx.org\/index.php?rest_route=%2Fwp%2Fv2%2Fcomments&post=4007"}],"version-history":[{"count":1,"href":"https:\/\/www.ocdmx.org\/index.php?rest_route=\/wp\/v2\/posts\/4007\/revisions"}],"predecessor-version":[{"id":4008,"href":"https:\/\/www.ocdmx.org\/index.php?rest_route=\/wp\/v2\/posts\/4007\/revisions\/4008"}],"wp:attachment":[{"href":"https:\/\/www.ocdmx.org\/index.php?rest_route=%2Fwp%2Fv2%2Fmedia&parent=4007"}],"wp:term":[{"taxonomy":"category","embeddable":true,"href":"https:\/\/www.ocdmx.org\/index.php?rest_route=%2Fwp%2Fv2%2Fcategories&post=4007"},{"taxonomy":"post_tag","embeddable":true,"href":"https:\/\/www.ocdmx.org\/index.php?rest_route=%2Fwp%2Fv2%2Ftags&post=4007"}],"curies":[{"name":"wp","href":"https:\/\/api.w.org\/{rel}","templated":true}]}}