{"id":4015,"date":"2021-04-23T00:51:41","date_gmt":"2021-04-23T06:51:41","guid":{"rendered":"https:\/\/www.ocdmx.org\/?p=4015"},"modified":"2021-04-09T08:54:58","modified_gmt":"2021-04-09T14:54:58","slug":"lectio-divina-vie-23-abr-21","status":"publish","type":"post","link":"https:\/\/www.ocdmx.org\/?p=4015","title":{"rendered":"Lectio divina vie, 23 abr 21"},"content":{"rendered":"\n<h1><em>Tiempo de Pascua<\/em><\/h1>\n\n\n\n<h2>Oraci\u00f3n inicial<\/h2>\n\n\n\n<p>Te pedimos, Se\u00f1or, que ya que nos has dado la gracia de conocer la\nresurrecci\u00f3n de tu Hijo, nos concedas tambi\u00e9n que el Esp\u00edritu Santo, con su\namor, nos haga resucitar a una vida nueva. Por nuestro Se\u00f1or.<\/p>\n\n\n\n<h2>Lectura<\/h2>\n\n\n\n<h4>Del Evangelio seg\u00fan Juan 6,\n52-59<\/h4>\n\n\n\n<p>Discut\u00edan entre s\u00ed los jud\u00edos y dec\u00edan: \u00ab\u00bfC\u00f3mo puede \u00e9ste darnos a comer su\ncarne?\u00bb Jes\u00fas les dijo: \u00abEn verdad, en verdad os digo: si no com\u00e9is la carne\ndel Hijo del hombre, y no beb\u00e9is su sangre, no ten\u00e9is vida en vosotros. El que\ncome mi carne y bebe mi sangre, tiene vida eterna, y yo le resucitar\u00e9 el \u00faltimo\nd\u00eda. Porque mi carne es verdadera comida y mi sangre verdadera bebida. El que\ncome mi carne y bebe mi sangre, permanece en m\u00ed, y yo en \u00e9l. Lo mismo que el\nPadre, que vive, me ha enviado y yo vivo por el Padre, tambi\u00e9n el que me coma\nvivir\u00e1 por m\u00ed. Este es el pan bajado del cielo; no como el que comieron\nvuestros padres, y murieron; el que coma este pan vivir\u00e1 para siempre.\u00bb Esto lo\ndijo ense\u00f1ando en la sinagoga, en Cafarna\u00fan.<\/p>\n\n\n\n<h4>Reflexi\u00f3n<\/h4>\n\n\n\n<p>Estamos llegando casi al final del Discurso del Pan de Vida. Aqu\u00ed empieza\nla parte m\u00e1s pol\u00e9mica. Los jud\u00edos se encierran en s\u00ed mismos y empiezan a\ncuestionar las afirmaciones de Jes\u00fas.<\/p>\n\n\n\n<ul><li>Juan 6, 52-55: Carne y sangre:\nexpresi\u00f3n de vida y de entrega total. Los jud\u00edos reaccionan \u00ab\u00bfC\u00f3mo este\nhombre puede darnos su carne para comer?\u00bb Era cerca de la fiesta de\nPascua. Dentro de unos pocos d\u00edas, iban a comer la carne del cordero pascual en\nla celebraci\u00f3n de la noche de pascua. Ellos no entend\u00edan las palabras de Jes\u00fas,\nporque tomaron todo al pie de la letra. Pero Jes\u00fas no disminuy\u00f3 las exigencias,\nni tampoco retira nada de lo que hab\u00eda dicho, e insiste: \u00ab\u00abEn verdad, en\nverdad os digo: si no com\u00e9is la carne del Hijo del hombre, y no beb\u00e9is su\nsangre, no ten\u00e9is vida en vosotros. El que come mi carne y bebe mi sangre,\ntiene vida eterna, y yo le resucitar\u00e9 el \u00faltimo d\u00eda. Porque mi carne es\nverdadera comida y mi sangre verdadera bebida. El que come mi carne y bebe mi\nsangre, permanece en m\u00ed, y yo en \u00e9l\u201d.<\/li><li>(a) Comer la carne de Jes\u00fas significa aceptar a Jes\u00fas como el nuevo Cordero\nPascual, cuya sangre nos libera de la esclavitud. La ley del Antiguo\nTestamento, respecto a la vida, prohib\u00eda comer sangre (Dt 12, 16. 23; He 15.\n29). La sangre era la se\u00f1al de la vida.<\/li><li>(b) Beber la sangre de Jes\u00fas significa asimilar la misma manera de vivir\nque marc\u00f3 la vida de Jes\u00fas. Lo que trae vida no es celebrar el man\u00e1 del pasado,\nsino comer este nuevo pan que es Jes\u00fas, su carne y su sangre. Participando en\nla Cena Eucar\u00edstica, asimilamos su vida, su donaci\u00f3n y su entrega. \u201cSi no\ncom\u00e9is la carne del Hijo del hombre, y no beb\u00e9is su sangre, no ten\u00e9is vida en\nvosotros.\u201d Deben aceptar a Jes\u00fas como mes\u00edas crucificado, cuya sangre ser\u00e1\nderramada.<\/li><li>Juan 6, 56-58: Quien me come,\nvivir\u00e1 por m\u00ed. Las \u00faltimas frases son de gran profundidad y tratan de resumir\ntodo lo que se dijo. Evocan la dimensi\u00f3n m\u00edstica que envuelve toda la\nparticipaci\u00f3n en la eucarist\u00eda. Expresan lo que Pablo dice en la carta a los\nG\u00e1latas: \u201cYa no vivo yo, es Cristo quien vive en m\u00ed (G\u00e1l 2, 20). Es lo que dice\nel Apocalipsis de Juan: \u201cSi uno me oye y me abre, entrar\u00e9 en su casa y\ncomeremos juntos\u201d (Ap 3, 20). Y Juan mismo en el Evangelio: \u201cSi alguien me ama\nguardar\u00e1 mi palabra y mi Padre le amar\u00e1 y los dos nos vendremos con \u00e9l y en \u00e9l\nharemos nuestra morada\u201d (Jn 14, 23). Y termina con la promesa de vida que marca\nla diferencia con el antiguo \u00e9xodo: \u201cEste es el pan bajado del cielo. No es\ncomo el pan que comieron vuestros padres y despu\u00e9s murieron. Quien come de este\npan vivir\u00e1 por siempre.\u00bb Juan 6, 59: Termina el discurso en la sinagoga.\nHasta aqu\u00ed la conversaci\u00f3n entre Jes\u00fas, la gente y los jud\u00edos en la sinagoga de\nCafarna\u00fan. Como aludimos anteriormente, el Discurso del Pan de Vida nos ofrece\nuna imagen de c\u00f3mo era la catequesis en aquel final del siglo primero en las\ncomunidades cristianas de Asia Menor. Las preguntas de la gente y de los jud\u00edos\nreflejan las dificultades de los miembros de las comunidades. Y las respuestas\nde Jes\u00fas representan las aclaraciones para ayudarlos a superar las\ndificultades, a profundizar en su fe y a vivir m\u00e1s intensamente la eucarist\u00eda\nque se celebraba sobre todo en las noches del s\u00e1bado al domingo, el D\u00eda del\nSe\u00f1or.<\/li><\/ul>\n\n\n\n<h2>Para la reflexi\u00f3n\npersonal<\/h2>\n\n\n\n<ul><li>A partir del Discurso del Pan\nde Vida, la celebraci\u00f3n de la Eucarist\u00eda recibe una luz muy fuerte y una enorme\nprofundizaci\u00f3n. \u00bfCu\u00e1l es la luz que estoy percibiendo y que me ayuda a da un\npaso?<\/li><li>Comer la carne y la sangre de\nJes\u00fas, es el mandamiento que \u00e9l nos da. \u00bfC\u00f3mo vivo la eucarist\u00eda en mi vida?\nAunque no pueda ir a misa todos los d\u00edas o los domingos, mi vida debe ser eucarist\u00eda.\n\u00bfC\u00f3mo alcanzar este objetivo?<\/li><\/ul>\n\n\n\n<h2>Oraci\u00f3n final<\/h2>\n\n\n\n<p>\u00a1Alabad a Yahv\u00e9, todas las naciones, ensalzadlo, pueblos todos! Pues s\u00f3lido es su amor hacia nosotros, la lealtad de Yahv\u00e9 dura para siempre. (Sal 117, 1- 2).<\/p>\n\n\n\n<p style=\"text-align:center\">Todos los\nderechos: www.ocarm.org<\/p>\n","protected":false},"excerpt":{"rendered":"<p>Tiempo de Pascua Oraci\u00f3n inicial Te pedimos, Se\u00f1or, que ya que nos has dado la gracia de conocer la resurrecci\u00f3n de tu Hijo, nos concedas tambi\u00e9n que el Esp\u00edritu Santo, con su amor, nos haga resucitar a una vida nueva. &hellip; <a href=\"https:\/\/www.ocdmx.org\/?p=4015\">Sigue leyendo <span class=\"meta-nav\">&rarr;<\/span><\/a><\/p>\n","protected":false},"author":1,"featured_media":0,"comment_status":"closed","ping_status":"closed","sticky":false,"template":"","format":"standard","meta":{"_jetpack_newsletter_access":""},"categories":[17],"tags":[],"jetpack_featured_media_url":"","jetpack_shortlink":"https:\/\/wp.me\/p2dsrC-12L","jetpack_sharing_enabled":true,"_links":{"self":[{"href":"https:\/\/www.ocdmx.org\/index.php?rest_route=\/wp\/v2\/posts\/4015"}],"collection":[{"href":"https:\/\/www.ocdmx.org\/index.php?rest_route=\/wp\/v2\/posts"}],"about":[{"href":"https:\/\/www.ocdmx.org\/index.php?rest_route=\/wp\/v2\/types\/post"}],"author":[{"embeddable":true,"href":"https:\/\/www.ocdmx.org\/index.php?rest_route=\/wp\/v2\/users\/1"}],"replies":[{"embeddable":true,"href":"https:\/\/www.ocdmx.org\/index.php?rest_route=%2Fwp%2Fv2%2Fcomments&post=4015"}],"version-history":[{"count":1,"href":"https:\/\/www.ocdmx.org\/index.php?rest_route=\/wp\/v2\/posts\/4015\/revisions"}],"predecessor-version":[{"id":4016,"href":"https:\/\/www.ocdmx.org\/index.php?rest_route=\/wp\/v2\/posts\/4015\/revisions\/4016"}],"wp:attachment":[{"href":"https:\/\/www.ocdmx.org\/index.php?rest_route=%2Fwp%2Fv2%2Fmedia&parent=4015"}],"wp:term":[{"taxonomy":"category","embeddable":true,"href":"https:\/\/www.ocdmx.org\/index.php?rest_route=%2Fwp%2Fv2%2Fcategories&post=4015"},{"taxonomy":"post_tag","embeddable":true,"href":"https:\/\/www.ocdmx.org\/index.php?rest_route=%2Fwp%2Fv2%2Ftags&post=4015"}],"curies":[{"name":"wp","href":"https:\/\/api.w.org\/{rel}","templated":true}]}}