{"id":4022,"date":"2021-04-27T00:04:09","date_gmt":"2021-04-27T06:04:09","guid":{"rendered":"https:\/\/www.ocdmx.org\/?p=4022"},"modified":"2021-04-09T09:05:47","modified_gmt":"2021-04-09T15:05:47","slug":"lectio-divina-mar-27-abr-21","status":"publish","type":"post","link":"https:\/\/www.ocdmx.org\/?p=4022","title":{"rendered":"Lectio divina mar, 27 abr 21"},"content":{"rendered":"\n<h1><em>Tiempo de Pascua<\/em><\/h1>\n\n\n\n<h2>Oraci\u00f3n inicial<\/h2>\n\n\n\n<p>Te pedimos, Se\u00f1or todopoderoso, que la celebraci\u00f3n de las fiestas de Cristo\nresucitado aumente en nosotros la alegr\u00eda de sabernos salvados. Por nuestro\nSe\u00f1or.<\/p>\n\n\n\n<h2>Lectura<\/h2>\n\n\n\n<h4>Del Evangelio seg\u00fan Juan 10,\n22-30<\/h4>\n\n\n\n<p>Se celebr\u00f3 por entonces en Jerusal\u00e9n la fiesta de la Dedicaci\u00f3n. Era\ninvierno. Jes\u00fas se paseaba por el Templo, en el p\u00f3rtico de Salom\u00f3n. Le rodearon\nlos jud\u00edos, y le dec\u00edan: \u00ab\u00bfHasta cu\u00e1ndo vas a tenernos en vilo? Si t\u00fa eres el\nCristo, d\u00ednoslo abiertamente.\u00bb Jes\u00fas les respondi\u00f3: \u00abYa os lo he dicho, pero no\nme cre\u00e9is. Las obras que hago en nombre de mi Padre son las que dan testimonio\nde m\u00ed; pero vosotros no cre\u00e9is porque no sois de mis ovejas.<\/p>\n\n\n\n<p>Mis ovejas escuchan mi voz; yo las conozco y ellas mi siguen. Yo les doy\nvida eterna y no perecer\u00e1n jam\u00e1s, y nadie las arrebatar\u00e1 de mi mano. El Padre,\nque me las ha dado, es m\u00e1s grande que todos, y nadie puede arrebatar nada de la\nmano del Padre. Yo y el Padre somos uno.\u00bb<\/p>\n\n\n\n<h2>Reflexi\u00f3n<\/h2>\n\n\n\n<ul><li>Los cap\u00edtulos de 1 a 12 del\nevangelio de Juan son llamados \u201cEl libro de las Se\u00f1ales\u201d. En ellos acontece la\nrevelaci\u00f3n progresiva del Misterio de Dios en Jes\u00fas. En la misma medida en que\nJes\u00fas va haciendo la revelaci\u00f3n, crecen la adhesi\u00f3n y la oposici\u00f3n hacia \u00e9l\nseg\u00fan la visi\u00f3n con que cada cual espera la llegada del Mes\u00edas. Esta manera de\ndescribir la actividad de Jes\u00fas no es s\u00f3lo para informar c\u00f3mo la gente segu\u00eda a\nJes\u00fas en aquel tiempo, sino tambi\u00e9n y sobre todo c\u00f3mo debemos seguirle hoy\nnosotros, sus lectores y lectoras. En aquel tiempo, todos esperaban la llegada\ndel Mes\u00edas y ten\u00edan sus criterios para poderle reconocer. Quer\u00edan que fuera\ncomo ellos se lo imaginaban. Pero Jes\u00fas no se somete a esta exigencia. Revela\nal Padre como es el Padre y no como le gustar\u00eda a los oyentes que fuera. Pide\nque nos convirtamos en nuestra manera de pensar y actuar. Hoy tambi\u00e9n, cada uno\nde nosotros tiene sus gustos y preferencias. A veces, leemos el evangelio para\nver si all\u00ed encontramos la confirmaci\u00f3n de nuestros deseos. El evangelio de hoy\narroja luz al respecto.<\/li><li>Juan 10, 22-24: Los Jud\u00edos\ninterpelan a Jes\u00fas. Hac\u00eda fr\u00edo. Mes de octubre. Fiesta de la dedicaci\u00f3n que\ncelebraba la purificaci\u00f3n del templo hecha por Judas Macabeo (2Mc 4, 36.59).\nEra una fiesta bien popular de muchas luces. Jes\u00fas camina por la explanada del\nTemplo, en el P\u00f3rtico de Salom\u00f3n. Los jud\u00edos le preguntan: \u00ab\u00bfHasta cu\u00e1ndo\nvas a tenernos en vilo? Si tu eres el Cristo, d\u00ednoslo abiertamente\u00bb. Ellos\nquieren que Jes\u00fas se defina y que ellos puedan comprobar, desde sus criterios,\nsi Jes\u00fas es o no es el Mes\u00edas. Quieren pruebas. Es la actitud de quien se\nsiente due\u00f1o de la situaci\u00f3n. Los novatos deben presentar sus credenciales. De\nlo contrario, no tendr\u00e1n derecho a hablar y a actuar.<\/li><li>Juan 10, 25-26: Respuesta de\nJes\u00fas: las obras que hago dan testimonio de m\u00ed. La respuesta de Jes\u00fas es\nsiempre la misma: \u00abYa os lo he dicho, pero no me cre\u00e9is. Las obras que\nhago en nombre de mi Padre son las que dan testimonio de m\u00ed; pero vosotros no\ncre\u00e9is porque no sois de mis ovejas.\u201d No se trata de dar pruebas. No\nadelantar\u00eda nada. Cuando una persona no quiere aceptar el testimonio de\nalguien, no hay prueba que tenga para que piense de otra forma. El problema de\nfondo es la apertura desinteresada de la persona hacia Dios y hacia la verdad.\nDonde hay esta apertura, Jes\u00fas es reconocido por sus ovejas. \u201cTodo hombre que est\u00e1\nde parte de la verdad escucha mi voz\u201d dir\u00e1 Jes\u00fas m\u00e1s tarde ante Pilatos (Jn 18,\n37). Esta apertura estaba faltando en los fariseos.<\/li><li>Juan 10, 27-28: Mis ovejas\nconocen mi voz. Jes\u00fas retoma la par\u00e1bola del Buen Pastor que conoce sus ovejas\ny \u00e9l es conocido por sus ovejas. Este mutuo entendimiento &#8211; entre Jes\u00fas que\nviene en nombre del Padre y las personas que se abren a la verdad \u2013 es fuente\nde vida eterna. Esta uni\u00f3n entre el creador y la criatura a trav\u00e9s de Jes\u00fas,\nsupera la amenaza de muerte: \u201c\u00a1No perecer\u00e1n jam\u00e1s y nadie las arrebatar\u00e1 de mis\nmanos!\u201d Est\u00e1n a salvo y, por ello, en paz y en plena libertad.<\/li><li>Juan 10, 29-30: Yo y el Padre\nsomos uno. Estos dos vers\u00edculos abordan el misterio de la unidad entre Jes\u00fas y\nel Padre: \u201cEl Padre, que todo me ha entregado, es mayor que todos. Y nadie\npuede arrebatar nada de las manos del Padres. El Padre y yo somos uno\u201d. Esta y\nvarias otras frases nos dejan entrever algo de este misterio mayor: \u201cQuien me\nve a m\u00ed ve al Padre\u201d (Jn 14, 9). \u201cYo estoy en el Padre y el Padre est\u00e1 en m\u00ed\u201d\n(Jn 10, 38). Esta unidad entre Jes\u00fas y el Padre no es autom\u00e1tica, sino que es\nfruto de la obediencia: \u201cYo hago siempre lo que al Padre le agrada\u201d (Jn 8, 29;\n6, 38; 17, 4). \u201cMi alimento es hacer la voluntad del Padre\u201d (Jn 4, 34; 5, 30).\nLa carta a los Hebreos dice que Jes\u00fas tuvo que aprender, por el sufrimiento, lo\nque es ser obediente (EEB 5,8). \u201cFue obediente hasta la muerte y la muerte de\nCruz\u201d (Fil 2, 8). La obediencia de Jes\u00fas no es disciplinar, sino que es\nprof\u00e9tica. Obedece para ser total transparencia y, as\u00ed, ser revelaci\u00f3n del\nPadre. Por esto pod\u00eda decir: \u201c\u00a1El Padre y yo somos uno!\u201d Fue un largo proceso\nde obediencia y de encarnaci\u00f3n que dur\u00f3 33 a\u00f1os. Comenz\u00f3 con el S\u00ed de Mar\u00eda (Lc\n1, 38) y termin\u00f3 con \u201c\u00a1Todo est\u00e1 consumado!\u201d (Jn 19, 30).<\/li><\/ul>\n\n\n\n<h2>Para la reflexi\u00f3n\npersonal<\/h2>\n\n\n\n<ul><li>Mi obediencia a Dios es\n\u00bfdisciplinar o prof\u00e9tica? \u00bfRevelo algo de Dios o s\u00f3lo me preocupo de mi\nsalvaci\u00f3n?<\/li><li>Jes\u00fas no se someti\u00f3 a las\nexigencias de los que quer\u00edan comprobar si \u00e9l era el mes\u00edas anunciado. \u00bfHay en\nm\u00ed algo de esta actitud dominadora e inquisidora t\u00edpica de los adversarios de\nJes\u00fas?<\/li><\/ul>\n\n\n\n<h2>Oraci\u00f3n final<\/h2>\n\n\n\n<p>\u00a1Que Dios tenga piedad y nos bendiga, que nos muestre su rostro radiante!;\nPausa. conozca as\u00ed la tierra su proceder, y todas las naciones su salvaci\u00f3n.\n(Sal 67, 2-3)<\/p>\n\n\n\n<p style=\"text-align:center\">Todos los\nderechos: www.ocarm.org<\/p>\n","protected":false},"excerpt":{"rendered":"<p>Tiempo de Pascua Oraci\u00f3n inicial Te pedimos, Se\u00f1or todopoderoso, que la celebraci\u00f3n de las fiestas de Cristo resucitado aumente en nosotros la alegr\u00eda de sabernos salvados. Por nuestro Se\u00f1or. Lectura Del Evangelio seg\u00fan Juan 10, 22-30 Se celebr\u00f3 por entonces &hellip; <a href=\"https:\/\/www.ocdmx.org\/?p=4022\">Sigue leyendo <span class=\"meta-nav\">&rarr;<\/span><\/a><\/p>\n","protected":false},"author":1,"featured_media":0,"comment_status":"closed","ping_status":"closed","sticky":false,"template":"","format":"standard","meta":{"_jetpack_newsletter_access":""},"categories":[17],"tags":[],"jetpack_featured_media_url":"","jetpack_shortlink":"https:\/\/wp.me\/p2dsrC-12S","jetpack_sharing_enabled":true,"_links":{"self":[{"href":"https:\/\/www.ocdmx.org\/index.php?rest_route=\/wp\/v2\/posts\/4022"}],"collection":[{"href":"https:\/\/www.ocdmx.org\/index.php?rest_route=\/wp\/v2\/posts"}],"about":[{"href":"https:\/\/www.ocdmx.org\/index.php?rest_route=\/wp\/v2\/types\/post"}],"author":[{"embeddable":true,"href":"https:\/\/www.ocdmx.org\/index.php?rest_route=\/wp\/v2\/users\/1"}],"replies":[{"embeddable":true,"href":"https:\/\/www.ocdmx.org\/index.php?rest_route=%2Fwp%2Fv2%2Fcomments&post=4022"}],"version-history":[{"count":1,"href":"https:\/\/www.ocdmx.org\/index.php?rest_route=\/wp\/v2\/posts\/4022\/revisions"}],"predecessor-version":[{"id":4023,"href":"https:\/\/www.ocdmx.org\/index.php?rest_route=\/wp\/v2\/posts\/4022\/revisions\/4023"}],"wp:attachment":[{"href":"https:\/\/www.ocdmx.org\/index.php?rest_route=%2Fwp%2Fv2%2Fmedia&parent=4022"}],"wp:term":[{"taxonomy":"category","embeddable":true,"href":"https:\/\/www.ocdmx.org\/index.php?rest_route=%2Fwp%2Fv2%2Fcategories&post=4022"},{"taxonomy":"post_tag","embeddable":true,"href":"https:\/\/www.ocdmx.org\/index.php?rest_route=%2Fwp%2Fv2%2Ftags&post=4022"}],"curies":[{"name":"wp","href":"https:\/\/api.w.org\/{rel}","templated":true}]}}