{"id":4024,"date":"2021-04-28T00:06:02","date_gmt":"2021-04-28T06:06:02","guid":{"rendered":"https:\/\/www.ocdmx.org\/?p=4024"},"modified":"2021-04-09T09:08:21","modified_gmt":"2021-04-09T15:08:21","slug":"lectio-divina-mie-28-abr-21","status":"publish","type":"post","link":"https:\/\/www.ocdmx.org\/?p=4024","title":{"rendered":"Lectio divina mie, 28 abr 21"},"content":{"rendered":"\n<h1><em>Tiempo de Pascua<\/em><\/h1>\n\n\n\n<h2>Oraci\u00f3n inicial<\/h2>\n\n\n\n<p>Se\u00f1or, t\u00fa que eres la\nvida de los fieles, la gloria de los humildes y la felicidad de los santos,\nescucha nuestras s\u00faplicas y sacia con la abundancia de tus dones a los que\ntienen sed de tus promesas. Por nuestro Se\u00f1or.<\/p>\n\n\n\n<p><strong>Lectura<\/strong><\/p>\n\n\n\n<h4>Del\nEvangelio seg\u00fan Juan 12,44-50<\/h4>\n\n\n\n<p>Jes\u00fas grit\u00f3 y dijo: \u00abEl que cree en m\u00ed, no cree en m\u00ed, sino en aquel que me\nha enviado; y el que me ve a m\u00ed, ve a aquel que me ha enviado. Yo, la luz, he\nvenido al mundo para que todo el que crea en m\u00ed no siga en las tinieblas. Si\nalguno oye mis palabras y no las guarda, yo no le juzgo, porque no he venido\npara juzgar al mundo, sino para salvar al mundo. El que me rechaza y no recibe\nmis palabras, ya tiene quien le juzgue: la palabra que yo he hablado, \u00e9sa le\njuzgar\u00e1 el \u00faltimo d\u00eda; porque yo no he hablado por mi cuenta, sino que el Padre\nque me ha enviado me ha mandado lo que tengo que decir y hablar, y yo s\u00e9 que su\nmandato es vida eterna. Por eso, lo que yo hablo lo hablo como el Padre me lo\nha dicho a m\u00ed.\u00bb<\/p>\n\n\n\n<h2>Reflexi\u00f3n<\/h2>\n\n\n\n<p>El evangelio de hoy nos trae la parte final del Libro de las Se\u00f1ales, en la\ncual el evangelista hace un balance. Muchos creen en Jes\u00fas y tienen el valor de\nmanifestar su fe p\u00fablicamente. Otros disc\u00edpulos creyeron, pero no tuvieron el\nvalor de manifestar p\u00fablicamente su fe. Ten\u00edan miedo a ser expulsados de la\nsinagoga. Y muchos no creyeron: \u201cDespu\u00e9s de tantas se\u00f1ales que hab\u00eda hecho\ndelante de ellos, no creyeron en \u00e9l. As\u00ed se cumpli\u00f3 la palabra dicha por el\nprofeta Isa\u00edas: \u00abSe\u00f1or, \u00bfqui\u00e9n ha dado cr\u00e9dito a nuestras palabras? \u00bfA\nqui\u00e9n descubriste los secretos de nuestra salvaci\u00f3n?\u00bb (Jn 12, 37- 38).\nDespu\u00e9s de esta constataci\u00f3n general, Juan vuelve a tomar algunos temas\ncentrales de su evangelio:<\/p>\n\n\n\n<ul><li>Juan 12, 44-45: Creer en Jes\u00fas\nes creer en aquel que le ha enviado. Esta frase es un resumen del evangelio de\nJuan. Es un tema que aparece y reaparece de muchas maneras. Jes\u00fas est\u00e1 tan\nunido al Padre, que ya no habla en su nombre, sino que siempre habla en nombre\ndel Padre. Quien ve a Jes\u00fas, ve al Padre. Si se quiere conocer a Dios, hay que\nmirar a Jes\u00fas. \u00a1Dios es Jes\u00fas!<\/li><li>Juan 12, 46: Jes\u00fas es la luz\nque vino al mundo. Aqu\u00ed Juan retoma lo que hab\u00eda dicho en el pr\u00f3logo: \u201cEl verbo\nera la luz verdadera que ilumina a todo hombre que viene a este mundo\u201d (Jn 1,\n9). \u201cLa luz brilla en las tinieblas, pero las tinieblas no pudieron vencerla\u201d\n(Jn 1, 5). Aqu\u00ed \u00e9l repite: \u201cYo vine al mundo como luz, para que todo aquel que\ncree en m\u00ed no siga en las tinieblas\u201d. Jes\u00fas es una respuesta vital a los\ngrandes interrogantes que mueven e inspiran la b\u00fasqueda del ser humano. Es una\nluz que aclara el horizonte. Hace descubrir el lado luminoso de la oscuridad de\nla fe.<\/li><li>Juan 12, 47-48: No vine para\njuzgar al mundo. Llegando al final de una etapa, surge la pregunta: \u201c\u00bfC\u00f3mo va a\nser el juicio? En estos dos vers\u00edculos el evangelista aclara el tema del\njuicio. El juicio no se hace con amenazas de maldiciones. Jes\u00fas dice: Yo no\ncondeno quien oye mis palabras y no obedece a mis palabras, porque no he venido\nal mundo para condenar al mundo, sino para salvar al mundo. Quien me rechaza y\nno acepta mis palabras, ya tiene su juez: la palabra que yo habl\u00e9 ser\u00e1 su juez\nen el \u00faltimo d\u00eda. El juicio consiste en la manera en que la persona se define ante\nla verdad y ante su propia conciencia.<\/li><li>Juan 13, 49-50: Lo que digo, lo\ndigo seg\u00fan el Padre me dice. Las \u00faltimas palabras del Libro de las Se\u00f1ales son\nun resumen de todo que Jes\u00fas dice y hace hasta ahora. El reafirma lo que\nafirmaba desde el comienzo: \u201cPorque yo no he hablado por mi cuenta, sino que el\nPadre que me ha enviado me ha mandado lo que tengo que decir y hablar, y yo s\u00e9\nque su mandato es vida eterna. Por eso, lo que yo hablo lo hablo como el Padre\nme lo ha dicho a m\u00ed.\u00bb Jes\u00fas es el reflejo fiel del Padre. Por esto mismo, no\nofrece prueba ni argumento a los que le provocan para que se legitime y\npresente sus credenciales. Es el Padre quien lo legitima a trav\u00e9s de las obras\nque \u00e9l hace. Y diciendo obras, no se refiere s\u00f3lo a los grandes milagros, sino\na todo lo que \u00e9l dice y hace, hasta en las m\u00e1s m\u00ednimas cosas. Jes\u00fas, \u00e9l mismo,\nes Se\u00f1al del Padre. El es el milagro ambulante, la transparencia total. El ya\nno se pertenece, sino que es enteramente propiedad del Padre. Las credenciales\nde un embajador no vienen de \u00e9l, sino que vienen de aquel que le presenta.\nVienen del Padre.<\/li><\/ul>\n\n\n\n<h2>Para una relaci\u00f3n personal<\/h2>\n\n\n\n<ul><li>Juan hace un balance de la\nactividad reveladora de Jes\u00fas. Si yo hiciera un balance de mi vida, \u00bfqu\u00e9 habr\u00eda\nde positivo en m\u00ed?<\/li><li>\u00bfHay algo en m\u00ed que me condena?<\/li><\/ul>\n\n\n\n<h2>Oraci\u00f3n final<\/h2>\n\n\n\n<p>\u00a1Que los pueblos te den gracias, oh Dios, que todos los pueblos te den gracias! Que se alegren y exulten las naciones, pues juzgas al mundo con justicia, con equidad juzgas a los pueblos, gobiernas las naciones de la tierra. (Sal 67, 4-5)<\/p>\n\n\n\n<p style=\"text-align:center\">Todos los derechos:\nwww.ocarm.org<\/p>\n","protected":false},"excerpt":{"rendered":"<p>Tiempo de Pascua Oraci\u00f3n inicial Se\u00f1or, t\u00fa que eres la vida de los fieles, la gloria de los humildes y la felicidad de los santos, escucha nuestras s\u00faplicas y sacia con la abundancia de tus dones a los que tienen &hellip; <a href=\"https:\/\/www.ocdmx.org\/?p=4024\">Sigue leyendo <span class=\"meta-nav\">&rarr;<\/span><\/a><\/p>\n","protected":false},"author":1,"featured_media":0,"comment_status":"closed","ping_status":"closed","sticky":false,"template":"","format":"standard","meta":{"_jetpack_newsletter_access":""},"categories":[17],"tags":[],"jetpack_featured_media_url":"","jetpack_shortlink":"https:\/\/wp.me\/p2dsrC-12U","jetpack_sharing_enabled":true,"_links":{"self":[{"href":"https:\/\/www.ocdmx.org\/index.php?rest_route=\/wp\/v2\/posts\/4024"}],"collection":[{"href":"https:\/\/www.ocdmx.org\/index.php?rest_route=\/wp\/v2\/posts"}],"about":[{"href":"https:\/\/www.ocdmx.org\/index.php?rest_route=\/wp\/v2\/types\/post"}],"author":[{"embeddable":true,"href":"https:\/\/www.ocdmx.org\/index.php?rest_route=\/wp\/v2\/users\/1"}],"replies":[{"embeddable":true,"href":"https:\/\/www.ocdmx.org\/index.php?rest_route=%2Fwp%2Fv2%2Fcomments&post=4024"}],"version-history":[{"count":1,"href":"https:\/\/www.ocdmx.org\/index.php?rest_route=\/wp\/v2\/posts\/4024\/revisions"}],"predecessor-version":[{"id":4025,"href":"https:\/\/www.ocdmx.org\/index.php?rest_route=\/wp\/v2\/posts\/4024\/revisions\/4025"}],"wp:attachment":[{"href":"https:\/\/www.ocdmx.org\/index.php?rest_route=%2Fwp%2Fv2%2Fmedia&parent=4024"}],"wp:term":[{"taxonomy":"category","embeddable":true,"href":"https:\/\/www.ocdmx.org\/index.php?rest_route=%2Fwp%2Fv2%2Fcategories&post=4024"},{"taxonomy":"post_tag","embeddable":true,"href":"https:\/\/www.ocdmx.org\/index.php?rest_route=%2Fwp%2Fv2%2Ftags&post=4024"}],"curies":[{"name":"wp","href":"https:\/\/api.w.org\/{rel}","templated":true}]}}