{"id":4026,"date":"2021-04-30T00:08:26","date_gmt":"2021-04-30T06:08:26","guid":{"rendered":"https:\/\/www.ocdmx.org\/?p=4026"},"modified":"2021-04-09T09:12:53","modified_gmt":"2021-04-09T15:12:53","slug":"lectio-divina-vie-30-abr-21","status":"publish","type":"post","link":"https:\/\/www.ocdmx.org\/?p=4026","title":{"rendered":"Lectio divina vie, 30 abr 21"},"content":{"rendered":"\n<p><em>Tiempo de Pascua<\/em><\/p>\n\n\n\n<h2>Oraci\u00f3n inicial<\/h2>\n\n\n\n<p>Se\u00f1or Dios, origen de nuestra libertad y de nuestra salvaci\u00f3n, escucha las s\u00faplicas de quienes te invocamos; y pues nos has salvado por la sangre de tu Hijo, haz que vivamos siempre en ti y en ti encontremos la felicidad eterna. Por nuestro Se\u00f1or.<\/p>\n\n\n\n<h2>Lectura<\/h2>\n\n\n\n<p><strong>Del Evangelio seg\u00fan Juan 14,1-6<\/strong><\/p>\n\n\n\n<p>\u00abNo se turbe vuestro coraz\u00f3n. Cre\u00e9is en Dios: creed tambi\u00e9n en m\u00ed. En la\ncasa de mi Padre hay muchas mansiones; si no, os lo habr\u00eda dicho; porque voy a\nprepararos un lugar. Y cuando haya ido y os haya preparado un lugar, volver\u00e9 y\nos tomar\u00e9 conmigo, para que donde est\u00e9 yo est\u00e9is tambi\u00e9n vosotros. Y adonde yo\nvoy sab\u00e9is el camino.\u00bb Le dice Tom\u00e1s: \u00abSe\u00f1or, no sabemos a d\u00f3nde vas, \u00bfc\u00f3mo\npodemos saber el camino?\u00bb Le dice Jes\u00fas: \u00abYo soy el Camino, la Verdad y la\nVida. Nadie va al Padre sino por m\u00ed. \u00bb<\/p>\n\n\n\n<h2>Reflexi\u00f3n<\/h2>\n\n\n\n<p>Estos cinco cap\u00edtulos (Jn 13 a 17) son un lindo ejemplo de c\u00f3mo las\ncomunidades del Disc\u00edpulo Amado de finales del primer siglo hac\u00edan catequesis,\nall\u00e1 en Asia Menor, actual Turqu\u00eda. Por ejemplo, en este cap\u00edtulo 14, las\npreguntas de los tres disc\u00edpulos Tom\u00e1s (Jn 14,5), Felipe (Jn 14,8) y Judas\nTadeo (Jn 14,22), eran tambi\u00e9n las preguntas y los problemas de las\nComunidades. As\u00ed, las respuestas de Jes\u00fas para los tres eran un espejo en el\nque las comunidades encontraban una respuesta a sus propias dudas y dificultades.\nPara percibir mejor el ambiente en que se hac\u00eda catequesis, hay que hacer lo\nsiguiente. Durante o despu\u00e9s de la lectura del texto, es bueno cerrar los ojos\ne imaginar que se est\u00e1 en la sala en medio de los disc\u00edpulos, participando en\nel encuentro con Jes\u00fas. En la medida en que se va escuchando, es bueno tratar\nde prestar atenci\u00f3n a c\u00f3mo Jes\u00fas prepara a sus amigos para la separaci\u00f3n y les\nrevela su amistad, transmitiendo seguridad y apoyo.<\/p>\n\n\n\n<ul><li>\u2022 Juan 14, b1-2: Nada te turbe.\nEl texto empieza con una exhortaci\u00f3n: \u00ab\u00a1No se turbe vuestro coraz\u00f3n!\u00bb\nEn seguida dice: \u00abEn la casa de mi Padre hay distintas moradas\u00bb. La\ninsistencia en conservar palabras de \u00e1nimo que ayudan a superar la perturbaci\u00f3n\ny las divergencias, es una se\u00f1al de que hab\u00eda mucha pol\u00e9mica y divergencias\nentre las comunidades. Unas dec\u00edan a las otras: \u00abNuestra manera de vivir\nla fe es mejor que la vuestra. \u00a1Nosotros nos salvamos! \u00a1Vosotros est\u00e1is\nequivocados! Si quer\u00e9is ir al cielo, ten\u00e9is que convertiros y vivir como\nnosotros vivimos.\u00bb Jes\u00fas dice: \u00ab\u00a1En casa de mi Padre hay muchas\nmoradas!\u00bb No es necesario que todos piensen del mismo modo. Lo importante\nes que todos acepten a Jes\u00fas como revelaci\u00f3n del Padre y que, por amor hacia\n\u00e9l, tengan actitudes de comprensi\u00f3n, de servicio y de amor. Amor y servicio son\nel cemento que une entre s\u00ed los ladrillos y hace que las diversas comunidades\nsean una iglesia de hermanos y de hermanas.<\/li><li>Juan 14, 3-4: Jes\u00fas se despide.\nJes\u00fas dice que va a preparar un lugar y que despu\u00e9s volver\u00e1 para llevarnos con\n\u00e9l a la casa del Padre. El quiere que estemos todos con \u00e9l para siempre. El\nretorno del que habla Jes\u00fas es la venida del Esp\u00edritu que \u00e9l manda y que\ntrabaja en nosotros, para que podamos vivir como \u00e9l vivi\u00f3 (Jn 14,16-17.26;\n16,13- 14). Jes\u00fas termina diciendo: \u00ab\u00a1Y a donde yo voy sab\u00e9is el\ncamino!\u00bb Quien conoce a Jes\u00fas, conoce el camino, pues el camino es la vida\nque \u00e9l vivi\u00f3 y que le llev\u00f3 a trav\u00e9s de la muerte junto al Padre.<\/li><li>Juan 14, 5-6: Tom\u00e1s pregunta\npor el camino. Tom\u00e1s dice: \u00abSe\u00f1or, no sabemos a d\u00f3nde vas. \u00bfC\u00f3mo podemos\nconocer el camino?\u201d Jes\u00fas responde: \u00abYo soy el camino, la verdad y la\nvida. Nadie va al Padre sino por m\u00ed\u201d. Tres palabras importantes. Sin un camino,\nno se anda. Sin verdad, no se acierta. Sin vida, \u00a1s\u00f3lo hay muerte! Jes\u00fas\nexplica el sentido, porque \u00ab\u00a1nadie viene al Padre sino por m\u00ed!\u00bb Pues,\n\u00e9l es la puerta por donde las ovejas entran y salen (Jn 10, 9). Jes\u00fas es la\nverdad, porque mir\u00e1ndole a \u00e9l, estamos viendo la imagen del Padre. \u00ab\u00a1Si\nvosotros me conocierais, conocierais tambi\u00e9n al Padre!\u00bb Jes\u00fas es la vida,\nporque caminando como Jes\u00fas camin\u00f3, estaremos unidos al Padre y tendremos la\nvida en nosotros.<\/li><\/ul>\n\n\n\n<h2>Para la reflexi\u00f3n personal<\/h2>\n\n\n\n<ul><li>\u00bfQu\u00e9 buenos encuentros guardas\nen la memoria y que te son fuerza para tu caminar?<\/li><li>Jes\u00fas dice: \u00abEn la casa de\nmi Padre hay distintas moradas\u00bb. \u00bfQu\u00e9 significa esta afirmaci\u00f3n para\nnosotros, hoy?<\/li><\/ul>\n\n\n\n<h2>Oraci\u00f3n final<\/h2>\n\n\n\n<p>Cantad a Yahv\u00e9 un nuevo canto, porque ha obrado maravillas; le sirvi\u00f3 de\nayuda su diestra, su santo brazo. (Sal 98,1)<\/p>\n\n\n\n<p style=\"text-align:center\">Todos los\nderechos: www.ocarm.org<\/p>\n","protected":false},"excerpt":{"rendered":"<p>Tiempo de Pascua Oraci\u00f3n inicial Se\u00f1or Dios, origen de nuestra libertad y de nuestra salvaci\u00f3n, escucha las s\u00faplicas de quienes te invocamos; y pues nos has salvado por la sangre de tu Hijo, haz que vivamos siempre en ti y &hellip; <a href=\"https:\/\/www.ocdmx.org\/?p=4026\">Sigue leyendo <span class=\"meta-nav\">&rarr;<\/span><\/a><\/p>\n","protected":false},"author":1,"featured_media":0,"comment_status":"closed","ping_status":"closed","sticky":false,"template":"","format":"standard","meta":{"_jetpack_newsletter_access":""},"categories":[17],"tags":[],"jetpack_featured_media_url":"","jetpack_shortlink":"https:\/\/wp.me\/p2dsrC-12W","jetpack_sharing_enabled":true,"_links":{"self":[{"href":"https:\/\/www.ocdmx.org\/index.php?rest_route=\/wp\/v2\/posts\/4026"}],"collection":[{"href":"https:\/\/www.ocdmx.org\/index.php?rest_route=\/wp\/v2\/posts"}],"about":[{"href":"https:\/\/www.ocdmx.org\/index.php?rest_route=\/wp\/v2\/types\/post"}],"author":[{"embeddable":true,"href":"https:\/\/www.ocdmx.org\/index.php?rest_route=\/wp\/v2\/users\/1"}],"replies":[{"embeddable":true,"href":"https:\/\/www.ocdmx.org\/index.php?rest_route=%2Fwp%2Fv2%2Fcomments&post=4026"}],"version-history":[{"count":1,"href":"https:\/\/www.ocdmx.org\/index.php?rest_route=\/wp\/v2\/posts\/4026\/revisions"}],"predecessor-version":[{"id":4027,"href":"https:\/\/www.ocdmx.org\/index.php?rest_route=\/wp\/v2\/posts\/4026\/revisions\/4027"}],"wp:attachment":[{"href":"https:\/\/www.ocdmx.org\/index.php?rest_route=%2Fwp%2Fv2%2Fmedia&parent=4026"}],"wp:term":[{"taxonomy":"category","embeddable":true,"href":"https:\/\/www.ocdmx.org\/index.php?rest_route=%2Fwp%2Fv2%2Fcategories&post=4026"},{"taxonomy":"post_tag","embeddable":true,"href":"https:\/\/www.ocdmx.org\/index.php?rest_route=%2Fwp%2Fv2%2Ftags&post=4026"}],"curies":[{"name":"wp","href":"https:\/\/api.w.org\/{rel}","templated":true}]}}