{"id":4029,"date":"2021-05-01T00:04:15","date_gmt":"2021-05-01T06:04:15","guid":{"rendered":"https:\/\/www.ocdmx.org\/?p=4029"},"modified":"2021-04-30T09:06:21","modified_gmt":"2021-04-30T15:06:21","slug":"lectio-divina-sab-1-may-2021","status":"publish","type":"post","link":"https:\/\/www.ocdmx.org\/?p=4029","title":{"rendered":"Lectio divina sab, 1 may 2021"},"content":{"rendered":"\n<h2>Oraci\u00f3n inicial<\/h2>\n\n\n\n<p>Dios todopoderoso y eterno, conc\u00e9denos vivir siempre en plenitud el\nmisterio pascual, para que, renacidos en el bautismo, demos fruto abundante de\nvida cristiana y alcancemos, finalmente, las alegr\u00edas eternas. Por nuestro\nSe\u00f1or.<\/p>\n\n\n\n<h2>Lectura<\/h2>\n\n\n\n<h4>Del Evangelio seg\u00fan Juan\n14,7-14<\/h4>\n\n\n\n<p>\u201cSi me conoc\u00e9is a m\u00ed, conocer\u00e9is tambi\u00e9n a mi Padre; desde ahora lo\nconoc\u00e9is y lo hab\u00e9is visto.\u201d Le dice Felipe: \u00abSe\u00f1or, mu\u00e9stranos al Padre y nos\nbasta.\u00bb Le dice Jes\u00fas: \u00ab\u00bfTanto tiempo hace que estoy con vosotros y no me\nconoces, Felipe? El que me ha visto a m\u00ed, ha visto al Padre. \u00bfC\u00f3mo dices t\u00fa:\nMu\u00e9stranos al Padre\u00bb? \u00bfNo crees que yo estoy en el Padre y el Padre est\u00e1 en m\u00ed?\nLas palabras que os digo, no las digo por mi cuenta; el Padre que permanece en\nm\u00ed es el que realiza las obras. Creedme: yo estoy en el Padre y el Padre est\u00e1\nen m\u00ed. Al menos, creedlo por las obras. En verdad, en verdad os digo: el que\ncrea en m\u00ed, har\u00e1 \u00e9l tambi\u00e9n las obras que yo hago, y har\u00e1 mayores a\u00fan, porque\nyo voy al Padre. Y todo lo que pid\u00e1is en mi nombre, yo lo har\u00e9, para que el\nPadre sea glorificado en el Hijo. Si me ped\u00eds algo en mi nombre, yo lo har\u00e9.<\/p>\n\n\n\n<h2>Reflexi\u00f3n<\/h2>\n\n\n\n<ul><li>Juan 14,7: Conocer a Jes\u00fas es conocer al Padre. El texto del evangelio de\nhoy es una continuaci\u00f3n del de ayer. Tom\u00e1s hab\u00eda preguntado: \u00abSe\u00f1or, no\nsabemos a d\u00f3nde vas. \u00bfC\u00f3mo podemos saber el camino?\u00bb Jes\u00fas respondi\u00f3:\n\u00abYo soy el camino, la verdad y la vida. Nadie va al Padre sino por m\u00ed. Y\na\u00f1adi\u00f3: \u201cSi me conoc\u00e9is a m\u00ed, conocer\u00e9is tambi\u00e9n al Padre. Desde ahora lo\nconoc\u00e9is y lo hab\u00e9is visto\u00bb. Esta es la primera frase del evangelio de\nhoy. Jes\u00fas habla siempre del Padre, pues todo lo que hablaba y hac\u00eda era\ntransparencia de la vida del Padre. Esta referencia constante al Padre provoca\nla pregunta de Felipe.<\/li><li>Juan 14,8-11: Felipe pregunta: \u00ab\u00a1Mu\u00e9stranos al Padre y nos basta!\u201d Era\nel deseo de los disc\u00edpulos, el deseo de mucha gente en las comunidades del\nDisc\u00edpulo Amado y es el deseo de muchos de nosotros hoy: \u00bfc\u00f3mo hace la gente\npara ver al Padre del que Jes\u00fas habla tanto? La respuesta de Jes\u00fas es muy\nbonita y vale hasta hoy: \u00ab\u00bfTanto tiempo hace que estoy con vosotros y a\u00fan\nno me conoces, Felipe? \u00a1El que me ha visto a m\u00ed ha visto al Padre!\u00bb La\ngente no debe pensar que Dios est\u00e1 lejos de nosotros, como alguien distante y\ndesconocido. Quien quiere saber c\u00f3mo es y qui\u00e9n es Dios, basta que le mire a\nJes\u00fas. El lo ha revelado en las palabras y en los gestos de su vida. \u00ab\u00a1El\nPadre est\u00e1 en m\u00ed y yo estoy en el Padre!\u00bb A trav\u00e9s de su obediencia, Jes\u00fas\nest\u00e1 totalmente identificado con el Padre. En cada momento hac\u00eda lo que el\nPadre mostraba que hab\u00eda que hacer (Jn 5,30; 8,28-29.38). Por esto, en Jes\u00fas,\n\u00a1todo es revelaci\u00f3n del Padre! Y las se\u00f1ales o las obras de Jes\u00fas \u00a1son obras\ndel Padre! Como dice la gente: \u00ab\u00a1Este hijo le ha cortado la cara a su\npadre!\u00bb Por esto, en Jes\u00fas y por Jes\u00fas, Dios est\u00e1 en medio de nosotros.<\/li><li>Juan 14,12-14: Promesa de Jes\u00fas. Jes\u00fas hace una promesa para decir que la\nintimidad que \u00e9l tiene con el Padre no es un privilegio que s\u00f3lo le pertenece a\n\u00e9l, sino que es posible para todos aquellos que creen en \u00e9l. Nosotros tambi\u00e9n,\na trav\u00e9s de Jes\u00fas, podemos llegar a hacer cosas bonitas para los dem\u00e1s como\nJes\u00fas hac\u00eda para la gente de su tiempo. El va a interceder por nosotros. Todo\nlo que la gente le pide, \u00e9l lo va a pedir al Padre y lo va a conseguir, con tal\nque sea para servir. Jes\u00fas es nuestro defensor. El se va, pero no nos deja sin\ndefensa. Promete que va a pedir al Padre que env\u00ede a otro defensor o\nconsolador, el Esp\u00edritu Santo. Jes\u00fas llega a decir que precisa irse ahora,\nporque, de lo contrario, el Esp\u00edritu Santo no podr\u00e1 venir (Jn 16,7). Es el\nEsp\u00edritu Santo el que realizar\u00e1 las cosas de Jes\u00fas en nosotros, si actuamos en\nnombre de Jes\u00fas y observamos el gran mandamiento de la pr\u00e1ctica del amor.<\/li><\/ul>\n\n\n\n<h2>Para la reflexi\u00f3n personal<\/h2>\n\n\n\n<ul><li>Conocer a Jes\u00fas es conocer al Padre. En la Biblia \u201cconocer a una persona\u201d\nno es una compensaci\u00f3n intelectual, sino que implica tambi\u00e9n una profunda\nexperiencia de la presencia de esta persona en la vida. \u00bfConozco a Jes\u00fas?<\/li><li>\u00bfConozco al Padre?<\/li><\/ul>\n\n\n\n<h2>Oraci\u00f3n final<\/h2>\n\n\n\n<p>Los confines de la tierra han visto la salvaci\u00f3n de nuestro Dios.<br>\u00a1Aclama a Yahv\u00e9, tierra entera, gritad alegres, gozosos, cantad! (Sal 98: 3-4).<\/p>\n\n\n\n<p style=\"text-align:center\">Todos los derechos: www.ocarm.org<\/p>\n","protected":false},"excerpt":{"rendered":"<p>Oraci\u00f3n inicial Dios todopoderoso y eterno, conc\u00e9denos vivir siempre en plenitud el misterio pascual, para que, renacidos en el bautismo, demos fruto abundante de vida cristiana y alcancemos, finalmente, las alegr\u00edas eternas. Por nuestro Se\u00f1or. Lectura Del Evangelio seg\u00fan Juan &hellip; <a href=\"https:\/\/www.ocdmx.org\/?p=4029\">Sigue leyendo <span class=\"meta-nav\">&rarr;<\/span><\/a><\/p>\n","protected":false},"author":1,"featured_media":0,"comment_status":"closed","ping_status":"closed","sticky":false,"template":"","format":"standard","meta":{"_jetpack_newsletter_access":""},"categories":[17],"tags":[],"jetpack_featured_media_url":"","jetpack_shortlink":"https:\/\/wp.me\/p2dsrC-12Z","jetpack_sharing_enabled":true,"_links":{"self":[{"href":"https:\/\/www.ocdmx.org\/index.php?rest_route=\/wp\/v2\/posts\/4029"}],"collection":[{"href":"https:\/\/www.ocdmx.org\/index.php?rest_route=\/wp\/v2\/posts"}],"about":[{"href":"https:\/\/www.ocdmx.org\/index.php?rest_route=\/wp\/v2\/types\/post"}],"author":[{"embeddable":true,"href":"https:\/\/www.ocdmx.org\/index.php?rest_route=\/wp\/v2\/users\/1"}],"replies":[{"embeddable":true,"href":"https:\/\/www.ocdmx.org\/index.php?rest_route=%2Fwp%2Fv2%2Fcomments&post=4029"}],"version-history":[{"count":2,"href":"https:\/\/www.ocdmx.org\/index.php?rest_route=\/wp\/v2\/posts\/4029\/revisions"}],"predecessor-version":[{"id":4031,"href":"https:\/\/www.ocdmx.org\/index.php?rest_route=\/wp\/v2\/posts\/4029\/revisions\/4031"}],"wp:attachment":[{"href":"https:\/\/www.ocdmx.org\/index.php?rest_route=%2Fwp%2Fv2%2Fmedia&parent=4029"}],"wp:term":[{"taxonomy":"category","embeddable":true,"href":"https:\/\/www.ocdmx.org\/index.php?rest_route=%2Fwp%2Fv2%2Fcategories&post=4029"},{"taxonomy":"post_tag","embeddable":true,"href":"https:\/\/www.ocdmx.org\/index.php?rest_route=%2Fwp%2Fv2%2Ftags&post=4029"}],"curies":[{"name":"wp","href":"https:\/\/api.w.org\/{rel}","templated":true}]}}