{"id":4034,"date":"2021-05-03T00:14:12","date_gmt":"2021-05-03T06:14:12","guid":{"rendered":"https:\/\/www.ocdmx.org\/?p=4034"},"modified":"2021-04-30T09:16:28","modified_gmt":"2021-04-30T15:16:28","slug":"lectio-divina-lun-3-may-2021","status":"publish","type":"post","link":"https:\/\/www.ocdmx.org\/?p=4034","title":{"rendered":"Lectio divina lun, 3 may 2021"},"content":{"rendered":"\n<p>Fiesta de Philip and James Tiempo de Pascua<\/p>\n\n\n\n<h2>Oraci\u00f3n inicial<\/h2>\n\n\n\n<p>Tu Hijo, Se\u00f1or, despu\u00e9s de subir al cielo, envi\u00f3 sobre los ap\u00f3stoles el\nEsp\u00edritu Santo, que hab\u00eda prometido, para que penetraran en los misterios del\nreino; te pedimos que repartas tambi\u00e9n entre nosotros los dones de este mismo\nEsp\u00edritu. Por nuestro Se\u00f1or.<\/p>\n\n\n\n<h2>Lectura<\/h2>\n\n\n\n<h4>Del santo Evangelio seg\u00fan Juan\n14, 6-14<\/h4>\n\n\n\n<p>Le dice Jes\u00fas: \u00abYo soy el Camino, la Verdad y la Vida.\nNadie va al Padre sino por m\u00ed. Si me conoc\u00e9is a m\u00ed, conocer\u00e9is tambi\u00e9n a mi\nPadre; desde ahora lo conoc\u00e9is y lo hab\u00e9is visto.\u00bb Le dice Felipe: \u00abSe\u00f1or,\nmu\u00e9stranos al Padre y nos basta.\u00bb Le dice Jes\u00fas: \u00ab\u00bfTanto tiempo hace que estoy\ncon vosotros y no me conoces, Felipe? El que me ha visto a m\u00ed, ha visto al\nPadre. \u00bfC\u00f3mo dices t\u00fa: \u00abMu\u00e9stranos al Padre\u00bb? \u00bfNo crees que yo estoy en el\nPadre y el Padre est\u00e1 en m\u00ed? Las palabras que os digo, no las digo por mi cuenta;\nel Padre que permanece en m\u00ed es el que realiza las obras. Creedme: yo estoy en\nel Padre y el Padre est\u00e1 en m\u00ed. Al menos, creedlo por las obras. En verdad, en\nverdad os digo: el que crea en m\u00ed, har\u00e1 \u00e9l tambi\u00e9n las obras que yo hago, y\nhar\u00e1 mayores a\u00fan, porque yo voy al Padre. Y todo lo que pid\u00e1is en mi nombre, yo\nlo har\u00e9, para que el Padre sea glorificado en el Hijo. Si me ped\u00eds algo en mi\nnombre, yo lo har\u00e9.<\/p>\n\n\n\n<p><strong>Reflexi\u00f3n<\/strong><\/p>\n\n\n\n<p>El evangelio de hoy, fiesta de los ap\u00f3stoles Felipe y Santiago, es el mismo\nque meditamos durante la cuarta semana de Pascua, cuando el ap\u00f3stol Felipe pide\na Jes\u00fas: \u201cMu\u00e9stranos al Padre y esto nos basta.\u201d<\/p>\n\n\n\n<ul><li>Juan 14, 6: Yo soy el camino, la verdad y la vida. Tom\u00e1s hab\u00eda preguntado:\n\u00abSe\u00f1or, no sabemos a d\u00f3nde vas. \u00bfC\u00f3mo podemos conocer el camino?\u201d Jes\u00fas\nresponde: \u00abYo soy el camino, la verdad y la vida. Nadie va al Padre sino\npor m\u00ed\u201d. \u00abYo soy el camino, la verdad y la vida. Nadie va al Padre sino\npor m\u00ed\u201d. Tres palabras importantes. Sin un camino, no se anda. Sin verdad, no\nse acierta. Sin vida, s\u00f3lo \u00a1hay muerte! Jes\u00fas explica el sentido. El es el\ncamino, porque \u00ab\u00a1nadie viene al Padre sino por m\u00ed!\u00bb Pues, \u00e9l es la\npuerta por donde las ovejas entran y salen (Jn 10,9). Jes\u00fas es la verdad,\nporque mir\u00e1ndole a \u00e9l, estamos viendo la imagen del Padre. \u00ab\u00a1Si vosotros\nme conocierais, conocer\u00edais tambi\u00e9n al Padre!\u00bb Jes\u00fas es la vida, porque\ncaminando como Jes\u00fas camin\u00f3, estaremos unidos al Padre y tendremos la vida en\nnosotros.<\/li><li>Juan 14, 7: Conocer a Jes\u00fas es conocer al Padre. Tommaso pregunt\u00f3:\n\u00abSe\u00f1or, no sabemos d\u00f3nde vas. \u00bfC\u00f3mo podemos conocer la calle?\u00bb Jes\u00fas\ncontesta: \u00abYo soy el Camino, la Verdad y la Vida. Nadie va al Padre sino\npor m\u00ed.\u00bb Y a\u00f1ade: \u201cSi me conoc\u00e9is a m\u00ed, conocer\u00e9is tambi\u00e9n a mi Padre;\ndesde ahora lo conoc\u00e9is y lo hab\u00e9is visto\u201d. Jes\u00fas habla siempre del Padre, pues\nel Padre era su vida y transparenta en todo lo que Jes\u00fas hace y dice. Esta\nreferencia constante al Padre provoca la pregunta de Felipe, cuya fiesta\ncelebramos hoy.<\/li><li>Juan 14, 8-11: Felipe pregunta: \u00abMu\u00e9stranos al Padre, \u00a1y esto nos\nbasta!\u00bb Ver y experimentar al Padre era el deseo de los disc\u00edpulos; era el\ndeseo de muchas personas en las comunidades del Disc\u00edpulo Amado de Asia Menor\ny, hasta hoy, contin\u00faa siendo el deseo de muchos de nosotros. \u00bfC\u00f3mo\nexperimentar la presencia del Padre de la que tanto habla Jes\u00fas? La respuesta de\nJes\u00fas es muy bonita y vale hasta hoy: \u00abFelipe, \u00bftanto tiempo hace que\nestoy con vosotros y no me conoces? \u00a1El que ha visto a mi, ha visto al\nPadre!\u00bb La gente no debe pensar que Dios est\u00e1 lejos de nosotros, como alguien\ndistante y desconocido. Aquel que quiere saber c\u00f3mo y qui\u00e9n es Dios Padre,\nbasta que mire a Jes\u00fas. El lo ha revelado en las palabras y en los gestos de su\nvida. \u00ab\u00a1El Padre est\u00e1 en mi, e yo estoy en el Padre!\u00bb A trav\u00e9s de su\nobediencia, Jes\u00fas est\u00e1 totalmente identificado con el Padre. En cada momento \u00e9l\nhac\u00eda lo que el Padre le mostraba para que lo hiciera (Jn 5, 30; 8, 28-29. 38).\nPor esto, en Jes\u00fas \u00a1todo es revelaci\u00f3n del Padre! \u00a1Y los signos o las obras de\nJes\u00fas son obras del Padre! Como dice la gente: \u00ab\u00a1El hijo es la cara del padre!\u00bb\nEn Jes\u00fas y por Jes\u00fas, Dios est\u00e1 en medio de nosotros.<\/li><li>Juan 14, 12-14: Promesa de Jes\u00fas. Jes\u00fas hace una promesa para decir que la\nintimidad con el Padre no es privilegio s\u00f3lo de \u00e9l, sino que es posible para\ntodos y todas aquellos que creen en \u00e9l: El que crea en m\u00ed, har\u00e1 \u00e9l tambi\u00e9n las\nobras que yo hago, y har\u00e1 mayores a\u00fan, porque yo voy al Padre. Y todo lo que\npid\u00e1is en mi nombre, yo lo har\u00e9, para que el Padre sea glorificado en el Hijo.\nSi me ped\u00eds algo en mi nombre, yo lo har\u00e9. Nosotros tambi\u00e9n, a trav\u00e9s de Jes\u00fas,\npodemos llegar a hacer cosas bonitas para los dem\u00e1s como las hac\u00eda Jes\u00fas para\nla gente de su tiempo. El interceder\u00e1 por nosotros. Todo lo que la gente le\npide, \u00e9l lo va a pedir al Padre, y lo conseguir\u00e1, siempre que sea para servir.\nJes\u00fas es nuestro defensor. El se va pero no nos deja sin defensa. Promete que\nva a pedir al Padre que mande a otro defensor o consolador, al Esp\u00edritu Santo\n(Jn 14, 15-17). Jes\u00fas llega a decir que el precisa irse ahora, pues, de lo contrario,\nel Esp\u00edritu Santo no podr\u00e1 venir (Jn 16, 7). El Esp\u00edritu Santo realizar\u00e1 las\ncosas de Jes\u00fas en nosotros, si observamos el gran mandamiento de la pr\u00e1ctica\ndel amor.<\/li><\/ul>\n\n\n\n<h2>Para la reflexi\u00f3n personal<\/h2>\n\n\n\n<ul><li>Jes\u00fas es el camino, la verdad y la vida. Sin camino, sin verdad y sin vida\nno se vive. Trata de dejar penetrar esto en tu conciencia.<\/li><li>Dos preguntas importantes: \u00bfQui\u00e9n es Jes\u00fas para m\u00ed? \u00bfQui\u00e9n soy yo para\nJes\u00fas?<\/li><\/ul>\n\n\n\n<h2>Oraci\u00f3n final<\/h2>\n\n\n\n<p>Los cielos cuentan la gloria de Dios, el firmamento anuncia la obra de sus\nmanos; el d\u00eda al d\u00eda comunica el mensaje, la noche a la noche le pasa la noticia.\n(Sal 19, 2-3) <\/p>\n\n\n\n<p style=\"text-align:center\">Todos los derechos: www.ocarm.org<\/p>\n","protected":false},"excerpt":{"rendered":"<p>Fiesta de Philip and James Tiempo de Pascua Oraci\u00f3n inicial Tu Hijo, Se\u00f1or, despu\u00e9s de subir al cielo, envi\u00f3 sobre los ap\u00f3stoles el Esp\u00edritu Santo, que hab\u00eda prometido, para que penetraran en los misterios del reino; te pedimos que repartas &hellip; <a href=\"https:\/\/www.ocdmx.org\/?p=4034\">Sigue leyendo <span class=\"meta-nav\">&rarr;<\/span><\/a><\/p>\n","protected":false},"author":1,"featured_media":0,"comment_status":"closed","ping_status":"closed","sticky":false,"template":"","format":"standard","meta":{"_jetpack_newsletter_access":""},"categories":[17],"tags":[],"jetpack_featured_media_url":"","jetpack_shortlink":"https:\/\/wp.me\/p2dsrC-134","jetpack_sharing_enabled":true,"_links":{"self":[{"href":"https:\/\/www.ocdmx.org\/index.php?rest_route=\/wp\/v2\/posts\/4034"}],"collection":[{"href":"https:\/\/www.ocdmx.org\/index.php?rest_route=\/wp\/v2\/posts"}],"about":[{"href":"https:\/\/www.ocdmx.org\/index.php?rest_route=\/wp\/v2\/types\/post"}],"author":[{"embeddable":true,"href":"https:\/\/www.ocdmx.org\/index.php?rest_route=\/wp\/v2\/users\/1"}],"replies":[{"embeddable":true,"href":"https:\/\/www.ocdmx.org\/index.php?rest_route=%2Fwp%2Fv2%2Fcomments&post=4034"}],"version-history":[{"count":1,"href":"https:\/\/www.ocdmx.org\/index.php?rest_route=\/wp\/v2\/posts\/4034\/revisions"}],"predecessor-version":[{"id":4035,"href":"https:\/\/www.ocdmx.org\/index.php?rest_route=\/wp\/v2\/posts\/4034\/revisions\/4035"}],"wp:attachment":[{"href":"https:\/\/www.ocdmx.org\/index.php?rest_route=%2Fwp%2Fv2%2Fmedia&parent=4034"}],"wp:term":[{"taxonomy":"category","embeddable":true,"href":"https:\/\/www.ocdmx.org\/index.php?rest_route=%2Fwp%2Fv2%2Fcategories&post=4034"},{"taxonomy":"post_tag","embeddable":true,"href":"https:\/\/www.ocdmx.org\/index.php?rest_route=%2Fwp%2Fv2%2Ftags&post=4034"}],"curies":[{"name":"wp","href":"https:\/\/api.w.org\/{rel}","templated":true}]}}