{"id":4036,"date":"2021-05-04T00:16:48","date_gmt":"2021-05-04T06:16:48","guid":{"rendered":"https:\/\/www.ocdmx.org\/?p=4036"},"modified":"2021-04-30T09:19:05","modified_gmt":"2021-04-30T15:19:05","slug":"lectio-divina-mar-4-may-2021","status":"publish","type":"post","link":"https:\/\/www.ocdmx.org\/?p=4036","title":{"rendered":"Lectio divina mar, 4 may 2021"},"content":{"rendered":"\n<h4>Tiempo de Pascua<\/h4>\n\n\n\n<p><strong>Oraci\u00f3n inicial<\/strong><\/p>\n\n\n\n<p>Se\u00f1or, t\u00fa que en la resurrecci\u00f3n de Jesucristo nos has engendrado de nuevo\npara que renaci\u00e9ramos a una vida eterna, fortifica la fe de tu pueblo y afianza\nsu esperanza, a fin de que nunca dudemos que llegar\u00e1 a realizarse lo que nos\ntienes prometido. Por nuestro Se\u00f1or.<\/p>\n\n\n\n<p><strong>Lectura<\/strong><\/p>\n\n\n\n<h4>Del Evangelio seg\u00fan Juan 14,\n27-31a<\/h4>\n\n\n\n<p>Os dejo la paz, mi paz os doy; no os la doy como la da el mundo. No se\nturbe vuestro coraz\u00f3n ni se acobarde. Hab\u00e9is o\u00eddo que os he dicho: Me voy y\nvolver\u00e9 a vosotros. Si me amarais, os alegrar\u00edais de que me vaya al Padre,\nporque el Padre es m\u00e1s grande que yo. Y os lo digo ahora, antes de que suceda,\npara que cuando suceda cre\u00e1is. Ya no hablar\u00e9 muchas cosas con vosotros, porque\nllega el Pr\u00edncipe de este mundo. En m\u00ed no tiene ning\u00fan poder; pero ha de saber\nel mundo que amo al Padre y que obro seg\u00fan el Padre me ha ordenado.<\/p>\n\n\n\n<h2>Reflexi\u00f3n<\/h2>\n\n\n\n<ul><li>Aqu\u00ed, en Juan 14, 27, comienza la despedida de Jes\u00fas y al final del\ncap\u00edtulo 14, \u00e9l cierra la conversaci\u00f3n diciendo: \u00ab\u00a1Levantaos! \u00a1V\u00e1monos de\naqu\u00ed!\u00bb (Jn 14, 31). Pero, en vez de salir de la sala, Jes\u00fas sigue hablando\npor otros tres cap\u00edtulos: 15, 16 y 17. Si se leen estos tres cap\u00edtulos, al\ncomienzo del cap\u00edtulo 18 se encuentra la siguiente frase: \u00abDicho esto,\npas\u00f3 Jes\u00fas con sus disc\u00edpulos al otro lado del torrente Cedr\u00f3n, donde hab\u00eda un\nhuerto, en el que entraron \u00e9l y sus disc\u00edpulos\u201d. (Jn 18, 1). En Juan 18, 1 est\u00e1\nla continuaci\u00f3n de Juan 14, 31. El Evangelio de Juan es como un pr\u00f3logo bonito\nque se fue construyendo lentamente, pedazo por pedazo, ladrillo sobre ladrillo.\nAqu\u00ed y all\u00e1, quedan se\u00f1ales de estos reajustes. De cualquier forma, todos los textos,\ntodos los ladrillos, forman parte del edificio y son Palabra de Dios para\nnosotros.<\/li><li>Juan 14, 27: El don de la Paz. Jes\u00fas comunica su paz a los disc\u00edpulos. La\nmisma paz se dar\u00e1 despu\u00e9s de la resurrecci\u00f3n (Jn 20, 19). Esta paz es m\u00e1s una\nexpresi\u00f3n de manifestaci\u00f3n del Padre, de la que Jes\u00fas hab\u00eda hablado antes (Jn\n14, 21). La paz de Jes\u00fas es la fuente de gozo que \u00e9l nos comunica (Jn 15, 11;\n16, 20, 22, 24; 17, 13). Es una paz diferente da la paz que el mundo da, es\ndiferente de la Pax Romana. Al final de aquel primero siglo la Pax Romana se\nmanten\u00eda por la fuerza de las armas y por la represi\u00f3n violenta contra los\nmovimientos rebeldes. La Pax Romana garantizaba la desigualdad institucionalizada\nentre ciudadanos romanos y esclavos. Esta no es la paz del Reino de Dios. La\nPaz que Jes\u00fas comunica es lo que en el AT se llama Shal\u00f4m. Es la organizaci\u00f3n\ncompleta de toda la vida alrededor de los valores de justicia, fraternidad e\nigualdad.<\/li><li>Juan 14, 28-29: El motivo por el que Jes\u00fas vuelve al Padre. Jes\u00fas vuelve al\nPadre para poder volver enseguida entre nosotros. Dir\u00e1 a la Magdalena:\n\u201cSu\u00e9ltame porque a\u00fan no he vuelto al Padre \u201c(Jn 20, 17). Subiendo hacia el\nPadre, el volver\u00e1 a trav\u00e9s del Esp\u00edritu que nos enviar\u00e1 (Cf. Jn 20, 22). Sin el\nretorno al Padre, no podr\u00e1 estar con nosotros a trav\u00e9s de su Esp\u00edritu.<\/li><li>Juan 14, 30-31a: Para que el mundo sepa que amo al Padre. Jes\u00fas est\u00e1\nterminando la \u00faltima conversaci\u00f3n con los disc\u00edpulos. El pr\u00edncipe de este mundo\nse encargar\u00e1 del destino de Jes\u00fas. Jes\u00fas ser\u00e1 condenado. En realidad, el\npr\u00edncipe, el tentador, el diablo, no podr\u00e1 nada contra Jes\u00fas. Jes\u00fas hace en\ntodo lo que el Padre le ordena. El mundo sabr\u00e1 que Jes\u00fas ama al Padre. Este es\nel gran y \u00fanico testimonio de Jes\u00fas que puede llevar el mundo a creer en \u00e9l. En\nel anuncio de la Buena Nueva no se trata de divulgar una doctrina, ni de\nimponer un derecho can\u00f3nico, ni de unir todos en una organizaci\u00f3n. Se trata,\nante todo, de vivir y de irradiar aquello que el ser humano m\u00e1s desea y que\nlleva en lo profundo de s\u00ed: el amor. Sin esto, la doctrina, el derecho, la\ncelebraci\u00f3n no pasa de ser una peluca sobre una cabeza sin pelo.<\/li><li>Juan 14, 31b: Levantaos, v\u00e1monos de aqu\u00ed. Son las \u00faltimas palabras de\nJes\u00fas, expresi\u00f3n de su decisi\u00f3n de ser obediente al Padre y revelar su amor. En\nuna de las oraciones eucar\u00edsticas, en el momento de la consagraci\u00f3n, se dice:\n\u201cLa v\u00edspera de su pasi\u00f3n, voluntariamente aceptada\u201d. Jes\u00fas dice en otro lugar:\n\u201cEl Padre me ama, porque yo doy mi vida para retomarla de nuevo. Nadie me la\nquita, yo mismo la doy libremente. Tengo poder para dar la vida y para\nretomarla. Este es el mandato que recib\u00ed de mi Padre\u201d (Jn 10, 17-18).<\/li><\/ul>\n\n\n\n<h2>Para la reflexi\u00f3n personal<\/h2>\n\n\n\n<ul><li>Jes\u00fas dice: \u201cOs doy mi paz\u201d. \u00bfC\u00f3mo contribuyo en la construcci\u00f3n de paz en mi familia y en mi comunidad?<\/li><li>Mirando al espejo de la obediencia de Jes\u00fas al Padre, \u00bfen qu\u00e9 punto podr\u00eda mejorar mi obediencia al Padre?<\/li><\/ul>\n\n\n\n<h2>Oraci\u00f3n final<\/h2>\n\n\n\n<p>Que te alaben, Yahv\u00e9, tus creaturas, te bendigan tus fieles; cuenten la\ngloria de tu reinado, narren tus proezas. (Sal 145, 10-11) <\/p>\n\n\n\n<p style=\"text-align:center\">Todos los derechos: www.ocarm.org<\/p>\n","protected":false},"excerpt":{"rendered":"<p>Tiempo de Pascua Oraci\u00f3n inicial Se\u00f1or, t\u00fa que en la resurrecci\u00f3n de Jesucristo nos has engendrado de nuevo para que renaci\u00e9ramos a una vida eterna, fortifica la fe de tu pueblo y afianza su esperanza, a fin de que nunca &hellip; <a href=\"https:\/\/www.ocdmx.org\/?p=4036\">Sigue leyendo <span class=\"meta-nav\">&rarr;<\/span><\/a><\/p>\n","protected":false},"author":1,"featured_media":0,"comment_status":"closed","ping_status":"closed","sticky":false,"template":"","format":"standard","meta":{"_jetpack_newsletter_access":""},"categories":[17],"tags":[],"jetpack_featured_media_url":"","jetpack_shortlink":"https:\/\/wp.me\/p2dsrC-136","jetpack_sharing_enabled":true,"_links":{"self":[{"href":"https:\/\/www.ocdmx.org\/index.php?rest_route=\/wp\/v2\/posts\/4036"}],"collection":[{"href":"https:\/\/www.ocdmx.org\/index.php?rest_route=\/wp\/v2\/posts"}],"about":[{"href":"https:\/\/www.ocdmx.org\/index.php?rest_route=\/wp\/v2\/types\/post"}],"author":[{"embeddable":true,"href":"https:\/\/www.ocdmx.org\/index.php?rest_route=\/wp\/v2\/users\/1"}],"replies":[{"embeddable":true,"href":"https:\/\/www.ocdmx.org\/index.php?rest_route=%2Fwp%2Fv2%2Fcomments&post=4036"}],"version-history":[{"count":1,"href":"https:\/\/www.ocdmx.org\/index.php?rest_route=\/wp\/v2\/posts\/4036\/revisions"}],"predecessor-version":[{"id":4037,"href":"https:\/\/www.ocdmx.org\/index.php?rest_route=\/wp\/v2\/posts\/4036\/revisions\/4037"}],"wp:attachment":[{"href":"https:\/\/www.ocdmx.org\/index.php?rest_route=%2Fwp%2Fv2%2Fmedia&parent=4036"}],"wp:term":[{"taxonomy":"category","embeddable":true,"href":"https:\/\/www.ocdmx.org\/index.php?rest_route=%2Fwp%2Fv2%2Fcategories&post=4036"},{"taxonomy":"post_tag","embeddable":true,"href":"https:\/\/www.ocdmx.org\/index.php?rest_route=%2Fwp%2Fv2%2Ftags&post=4036"}],"curies":[{"name":"wp","href":"https:\/\/api.w.org\/{rel}","templated":true}]}}