{"id":4038,"date":"2021-05-05T00:19:26","date_gmt":"2021-05-05T06:19:26","guid":{"rendered":"https:\/\/www.ocdmx.org\/?p=4038"},"modified":"2021-04-30T09:22:30","modified_gmt":"2021-04-30T15:22:30","slug":"lectio-divina-mie-5-may-2021","status":"publish","type":"post","link":"https:\/\/www.ocdmx.org\/?p=4038","title":{"rendered":"Lectio divina mi\u00e9, 5 may 2021"},"content":{"rendered":"\n<p>Tiempo de Pascua<\/p>\n\n\n\n<p><strong>Oraci\u00f3n inicial<\/strong><\/p>\n\n\n\n<p>\u00a1Oh Dios!, que amas la inocencia y la devuelves a quienes\nla han perdido; atrae hacia ti el coraz\u00f3n de tus fieles, para que siempre vivan\na la luz de tu verdad los que han sido librados de las tinieblas del error. Por\nnuestro Se\u00f1or.<\/p>\n\n\n\n<p><strong>Lectura<\/strong><\/p>\n\n\n\n<p>Del Evangelio seg\u00fan Juan 15, 1-8<\/p>\n\n\n\n<p>\u00abYo soy la vid verdadera, y mi Padre es el vi\u00f1ador. Todo sarmiento que en m\u00ed\nno da fruto, lo corta, y todo el que da fruto, lo limpia, para que d\u00e9 m\u00e1s fruto.\nVosotros est\u00e1is ya limpios gracias a la palabra que os he dicho. Permaneced en\nm\u00ed, como yo en vosotros. Lo mismo que el sarmiento no puede dar fruto por s\u00ed\nmismo, si no permanece en la vid; as\u00ed tampoco vosotros si no permanec\u00e9is en m\u00ed.\nYo soy la vid; vosotros los sarmientos. El que permanece en m\u00ed y yo en \u00e9l, \u00e9se\nda mucho fruto; porque separados de m\u00ed no pod\u00e9is hacer nada. Si alguno no\npermanece en m\u00ed, es arrojado fuera, como el sarmiento, y se seca; luego los\nrecogen, los echan al fuego y arden. Si permanec\u00e9is en m\u00ed, y mis palabras\npermanecen en vosotros, pedid lo que quer\u00e1is y lo conseguir\u00e9is. La gloria de mi\nPadre est\u00e1 en que deis mucho fruto, y se\u00e1is mis disc\u00edpulos.<\/p>\n\n\n\n<p>Reflexi\u00f3n<\/p>\n\n\n\n<p>Los cap\u00edtulos del 15 al 17 del Evangelio de Juan nos presentan varias ense\u00f1anzas de Jes\u00fas, que el evangelista ha unido y colocado aqu\u00ed en el contexto amistoso y fraterno del \u00faltimo encuentro de Jes\u00fas con sus disc\u00edpulos:<\/p>\n\n\n\n<p>Jn 15,1-17: Reflexiones entorno a la par\u00e1bola de la vid<\/p>\n\n\n\n<p>Jn 15,18 a 16,4a: Consejos sobre la manera de comportarse cuando se nos persigue<\/p>\n\n\n\n<p>Jn 16,4b-15: Promesa sobre la venida del Esp\u00edritu Santo<\/p>\n\n\n\n<p>Jn 16,16-33: Reflexiones sobre la despedida y el retorno de Jes\u00fas<\/p>\n\n\n\n<p>Jn 17,1-26: El Testamento de Jes\u00fas en forma de oraci\u00f3n<\/p>\n\n\n\n<p>Los Evangelios\nde hoy y de ma\u00f1ana presentan una parte de la reflexi\u00f3n de Jes\u00fas sobre la\npar\u00e1bola de la vid. Para entender bien todo el alcance de esta par\u00e1bola, es\nimportante estudiar bien las palabras que Jes\u00fas us\u00f3. Y es igualmente importante\nobservar de cerca una vid o una planta para ver c\u00f3mo crece y c\u00f3mo se enlazan\ntronco y ramos, y c\u00f3mo el fruto nace del tronco y de los ramos.<\/p>\n\n\n\n<ul><li>Juan 15,1-2: Jes\u00fas presenta la comparaci\u00f3n de la vid. En el Antiguo\nTestamento, la imagen de la vid indicaba el pueblo de Israel (Is 5,1-2). El\npueblo era como una vid que Dios plant\u00f3 con mucho cari\u00f1o en las costas de los\nmontes de Palestina (Sal 80,9- 12). Pero la vid no correspondi\u00f3 a lo que Dios\nesperaba. En vez de unos racimos de uva buena dio un fruto amargo que no serv\u00eda\npara nada (Is 5,3-4). Jes\u00fas es la nueva vid, la vid verdadera. En una \u00fanica\nfrase el nos da toda la comparaci\u00f3n. El dice: \u201cYo soy la vid verdadera, y mi\nPadre es el vi\u00f1ador. Todo sarmiento que en m\u00ed no da fruto, lo corta, y todo el\nque da fruto, lo limpia, para que d\u00e9 m\u00e1s fruto\u00bb. La poda es dura, pero es\nnecesaria. Purifica la vid, para que crezca y produzca m\u00e1s frutos.<\/li><li>Juan 15,3-6: Jes\u00fas explica y aplica la par\u00e1bola. Los disc\u00edpulos ya son\npuros. Ya fueron podados por la palabra que escucharon de Jes\u00fas. Hasta hoy,\nDios hace la poda en nosotros por medio de su Palabra que nos llega por medio\nde la Biblia y de muchos otros medios. Jes\u00fas alarga la par\u00e1bola y dice:\n\u00ab\u00a1Yo soy la vid y vosotros los sarmientos!\u00bb No se trata de dos cosas\ndistintas: de un lado la vid, de otro, los ramos. \u00a1No! No hay una vid sin\nramos. Nosotros somos parte de Jes\u00fas. Jes\u00fas es el todo. Para que un ramo pueda\nproducir frutos, debe estar unido a la vid. S\u00f3lo as\u00ed consigue recibir la savia.\n\u00ab\u00a1Sin m\u00ed, no pod\u00e9is hacer nada!\u201d Ramo que no produce fruto es cortado. Se\nseca y se le recoge para quemarlo. No sirve para nada ya, ni siquiera \u00a1para\nhacer le\u00f1a!<\/li><li>Juan 15,7-8: Permanecer en el amor. Nuestro modelo es aquello que Jes\u00fas\nmismo vive en su relaci\u00f3n con el Padre. El dice: \u00abComo el Padre me am\u00f3, yo\ntambi\u00e9n os he amado. \u00a1Permaneced en mi Amor!\u00bb Insiste en decir que debemos\npermanecer en \u00e9l y que sus palabras deben permanecer en nosotros. Y llega a\ndecir: \u00ab\u00a1Si permanec\u00e9is en m\u00ed, y mis palabras permanecen en vosotros,\npedid lo que quer\u00e1is y lo conseguir\u00e9is!\u00bb Pues lo que el padre m\u00e1s quiere\nes que nos volvamos disc\u00edpulos y disc\u00edpulas de Jes\u00fas y as\u00ed demos mucho fruto.<\/li><\/ul>\n\n\n\n<h2>Para la reflexi\u00f3n personal<\/h2>\n\n\n\n<ul><li>\u00bfCu\u00e1les son las podas o momentos dif\u00edciles que he pasado en mi vida y que me\nayudar\u00e1n a crecer? \u00bfCu\u00e1les son las podas o momentos dif\u00edciles que pasamos en\nnuestra comunidad y nos ayudaron a crecer?<\/li><li>Lo que mantiene viva una planta, capaz de dar frutos, es la savia que la\natraviesa. \u00bfCu\u00e1l es la savia que est\u00e1 presente en nuestra comunidad y la\nmantiene viva, capaz de dar frutos?<\/li><\/ul>\n\n\n\n<h2>Oraci\u00f3n final<\/h2>\n\n\n\n<p>\u00a1Cantad a Yahv\u00e9 un nuevo canto, canta a Yahv\u00e9, tierra entera, cantad a\nYahv\u00e9, bendecid su nombre! (Sal 96, 1-2) <\/p>\n\n\n\n<p style=\"text-align:center\">Todos los derechos: www.ocarm.org<\/p>\n","protected":false},"excerpt":{"rendered":"<p>Tiempo de Pascua Oraci\u00f3n inicial \u00a1Oh Dios!, que amas la inocencia y la devuelves a quienes la han perdido; atrae hacia ti el coraz\u00f3n de tus fieles, para que siempre vivan a la luz de tu verdad los que han &hellip; <a href=\"https:\/\/www.ocdmx.org\/?p=4038\">Sigue leyendo <span class=\"meta-nav\">&rarr;<\/span><\/a><\/p>\n","protected":false},"author":1,"featured_media":0,"comment_status":"closed","ping_status":"closed","sticky":false,"template":"","format":"standard","meta":{"_jetpack_newsletter_access":""},"categories":[17],"tags":[],"jetpack_featured_media_url":"","jetpack_shortlink":"https:\/\/wp.me\/p2dsrC-138","jetpack_sharing_enabled":true,"_links":{"self":[{"href":"https:\/\/www.ocdmx.org\/index.php?rest_route=\/wp\/v2\/posts\/4038"}],"collection":[{"href":"https:\/\/www.ocdmx.org\/index.php?rest_route=\/wp\/v2\/posts"}],"about":[{"href":"https:\/\/www.ocdmx.org\/index.php?rest_route=\/wp\/v2\/types\/post"}],"author":[{"embeddable":true,"href":"https:\/\/www.ocdmx.org\/index.php?rest_route=\/wp\/v2\/users\/1"}],"replies":[{"embeddable":true,"href":"https:\/\/www.ocdmx.org\/index.php?rest_route=%2Fwp%2Fv2%2Fcomments&post=4038"}],"version-history":[{"count":1,"href":"https:\/\/www.ocdmx.org\/index.php?rest_route=\/wp\/v2\/posts\/4038\/revisions"}],"predecessor-version":[{"id":4039,"href":"https:\/\/www.ocdmx.org\/index.php?rest_route=\/wp\/v2\/posts\/4038\/revisions\/4039"}],"wp:attachment":[{"href":"https:\/\/www.ocdmx.org\/index.php?rest_route=%2Fwp%2Fv2%2Fmedia&parent=4038"}],"wp:term":[{"taxonomy":"category","embeddable":true,"href":"https:\/\/www.ocdmx.org\/index.php?rest_route=%2Fwp%2Fv2%2Fcategories&post=4038"},{"taxonomy":"post_tag","embeddable":true,"href":"https:\/\/www.ocdmx.org\/index.php?rest_route=%2Fwp%2Fv2%2Ftags&post=4038"}],"curies":[{"name":"wp","href":"https:\/\/api.w.org\/{rel}","templated":true}]}}