{"id":4042,"date":"2021-05-07T00:26:14","date_gmt":"2021-05-07T06:26:14","guid":{"rendered":"https:\/\/www.ocdmx.org\/?p=4042"},"modified":"2021-04-30T09:27:52","modified_gmt":"2021-04-30T15:27:52","slug":"lectio-divina-vie-7-may-2021","status":"publish","type":"post","link":"https:\/\/www.ocdmx.org\/?p=4042","title":{"rendered":"Lectio divina vie, 7 may 2021"},"content":{"rendered":"\n<p>Tiempo de Pascua<\/p>\n\n\n\n<p><strong>Oraci\u00f3n inicial<\/strong><\/p>\n\n\n\n<p>Se\u00f1or Dios todopoderoso, que, sin m\u00e9rito alguno de nuestra parte, nos has\nhecho pasar de la muerte a la vida y de la tristeza al gozo; no pongas fin a\ntus dones, ni ceses de realizar tus maravillas en nosotros, y concede a quienes\nya hemos sido justificados por la fe la fuerza necesaria para perseverar\nsiempre en ella. Por nuestro Se\u00f1or.<\/p>\n\n\n\n<p><strong>Lectura<\/strong><\/p>\n\n\n\n<h4>Del santo Evangelio seg\u00fan Juan\n15, 12-17<\/h4>\n\n\n\n<p>Este es el mandamiento m\u00edo: que os am\u00e9is los unos a los otros como yo os he\namado. Nadie tiene mayor amor que el que da su vida por sus amigos. Vosotros\nsois mis amigos, si hac\u00e9is lo que yo os mando. No os llamo ya siervos, porque\nel siervo no sabe lo que hace su amo; a vosotros os he llamado amigos, porque\ntodo lo que he o\u00eddo a mi Padre os lo he dado a conocer. No me hab\u00e9is elegido\nvosotros a m\u00ed, sino que yo os he elegido a vosotros, y os he destinado para que\nvay\u00e1is y deis fruto, y que vuestro fruto permanezca; de modo que todo lo que\npid\u00e1is al Padre en mi nombre os lo conceda. Lo que os mando es que os am\u00e9is los\nunos a los otros.<\/p>\n\n\n\n<h2>Reflexi\u00f3n<\/h2>\n\n\n\n<p>El evangelio\nJuan 15, 12-17 ya ha sido meditado hace pocos d\u00edas (o ser\u00e1 retomado dentro de\nalg\u00fan d\u00eda). Vamos a retomar algunos puntos de aquel d\u00eda.<\/p>\n\n\n\n<ul><li>Juan 15, 12-13: Amar a los hermanos como \u00e9l nos am\u00f3. El mandamiento de\nJes\u00fas es uno solo: \u00ab\u00a1amarnos unos a otros como \u00e9l nos am\u00f3!\u00bb (Jn 15,\n12). Jes\u00fas supera el Antiguo Testamento. El criterio antiguo era: \u00abAmar\u00e1s\na tu pr\u00f3jimo como a ti mismo\u00bb (Lb. 18, 19). El nuevo criterio es:\n\u00abAmaros unos a otros como yo os he amado\u00bb. Aqu\u00ed \u00e9l dice aquella frase\nque seguimos cantando hasta hoy: \u00ab\u00a1No hay prueba de mayor amor que dar la\nvida para los hermanos!\u00bb<\/li><li>Juan 15, 14-15: Amigos y no siervos. \u00abVosotros sois mis amigos si\nhac\u00e9is lo que os mando\u00bb, a saber, la pr\u00e1ctica del amor hasta el don total\nde s\u00ed! En seguida, Jes\u00fas coloca un ideal alt\u00edsimo para la vida de los disc\u00edpulos.\nDice: \u201cNo os llamo ya siervos, porque el siervo no sabe lo que hace su amo; a vosotros\nos he llamado amigos, porque todo lo que he o\u00eddo a mi Padre os lo he dado a\nconocer\u201d. Jes\u00fas no ten\u00eda m\u00e1s secretos para sus disc\u00edpulos. Todo lo que oye del\nPadre nos lo cuenta. Este es el ideal bonito de la vida en comunidad: llegar a\nuna total transparencia, hasta el punto de no tener secretos entre nosotros y\npoder confiar totalmente el uno en el otro, poder compartir la experiencia que\ntenemos de Dios y de la vida y, as\u00ed, enriquecernos mutuamente. Los primeros\ncristianos podr\u00e1n realizar este ideal durante unos a\u00f1os. \u00abEran un solo\ncoraz\u00f3n y una sola alma\u00bb (He 4, 32; 1, 14; 2, 42.46).<\/li><li>Juan 15, 16-17: Fue Jes\u00fas el que nos escogi\u00f3. No fuimos nosotros quienes\nelegimos a Jes\u00fas. Fue \u00e9l quien nos encontr\u00f3, nos llam\u00f3 y nos dio la misi\u00f3n de\nir y dar fruto, un fruto que permanezca. Nosotros le necesitamos a \u00e9l, pero\ntambi\u00e9n \u00e9l nos necesita a nosotros para poder seguir haciendo hoy lo que hizo\npara la gente de Galilea. La \u00faltima recomendaci\u00f3n: \u00ab\u00a1Esto os mando: que os\nam\u00e9is unos a otros!\u00bb<\/li><\/ul>\n\n\n\n<h2>Para la reflexi\u00f3n personal<\/h2>\n\n\n\n<ul><li>Amar al pr\u00f3jimo como Jes\u00fas nos am\u00f3. Este es el ideal de cada cristiano.\n\u00bfC\u00f3mo lo estoy viviendo?<\/li><li>Todo lo que o\u00ed de mi Padre os lo he contado. Este es el ideal de la\ncomunidad: llegar a una transparencia total. \u00bfC\u00f3mo lo vivo en mi comunidad?<\/li><\/ul>\n\n\n\n<h2>Oraci\u00f3n final<\/h2>\n\n\n\n<p>A punto est\u00e1 mi coraz\u00f3n, oh Dios, mi coraz\u00f3n est\u00e1 a punto; voy a cantar, a\nta\u00f1er, \u00a1gloria m\u00eda, despierta!, \u00a1despertad, arpa y c\u00edtara!, \u00a1a la aurora\ndespertar\u00e9! (Sal 57, 8-9). <\/p>\n\n\n\n<p style=\"text-align:center\">Todos los derechos: www.ocarm.org<\/p>\n","protected":false},"excerpt":{"rendered":"<p>Tiempo de Pascua Oraci\u00f3n inicial Se\u00f1or Dios todopoderoso, que, sin m\u00e9rito alguno de nuestra parte, nos has hecho pasar de la muerte a la vida y de la tristeza al gozo; no pongas fin a tus dones, ni ceses de &hellip; <a href=\"https:\/\/www.ocdmx.org\/?p=4042\">Sigue leyendo <span class=\"meta-nav\">&rarr;<\/span><\/a><\/p>\n","protected":false},"author":1,"featured_media":0,"comment_status":"closed","ping_status":"closed","sticky":false,"template":"","format":"standard","meta":{"_jetpack_newsletter_access":""},"categories":[17],"tags":[],"jetpack_featured_media_url":"","jetpack_shortlink":"https:\/\/wp.me\/p2dsrC-13c","jetpack_sharing_enabled":true,"_links":{"self":[{"href":"https:\/\/www.ocdmx.org\/index.php?rest_route=\/wp\/v2\/posts\/4042"}],"collection":[{"href":"https:\/\/www.ocdmx.org\/index.php?rest_route=\/wp\/v2\/posts"}],"about":[{"href":"https:\/\/www.ocdmx.org\/index.php?rest_route=\/wp\/v2\/types\/post"}],"author":[{"embeddable":true,"href":"https:\/\/www.ocdmx.org\/index.php?rest_route=\/wp\/v2\/users\/1"}],"replies":[{"embeddable":true,"href":"https:\/\/www.ocdmx.org\/index.php?rest_route=%2Fwp%2Fv2%2Fcomments&post=4042"}],"version-history":[{"count":1,"href":"https:\/\/www.ocdmx.org\/index.php?rest_route=\/wp\/v2\/posts\/4042\/revisions"}],"predecessor-version":[{"id":4043,"href":"https:\/\/www.ocdmx.org\/index.php?rest_route=\/wp\/v2\/posts\/4042\/revisions\/4043"}],"wp:attachment":[{"href":"https:\/\/www.ocdmx.org\/index.php?rest_route=%2Fwp%2Fv2%2Fmedia&parent=4042"}],"wp:term":[{"taxonomy":"category","embeddable":true,"href":"https:\/\/www.ocdmx.org\/index.php?rest_route=%2Fwp%2Fv2%2Fcategories&post=4042"},{"taxonomy":"post_tag","embeddable":true,"href":"https:\/\/www.ocdmx.org\/index.php?rest_route=%2Fwp%2Fv2%2Ftags&post=4042"}],"curies":[{"name":"wp","href":"https:\/\/api.w.org\/{rel}","templated":true}]}}