{"id":4048,"date":"2021-05-10T00:05:27","date_gmt":"2021-05-10T06:05:27","guid":{"rendered":"https:\/\/www.ocdmx.org\/?p=4048"},"modified":"2021-04-30T09:37:00","modified_gmt":"2021-04-30T15:37:00","slug":"lectio-divina-lun-10-may-2021","status":"publish","type":"post","link":"https:\/\/www.ocdmx.org\/?p=4048","title":{"rendered":"Lectio divina lun, 10 may 2021"},"content":{"rendered":"\n<p>Tiempo de Pascua<\/p>\n\n\n\n<p><strong>Oraci\u00f3n inicial<\/strong><\/p>\n\n\n\n<p>Te pedimos, Se\u00f1or de misericordia que los dones recibidos en esta Pascua\nden fruto abundante en toda nuestra vida. Por nuestro Se\u00f1or.<\/p>\n\n\n\n<p><strong>Lectura<\/strong><\/p>\n\n\n\n<h4>Del Evangelio seg\u00fan Juan 15,\n26-16, 4<\/h4>\n\n\n\n<p>Cuando venga el Par\u00e1clito, que yo os enviar\u00e9 de junto al\nPadre, el Esp\u00edritu de la verdad, que procede del Padre, \u00e9l dar\u00e1 testimonio de\nm\u00ed. Pero tambi\u00e9n vosotros dar\u00e9is testimonio, porque est\u00e1is conmigo desde el\nprincipio. Os he dicho esto para que no os escandalic\u00e9is. Os expulsar\u00e1n de las\nsinagogas. E incluso llegar\u00e1 la hora en que todo el que os mate piense que da\nculto a Dios. Y esto lo har\u00e1n porque no han conocido ni al Padre ni a m\u00ed. Os he\ndicho esto para que, cuando llegue la hora, os acord\u00e9is de que ya os lo hab\u00eda\ndicho.<\/p>\n\n\n\n<p>Reflexi\u00f3n<\/p>\n\n\n\n<ul><li>En los cap\u00edtulos de 15 a 17 del Evangelio de Juan, el horizonte se ampl\u00eda\nm\u00e1s all\u00e1 del momento hist\u00f3rico de la Cena. Jes\u00fas reza al Padre \u201cno ruego\nsolamente por ellos sino por todos aquellos que por su palabra creer\u00e1n en m\u00ed\u201d\n(Jn 17, 20). En estos cap\u00edtulos, es constante la alusi\u00f3n a la acci\u00f3n del\nEsp\u00edritu en la vida de las comunidades despu\u00e9s de Pascua.<\/li><li>Juan 15, 26-27: La acci\u00f3n del Esp\u00edritu Santo en la vida de las comunidades.\nLa primera cosa que el Esp\u00edritu hace es dar testimonio de Jes\u00fas: \u201cEl dar\u00e1\ntestimonio de m\u00ed\u201d. El Esp\u00edritu no es un ser espiritual sin definici\u00f3n. \u00a1No! El\nes el Esp\u00edritu de la verdad que viene del Padre, y que ser\u00e1 enviado por el\nmismo y nos introducir\u00e1 en la verdad plena (Jn 16, 13). La verdad plena es\nJes\u00fas mismo: \u201c\u00a1Yo soy el Camino, la Verdad y la Vida!\u201d (Jn 14, 6). Al final del\nsiglo primero, hab\u00eda algunos cristianos tan fascinados por la acci\u00f3n del Esp\u00edritu\nque hab\u00edan dejado de mirarle a Jes\u00fas. Afirmaban que ahora, despu\u00e9s de la\nresurrecci\u00f3n, no precisaban fijarse en Jes\u00fas de Nazaret, aquel \u201cque vino en la\ncarne\u201d. Se alejaron de Jes\u00fas y se quedaron solamente con el Esp\u00edritu, diciendo:\n\u201c\u00a1Anatema sea Jes\u00fas!\u201d (1 Cor 12, 3). El Evangelio de Juan toma posici\u00f3n y no\npermite separar la acci\u00f3n del Esp\u00edritu de la memoria de Jes\u00fas de Nazaret. Al\nEsp\u00edritu Santo no le podemos aislar como una grandeza independiente, separada\ndel misterio de la encarnaci\u00f3n. El Esp\u00edritu Santo est\u00e1 inseparablemente unido\nal Padre y a Jes\u00fas. Es el Esp\u00edritu de Jes\u00fas que el Padre nos env\u00eda, aquel mismo\nEsp\u00edritu que Jes\u00fas nos conquist\u00f3 por su muerte y resurrecci\u00f3n. Y nosotros, al\nrecibir este Esp\u00edritu en el bautismo, debemos ser la prolongaci\u00f3n de Jes\u00fas: \u201c\u00a1Y\nvosotros tambi\u00e9n dar\u00e9is testimonio!\u201d No podemos olvidar nunca que fue\nprecisamente la v\u00edspera de su muerte cuando Jes\u00fas nos prometi\u00f3 el Esp\u00edritu. Fue\nen el momento en que \u00e9l se entregaba por los hermanos. Hoy en d\u00eda, el\nmovimiento carism\u00e1tico insiste en la acci\u00f3n del Esp\u00edritu de Jes\u00fas de Nazaret\nque, por amor a los pobres y a los marginados, fue perseguido, preso y\ncondenado a muerte y que, por esto mismo, nos prometi\u00f3 su Esp\u00edritu para que\nnosotros, despu\u00e9s de su muerte continu\u00e1semos su acci\u00f3n y fu\u00e9semos para la\nhumanidad la misma revelaci\u00f3n del amor del Padre por los pobres y oprimidos.<\/li><li>Juan 16, 1-2: No tener miedo. El evangelio advierte que ser fiel a este\nJes\u00fas va a traer dificultades. Los disc\u00edpulos ser\u00e1n expulsados de la sinagoga.\nSer\u00e1n condenados a muerte. Les acontecer\u00e1 lo mismo que a Jes\u00fas. Por esto mismo,\nal final del siglo primero, hab\u00eda personas que, para evitar la persecuci\u00f3n,\ndilu\u00edan el mensaje de Jes\u00fas transform\u00e1ndolo en un mensaje gn\u00f3stico, vago, sin\ndefinici\u00f3n, que no contrastaba con la ideolog\u00eda del imperio. A \u00e9stos se aplica\nlo que Pablo dec\u00eda: \u201cNo quieren ser perseguidos por la cruz de Cristo\u201d (G\u00e1l 6,\n12). Y Juan mismo en su carta dir\u00e1 respecto a ellos: \u201cHay muchos impostores por\nel mundo, que no quieren reconocer que Jesucristo vino en la carne (se hizo\nhombre). Quien as\u00ed procede es impostor y Anticristo\u201d (2 Jn 1, 7). La misma\npreocupaci\u00f3n aflora en la exigencia de Tom\u00e1s: \u00abNo creer\u00e9 sino cuando vea\nla marca de los clavos en sus manos, meta mis dedos en el lugar de los clavos y\npalpe la herida del costado.\u00bb (Jn 20, 25) El Cristo resucitado que nos\nprometi\u00f3 el don del Esp\u00edritu es Jes\u00fas de Nazaret que contin\u00faa hasta hoy con las\nmarcas de la tortura y de la cruz en su cuerpo resucitado.<\/li><li>Juan 16, 3-4: No saben lo que hacen. Todo esto acontece \u201cporque no han\nconocido ni al Padre ni a m\u00ed\u201d. Estas personas no tienen una imagen correcta de\nDios. Tienen una imagen vaga de Dios en su cabeza y en su coraz\u00f3n. Su Dios no\nes el Padre de Jesucristo que congrega a todos en la unidad y en la fraternidad.\nEn el fondo, es el mismo motivo que llev\u00f3 a decir: \u201cPadre, perd\u00f3nalos, porque\nno saben lo que hacen\u201d (Lc 23, 34). Jes\u00fas fue condenado por las autoridades\nreligiosas porque, seg\u00fan su manera de pensar, \u00e9l ten\u00eda una falsa imagen de\nDios. En las palabras de Jes\u00fas no afloran ni odio ni venganza, sino compasi\u00f3n:\nson hermanos ignorantes que no saben nada de nuestro Padre.<\/li><\/ul>\n\n\n\n<h2>Para la reflexi\u00f3n personal<\/h2>\n\n\n\n<ul><li>El misterio de la Trinidad est\u00e1 presente en las afirmaciones de Jes\u00fas, no\ncomo una verdad te\u00f3rica, sino como expresi\u00f3n del compromiso del cristiano con\nla misi\u00f3n de Jes\u00fas. \u00bfC\u00f3mo vivo en mi vida este misterio central de nuestra fe?<\/li><li>\u00bfC\u00f3mo vivo la acci\u00f3n del Esp\u00edritu en mi vida?<\/li><\/ul>\n\n\n\n<h2>Oraci\u00f3n final<\/h2>\n\n\n\n<p>\u00a1Cantad a Yahv\u00e9 un c\u00e1ntico nuevo: su alabanza en la asamblea de sus fieles!\n\u00a1Regoc\u00edjese Israel en su Hacedor, al\u00e9grense en su rey los de Si\u00f3n! (Sal 149,\n1-2). <\/p>\n\n\n\n<p style=\"text-align:center\">Todos los derechos: www.ocarm.org<\/p>\n","protected":false},"excerpt":{"rendered":"<p>Tiempo de Pascua Oraci\u00f3n inicial Te pedimos, Se\u00f1or de misericordia que los dones recibidos en esta Pascua den fruto abundante en toda nuestra vida. Por nuestro Se\u00f1or. Lectura Del Evangelio seg\u00fan Juan 15, 26-16, 4 Cuando venga el Par\u00e1clito, que &hellip; <a href=\"https:\/\/www.ocdmx.org\/?p=4048\">Sigue leyendo <span class=\"meta-nav\">&rarr;<\/span><\/a><\/p>\n","protected":false},"author":1,"featured_media":0,"comment_status":"closed","ping_status":"closed","sticky":false,"template":"","format":"standard","meta":{"_jetpack_newsletter_access":""},"categories":[17],"tags":[],"jetpack_featured_media_url":"","jetpack_shortlink":"https:\/\/wp.me\/p2dsrC-13i","jetpack_sharing_enabled":true,"_links":{"self":[{"href":"https:\/\/www.ocdmx.org\/index.php?rest_route=\/wp\/v2\/posts\/4048"}],"collection":[{"href":"https:\/\/www.ocdmx.org\/index.php?rest_route=\/wp\/v2\/posts"}],"about":[{"href":"https:\/\/www.ocdmx.org\/index.php?rest_route=\/wp\/v2\/types\/post"}],"author":[{"embeddable":true,"href":"https:\/\/www.ocdmx.org\/index.php?rest_route=\/wp\/v2\/users\/1"}],"replies":[{"embeddable":true,"href":"https:\/\/www.ocdmx.org\/index.php?rest_route=%2Fwp%2Fv2%2Fcomments&post=4048"}],"version-history":[{"count":1,"href":"https:\/\/www.ocdmx.org\/index.php?rest_route=\/wp\/v2\/posts\/4048\/revisions"}],"predecessor-version":[{"id":4049,"href":"https:\/\/www.ocdmx.org\/index.php?rest_route=\/wp\/v2\/posts\/4048\/revisions\/4049"}],"wp:attachment":[{"href":"https:\/\/www.ocdmx.org\/index.php?rest_route=%2Fwp%2Fv2%2Fmedia&parent=4048"}],"wp:term":[{"taxonomy":"category","embeddable":true,"href":"https:\/\/www.ocdmx.org\/index.php?rest_route=%2Fwp%2Fv2%2Fcategories&post=4048"},{"taxonomy":"post_tag","embeddable":true,"href":"https:\/\/www.ocdmx.org\/index.php?rest_route=%2Fwp%2Fv2%2Ftags&post=4048"}],"curies":[{"name":"wp","href":"https:\/\/api.w.org\/{rel}","templated":true}]}}