{"id":4054,"date":"2021-05-13T00:14:21","date_gmt":"2021-05-13T06:14:21","guid":{"rendered":"https:\/\/www.ocdmx.org\/?p=4054"},"modified":"2021-04-30T10:16:30","modified_gmt":"2021-04-30T16:16:30","slug":"lectio-divina-jue-13-may-2021","status":"publish","type":"post","link":"https:\/\/www.ocdmx.org\/?p=4054","title":{"rendered":"Lectio divina jue, 13 may 2021"},"content":{"rendered":"\n<p>Tiempo de Pascua Jn 16: 16-20<\/p>\n\n\n\n<h2>Oraci\u00f3n inicial<\/h2>\n\n\n\n<p>Escucha, Se\u00f1or, nuestra oraci\u00f3n y conc\u00e9denos que, as\u00ed como celebramos en la\nfe la gloriosa resurrecci\u00f3n de Jesucristo, as\u00ed tambi\u00e9n, cuando \u00e9l vuelva con\ntodos sus santos, podamos alegrarnos con su victoria. Por Jesucristo nuestro\nSe\u00f1or.<\/p>\n\n\n\n<h2>Lectura<\/h2>\n\n\n\n<h4>Del santo Evangelio seg\u00fan Juan\n16, 16-20<\/h4>\n\n\n\n<p>\u201cDentro de poco ya no me ver\u00e9is, y dentro de otro poco me volver\u00e9is a ver.\u201d\nEntonces algunos de sus disc\u00edpulos comentaron entre s\u00ed: \u00ab\u00bfQu\u00e9 es eso que nos\ndice: \u201cDentro de poco ya no me ver\u00e9is y dentro de otro poco me volver\u00e9is a ver\u201d\ny \u201cMe voy al Padre?\u201d Y dec\u00edan: \u201c\u00bfQu\u00e9 es ese \u201cpoco\u201d? No sabemos lo que quiere\ndecir.\u00bb Se dio cuenta Jes\u00fas de que quer\u00edan preguntarle y les dijo: \u00ab\u00bfAnd\u00e1is preguntando\nos acerca de lo que he dicho: \u201cDentro de poco no me ver\u00e9is y dentro de otro\npoco me volver\u00e9is a ver?\u201d \u201cEn verdad, en verdad os digo que llorar\u00e9is y os lamentar\u00e9is,\ny el mundo se alegrar\u00e1. Estar\u00e9is tristes, pero vuestra tristeza se convertir\u00e1\nen gozo\u00bb<\/p>\n\n\n\n<h2>Reflexi\u00f3n<\/h2>\n\n\n\n<ul><li>Juan 16, 16: Ausencia y presencia. Jes\u00fas dice un \u00abpoco\u00bb (mikr\u00f2n), es decir,\nun tiempo muy breve, como un \u201cinstante\u201d. Por encima de los m\u00faltiples matices,\nse quiere enfatizar la brevedad del tiempo. Si el tiempo que Jes\u00fas ha pasado\njunto a los suyos como verbo encarnado ha sido muy breve, igualmente ser\u00e1 breve\nel tiempo que separar\u00e1 su partida y su retorno. No habr\u00e1 cambio en la situaci\u00f3n\ninterior de sus disc\u00edpulos porque no cambia su relaci\u00f3n con Jes\u00fas: hay una\ncercan\u00eda permanente. Por eso, la visi\u00f3n de Jes\u00fas no sufrir\u00e1 interrupci\u00f3n, sino\nque tendr\u00e1 como caracter\u00edstica la comuni\u00f3n de vida con \u00e9l (Jn 14, 19). Es\ninteresante el uso repetido del verbo \u201cver\u201d en el v.16: \u201cDentro de poco no me\nver\u00e9is y dentro de otro poco me volver\u00e9is a ver\u201d. La expresi\u00f3n \u201cun poco y no me\nver\u00e9is\u201d recuerda el modo en que los disc\u00edpulos ven en el Jes\u00fas hist\u00f3rico al\nHijo de Dios; la otra expresi\u00f3n \u201cun poco y me volver\u00e9is a ver\u201d remite a la\nexperiencia del Cristo resucitado. Parece que Jes\u00fas quiere decir a sus\ndisc\u00edpulos que por brev\u00edsimo tiempo permanecer\u00e1n a\u00fan en la condici\u00f3n de verlo,\nde reconocerlo en su carne visible, pero, despu\u00e9s, lo contemplar\u00e1n con una\nvisi\u00f3n diferente porque se les mostrar\u00e1 transformado, transfigurado.<\/li><li>Juan 16, 17-19: La incomprensi\u00f3n de los disc\u00edpulos. Mientras tanto, algunos\ndisc\u00edpulos no consiguen comprender qu\u00e9 significa esta ausencia de Jes\u00fas, es\ndecir, su ida al Padre. Experimentan alg\u00fan desconcierto ante las palabras de\nJes\u00fas, y lo expresan con cuatro interrogantes, unidos en una misma expresi\u00f3n:\n\u201c\u00bfQu\u00e9 es eso que nos dice?\u201d. El lector ha o\u00eddo otras veces los interrogantes de\nPedro, de Felipe, de Tom\u00e1s, de Judas -no el Iscariote- y ahora los de los\ndisc\u00edpulos que piden explicaciones. Los disc\u00edpulos no acaban de entender de qu\u00e9\nhabla. No comprenden c\u00f3mo Jes\u00fas, si se va al Padre, puede ser visto de nuevo\npor ellos (vv.16-19). Mas el interrogante parece concentrarse en aquel \u201cpoco\u201d,\nque para el lector parece ser un tiempo largu\u00edsimo que no se acaba nunca, sobre\ntodo cuando se est\u00e1 en la angustia y en la tristeza. De hecho, no pasa el\ntiempo de la tristeza. Se espera una respuesta por parte de Jes\u00fas, pero el\nevangelista retoma antes la pregunta: \u00bfAnd\u00e1is pregunt\u00e1ndoos acerca de lo que he\ndicho: Dentro de poco no me ver\u00e9is y dentro de otro poco me volver\u00e9is a ver?\u201d\n(v. 19).<\/li><li>Juan 16, 20: La respuesta de Jes\u00fas. De hecho, Jes\u00fas no responde a la\npregunta que le hacen: \u201c\u00bfqu\u00e9 quiere decir ese dentro de poco?\u201d, pero los invita\na la confianza. Es verdad que los disc\u00edpulos ser\u00e1n probados, sufrir\u00e1n mucho, se\nhallar\u00e1n solos ante una situaci\u00f3n hostil, abandonados a un mundo que disfruta\ncon la muerte de Jes\u00fas, pero Jes\u00fas asegura que su tristeza se convertir\u00e1 en\ngozo. A la tristeza se contrapone un tiempo en el que todo se invertir\u00e1. El\ninciso adversativo \u201cpero vuestra tristeza se convertir\u00e1 en gozo\u201d subraya este\ncambio de perspectiva. Para el lector es evidente que la expresi\u00f3n \u201cun poco\u201d,\n\u201cdentro de un tiempo breve\u201d corresponde a aquel instante o momento en que la\nsituaci\u00f3n ser\u00e1 cambiada, pero hasta entonces todo sabe a tristeza y a prueba.<\/li><\/ul>\n\n\n\n<p>En definitiva,\nlos disc\u00edpulos reciben de Jes\u00fas una promesa de felicidad y de gozo; en virtud\nde aquel instante que invierte la situaci\u00f3n dif\u00edcil a la que \u201clos suyos\u201d, la\ncomunidad eclesial, est\u00e1n sometidos, ellos entrar\u00e1n en la realidad de un mundo\niluminado por la resurrecci\u00f3n.<\/p>\n\n\n\n<h2>Para la reflexi\u00f3n personal<\/h2>\n\n\n\n<ul><li>\u00bfEstoy convencido de que pasar\u00e1 el tiempo de la prueba y \u00c9l volver\u00e1 a estar\nconmigo?<\/li><li>\u00abVosotros estar\u00e9is tristes, pero vuestra tristeza se convertir\u00e1 en gozo\u201d.\n\u00bfQu\u00e9 efecto tienen en los aconteceres de tu vida estas palabras de Jes\u00fas? \u00bfC\u00f3mo\nvives tus situaciones de tristeza y de angustia?<\/li><\/ul>\n\n\n\n<h2>Oraci\u00f3n final<\/h2>\n\n\n\n<p>Los confines de la tierra han visto la salvaci\u00f3n de nuestro Dios. \u00a1Aclama a\nYahv\u00e9, tierra entera, gritad alegres, gozosos, cantad! (Sal 98, 3-4). <\/p>\n\n\n\n<p style=\"text-align:center\">Todos los derechos: www.ocarm.org<\/p>\n","protected":false},"excerpt":{"rendered":"<p>Tiempo de Pascua Jn 16: 16-20 Oraci\u00f3n inicial Escucha, Se\u00f1or, nuestra oraci\u00f3n y conc\u00e9denos que, as\u00ed como celebramos en la fe la gloriosa resurrecci\u00f3n de Jesucristo, as\u00ed tambi\u00e9n, cuando \u00e9l vuelva con todos sus santos, podamos alegrarnos con su victoria. &hellip; <a href=\"https:\/\/www.ocdmx.org\/?p=4054\">Sigue leyendo <span class=\"meta-nav\">&rarr;<\/span><\/a><\/p>\n","protected":false},"author":1,"featured_media":0,"comment_status":"closed","ping_status":"closed","sticky":false,"template":"","format":"standard","meta":{"_jetpack_newsletter_access":""},"categories":[17],"tags":[],"jetpack_featured_media_url":"","jetpack_shortlink":"https:\/\/wp.me\/p2dsrC-13o","jetpack_sharing_enabled":true,"_links":{"self":[{"href":"https:\/\/www.ocdmx.org\/index.php?rest_route=\/wp\/v2\/posts\/4054"}],"collection":[{"href":"https:\/\/www.ocdmx.org\/index.php?rest_route=\/wp\/v2\/posts"}],"about":[{"href":"https:\/\/www.ocdmx.org\/index.php?rest_route=\/wp\/v2\/types\/post"}],"author":[{"embeddable":true,"href":"https:\/\/www.ocdmx.org\/index.php?rest_route=\/wp\/v2\/users\/1"}],"replies":[{"embeddable":true,"href":"https:\/\/www.ocdmx.org\/index.php?rest_route=%2Fwp%2Fv2%2Fcomments&post=4054"}],"version-history":[{"count":1,"href":"https:\/\/www.ocdmx.org\/index.php?rest_route=\/wp\/v2\/posts\/4054\/revisions"}],"predecessor-version":[{"id":4055,"href":"https:\/\/www.ocdmx.org\/index.php?rest_route=\/wp\/v2\/posts\/4054\/revisions\/4055"}],"wp:attachment":[{"href":"https:\/\/www.ocdmx.org\/index.php?rest_route=%2Fwp%2Fv2%2Fmedia&parent=4054"}],"wp:term":[{"taxonomy":"category","embeddable":true,"href":"https:\/\/www.ocdmx.org\/index.php?rest_route=%2Fwp%2Fv2%2Fcategories&post=4054"},{"taxonomy":"post_tag","embeddable":true,"href":"https:\/\/www.ocdmx.org\/index.php?rest_route=%2Fwp%2Fv2%2Ftags&post=4054"}],"curies":[{"name":"wp","href":"https:\/\/api.w.org\/{rel}","templated":true}]}}