{"id":4059,"date":"2021-05-15T00:21:00","date_gmt":"2021-05-15T06:21:00","guid":{"rendered":"https:\/\/www.ocdmx.org\/?p=4059"},"modified":"2021-04-30T10:25:23","modified_gmt":"2021-04-30T16:25:23","slug":"lectio-divina-sab-15-may-2015","status":"publish","type":"post","link":"https:\/\/www.ocdmx.org\/?p=4059","title":{"rendered":"Lectio divina sab, 15 may 2015"},"content":{"rendered":"\n<h4>Tiempo de Pascua<\/h4>\n\n\n\n<p><strong>Oraci\u00f3n inicial<\/strong><\/p>\n\n\n\n<p>\u00a1Oh Dios!, que por la resurrecci\u00f3n de tu Hijo nos has\nhecho renacer a la vida eterna; eleva nuestros corazones hacia el Salvador, que\nest\u00e1 sentado a tu derecha, a fin de que cuando venga de nuevo, los que hemos\nrenacido en el bautismo seamos revestidos de una inmortalidad gloriosa. Por\nJesucristo nuestro Se\u00f1or.<\/p>\n\n\n\n<p><strong>Lectura<\/strong><\/p>\n\n\n\n<p>Del santo Evangelio seg\u00fan Juan 16, 23b-28<\/p>\n\n\n\n<p>\u00abEn verdad, en verdad os digo: lo que pid\u00e1is al Padre os lo dar\u00e1 en mi nombre. Hasta ahora nada le hab\u00e9is pedido en mi nombre. Pedid y recibir\u00e9is, para que vuestro gozo sea colmado. Os he dicho todo esto en par\u00e1bolas. Se acerca la hora en que ya no os hablar\u00e9 en par\u00e1bolas, sino que con toda claridad os hablar\u00e9 acerca del Padre. Aquel d\u00eda pedir\u00e9is en mi nombre y no os digo que yo rogar\u00e9 al Padre por vosotros, pues el Padre mismo os quiere, porque me quer\u00e9is a m\u00ed y cre\u00e9is que sal\u00ed de Dios. Sal\u00ed del Padre y he venido al mundo. Ahora dejo otra vez el mundo y voy al Padre.\u00bb<\/p>\n\n\n\n<p><strong>Reflexi\u00f3n<\/strong><\/p>\n\n\n\n<ul><li>Jn 16, 23b: Los disc\u00edpulos tienen pleno acceso al Padre. \u00c9sta es la\nseguridad que Jes\u00fas anuncia a sus disc\u00edpulos: que, en uni\u00f3n con \u00e9l, pueden\ntienen acceso a la paternidad de Dios. La mediaci\u00f3n de Jes\u00fas conduce a los\ndisc\u00edpulos hasta el Padre. Es evidente que la funci\u00f3n de Jes\u00fas no es sustituir\na \u201clos suyos\u201d: no los suplanta mediante una funci\u00f3n de intercesi\u00f3n, sino que\nlos une a s\u00ed; y en comuni\u00f3n con \u00c9l, ellos presentan sus carencias y\nnecesidades. Los disc\u00edpulos est\u00e1n seguros de que Jes\u00fas dispone de la riqueza\ndel Padre: \u201cEn verdad, en verdad os digo: si ped\u00eds alguna cosa al Padre en mi\nnombre, \u00e9l os la dar\u00e1\u201d (v. 23b). De esta manera, es decir, en uni\u00f3n con \u00c9l, la\nriqueza pasa a ser eficaz. El objeto de cualquier petici\u00f3n al Padre debe estar\nsiempre conectado a Jes\u00fas, esto es, a su amor y a su proyecto de dar la vida al\nhombre (Jn 10,10). La oraci\u00f3n dirigida al Padre en el nombre de Jes\u00fas, en uni\u00f3n\ncon \u00c9l (Jn 14, 13; 16, 23), es atendida. Hasta ahora, los disc\u00edpulos no hab\u00edan\npedido nada en nombre de Jes\u00fas, lo podr\u00e1n hacer despu\u00e9s de su glorificaci\u00f3n (Jn\n14, 13s) cuando reciban el Esp\u00edritu que irradiar\u00e1 plenamente sobre su identidad\n(Jn 4, 22ss) y operar\u00e1 la uni\u00f3n con \u00c9l. Los suyos podr\u00e1n pedir y recibir con\npleno gozo, cuando pasen de la visi\u00f3n sensible a la visi\u00f3n de la fe.<\/li><li>Jn 16, 24-25: En Jes\u00fas tenemos contacto directo con el Padre. Los creyentes\nest\u00e1n incluidos en la relaci\u00f3n entre el Hijo y el Padre. En Jn 16, 26 Jes\u00fas\ninsiste en el nexo operado por el Esp\u00edritu, que permitir\u00e1 a los suyos presentar\nal Padre cualquier petici\u00f3n en uni\u00f3n con \u00c9l. Esto suceder\u00e1 \u201cen aquel d\u00eda\u201d. \u00bfQu\u00e9\nquiere decir \u201caquel d\u00eda pedir\u00e9is\u201d? Es el d\u00eda que vendr\u00e1 a los suyos y les\ncomunicar\u00e1 el Esp\u00edritu (Jn 20, 19-22). Entonces, los disc\u00edpulos, conociendo la\nrelaci\u00f3n entre Jes\u00fas y el Padre, sabr\u00e1n que son escuchados. No ser\u00e1 preciso que\nJes\u00fas se interponga entre el Padre y los disc\u00edpulos para pedir favorecerlos, no\nporque haya acabado su mediaci\u00f3n, sino porque ellos, habiendo cre\u00eddo en la\nencarnaci\u00f3n del Verbo y estando estrechamente unidos a Cristo, ser\u00e1n amados por\nel Padre como el Padre ama al Hijo (Jn 17, 23. 26). En Jes\u00fas experimentan los\ndisc\u00edpulos el contacto directo con el Padre.<\/li><li>Jn 16, 26-27: La oraci\u00f3n al Padre. As\u00ed pues, orar es ir al Padre por medio\nde Jes\u00fas; dirigirse al Padre en el nombre de Jes\u00fas. Prestemos especial atenci\u00f3n\na la expresi\u00f3n de Jes\u00fas en los vv. 26-27: \u201cy no os digo que yo rogar\u00e9 al Padre\npor vosotros, pues el Padre mismo os quiere\u201d. El amor del Padre por los\ndisc\u00edpulos se basa en la adhesi\u00f3n de \u201clos suyos\u201d a Jes\u00fas, en la fe sobre su\nprocedencia, es decir, en el reconocimiento de Jes\u00fas como don del Padre.\nDespu\u00e9s de haber asemejado a los disc\u00edpulos con \u00e9l, parece como si Jes\u00fas se\nretirase de su condici\u00f3n de mediador, pero en verdad deja que nos tome y nos\natienda s\u00f3lo el Padre: \u201cPedid y recibir\u00e9is, para que vuestro gozo sea colmado\u201d\n(v. 24). Conectados en la relaci\u00f3n con el Padre mediante la uni\u00f3n con \u00c9l,\nnuestro gozo es total y nuestra oraci\u00f3n perfecta. Dios ofrece siempre su amor a\ntodo el mundo, pero este amor se torna rec\u00edproco s\u00f3lo si el hombre responde. El\namor es incompleto si no es rec\u00edproco: hasta que el hombre no lo acepta,\npermanece en suspenso. Los disc\u00edpulos lo aceptan en el momento en que aman a\nJes\u00fas, y de esta manera se torna operativo el amor del Padre. La oraci\u00f3n es\nesta relaci\u00f3n de amor. En el fondo, la historia de cada uno de nosotros se\nidentifica con la historia de su oraci\u00f3n, incluyendo aquellos momentos que no\nparecen tales: el deseo es ya una oraci\u00f3n, como tambi\u00e9n la b\u00fasqueda, la\nangustia\u2026<\/li><\/ul>\n\n\n\n<h2>Para la reflexi\u00f3n personal<\/h2>\n\n\n\n<ul><li>Mi oraci\u00f3n personal y comunitaria, \u00bfse realiza en un estado de quietud, de paz y de gran tranquilidad?<\/li><li>\u00bfCon qu\u00e9 empe\u00f1o me dedico a crecer en la amistad con Jes\u00fas? \u00bfEst\u00e1s convencido de que puedes lograr una identificaci\u00f3n real a trav\u00e9s de la comuni\u00f3n con \u00c9l y del amor al pr\u00f3jimo?<\/li><\/ul>\n\n\n\n<p><strong>Oraci\u00f3n final<\/strong><\/p>\n\n\n\n<p>Es rey de toda la tierra: \u00a1tocad para Dios con destreza! Reina Dios sobre\ntodas las naciones, Dios, sentado en su trono sagrado. (Sal 47, 8-9) <\/p>\n\n\n\n<p style=\"text-align:center\">Todos los derechos: www.ocarm.org<\/p>\n","protected":false},"excerpt":{"rendered":"<p>Tiempo de Pascua Oraci\u00f3n inicial \u00a1Oh Dios!, que por la resurrecci\u00f3n de tu Hijo nos has hecho renacer a la vida eterna; eleva nuestros corazones hacia el Salvador, que est\u00e1 sentado a tu derecha, a fin de que cuando venga &hellip; <a href=\"https:\/\/www.ocdmx.org\/?p=4059\">Sigue leyendo <span class=\"meta-nav\">&rarr;<\/span><\/a><\/p>\n","protected":false},"author":1,"featured_media":0,"comment_status":"closed","ping_status":"closed","sticky":false,"template":"","format":"standard","meta":{"_jetpack_newsletter_access":""},"categories":[17],"tags":[],"jetpack_featured_media_url":"","jetpack_shortlink":"https:\/\/wp.me\/p2dsrC-13t","jetpack_sharing_enabled":true,"_links":{"self":[{"href":"https:\/\/www.ocdmx.org\/index.php?rest_route=\/wp\/v2\/posts\/4059"}],"collection":[{"href":"https:\/\/www.ocdmx.org\/index.php?rest_route=\/wp\/v2\/posts"}],"about":[{"href":"https:\/\/www.ocdmx.org\/index.php?rest_route=\/wp\/v2\/types\/post"}],"author":[{"embeddable":true,"href":"https:\/\/www.ocdmx.org\/index.php?rest_route=\/wp\/v2\/users\/1"}],"replies":[{"embeddable":true,"href":"https:\/\/www.ocdmx.org\/index.php?rest_route=%2Fwp%2Fv2%2Fcomments&post=4059"}],"version-history":[{"count":1,"href":"https:\/\/www.ocdmx.org\/index.php?rest_route=\/wp\/v2\/posts\/4059\/revisions"}],"predecessor-version":[{"id":4060,"href":"https:\/\/www.ocdmx.org\/index.php?rest_route=\/wp\/v2\/posts\/4059\/revisions\/4060"}],"wp:attachment":[{"href":"https:\/\/www.ocdmx.org\/index.php?rest_route=%2Fwp%2Fv2%2Fmedia&parent=4059"}],"wp:term":[{"taxonomy":"category","embeddable":true,"href":"https:\/\/www.ocdmx.org\/index.php?rest_route=%2Fwp%2Fv2%2Fcategories&post=4059"},{"taxonomy":"post_tag","embeddable":true,"href":"https:\/\/www.ocdmx.org\/index.php?rest_route=%2Fwp%2Fv2%2Ftags&post=4059"}],"curies":[{"name":"wp","href":"https:\/\/api.w.org\/{rel}","templated":true}]}}