{"id":4067,"date":"2021-05-18T00:05:42","date_gmt":"2021-05-18T06:05:42","guid":{"rendered":"https:\/\/www.ocdmx.org\/?p=4067"},"modified":"2021-04-30T10:36:59","modified_gmt":"2021-04-30T16:36:59","slug":"lectio-divina-mar-18-may-2021","status":"publish","type":"post","link":"https:\/\/www.ocdmx.org\/?p=4067","title":{"rendered":"Lectio divina mar, 18 may 2021"},"content":{"rendered":"\n<h4>Tiempo de Pascua<\/h4>\n\n\n\n<p><strong>Oraci\u00f3n inicial<\/strong><\/p>\n\n\n\n<p>Te pedimos, Dios de poder y misericordia, que env\u00edes tu Esp\u00edritu Santo,\npara que, haciendo morada en nosotros, nos convierta en templos de su gloria.\nPor nuestro Se\u00f1or.<\/p>\n\n\n\n<p><strong>Lectura<\/strong><\/p>\n\n\n\n<h4>Del santo Evangelio seg\u00fan Juan\n17, 1-11a<\/h4>\n\n\n\n<p>As\u00ed habl\u00f3 Jes\u00fas, y alzando los ojos al cielo, dijo: \u00abPadre, ha llegado la\nhora; glorifica a tu Hijo, para que tu Hijo te glorifique a ti. Y que seg\u00fan el\npoder que le has dado sobre toda carne, d\u00e9 tambi\u00e9n vida eterna a todos los que\nt\u00fa le has dado. Esta es la vida eterna: que te conozcan a ti el \u00fanico Dios\nverdadero, y al que t\u00fa has enviado, Jesucristo. Yo te he glorificado en la\ntierra, llevando a cabo la obra que me encomendaste realizar. Ahora, Padre,\nglorif\u00edcame t\u00fa, junto a ti, con la gloria que ten\u00eda a tu lado antes que el\nmundo fuese. He manifestado tu Nombre a los hombres que t\u00fa me has dado\ntom\u00e1ndolos del mundo.<\/p>\n\n\n\n<p>Tuyos eran y t\u00fa me los has dado; y han guardado tu palabra. Ahora ya saben\nque todo lo que me has dado viene de ti; porque las palabras que t\u00fa me diste se\nlas he dado a ellos, y ellos las han aceptado y han reconocido verdaderamente\nque vengo de ti, y han cre\u00eddo que t\u00fa me has enviado. Por ellos ruego; no ruego\npor el mundo, sino por los que t\u00fa me has dado, porque son tuyos; y todo lo m\u00edo\nes tuyo y todo lo tuyo es m\u00edo; y yo he sido glorificado en ellos. Yo ya no esto\ny en el mundo, pero ellos s\u00ed est\u00e1n en el mundo, y yo voy a ti. Padre santo,\ncuida en tu nombre a los que me has dado, para que sean uno como nosotros.<\/p>\n\n\n\n<h2>Reflexi\u00f3n<\/h2>\n\n\n\n<p>En los\nevangelios de hoy, de ma\u00f1ana y de pasado ma\u00f1ana, vamos a meditar las palabras\nque Jes\u00fas dirigi\u00f3 al Padre en el momento de la despedida. Juan conserva estas\npalabras y las coloca como pronunciadas por Jes\u00fas durante el \u00faltimo encuentro\nde Jes\u00fas con sus disc\u00edpulos. Es el Testamento de Jes\u00fas en forma de plegaria,\ntambi\u00e9n llamada Oraci\u00f3n Sacerdotal (Jn 7, 1- 26).<\/p>\n\n\n\n<p>El cap\u00edtulo 17\ndel evangelio de Juan es el final de una larga reflexi\u00f3n de Jes\u00fas, iniciada en\nel cap\u00edtulo 15, sobre su misi\u00f3n en el mundo. Las comunidades guardar\u00e1n estas\nreflexiones para poder entender mejor el momento dif\u00edcil que atraviesan:\ntribulaci\u00f3n, abandono, dudas, persecuci\u00f3n. La larga reflexi\u00f3n termina con la\noraci\u00f3n de Jes\u00fas para las comunidades. En ella afloran los sentimientos y las\npreocupaciones que, seg\u00fan el evangelista, estaban en Jes\u00fas en el momento de\nsalir de este mundo para el Padre. Ahora Jes\u00fas est\u00e1 ante el Padre con estos\nsentimientos y con esta preocupaci\u00f3n, intercediendo por nosotros. Por esto, la\nOraci\u00f3n Sacerdotal es tambi\u00e9n el Testamento de Jes\u00fas. Mucha gente, en el\nmomento de despedirse por siempre, deja alg\u00fan mensaje. Todo el mundo guarda\npalabras importantes del padre y de la madre, sobre todo cuando son de los\n\u00faltimos momentos de la vida. Conservar estas palabras es como guardar a las\npersonas. Es una forma de a\u00f1oranza.<\/p>\n\n\n\n<p>El cap\u00edtulo 17 es un texto diferente. Es m\u00e1s de amistad\nque de razonamientos. Para captar bien todo su sentido, no basta la reflexi\u00f3n\nde la cabeza, de la raz\u00f3n. Este texto debe ser meditado y acogido tambi\u00e9n en el\ncoraz\u00f3n. Por esto, no hay que preocuparse si no se entiende todo de inmediato.\nEl texto exige toda una vida para meditarlo y profundizarlo. Un texto as\u00ed, hay\nque leerlo, meditarlo, pensarlo, leerlo de nuevo, repetirlo, rumiarlo, como se\nhace con un caramelo en la boca, un caramelo que gusta. Uno le da vueltas y\nvueltas en la boca, hasta terminarlo del todo. Por esto, cierra los ojos, haz\nsilencio dentro de ti y escucha a Jes\u00fas que te est\u00e1 hablando a ti, transmiti\u00e9ndote\nen el Testamento su mayor preocupaci\u00f3n, su \u00faltima voluntad. Trata de descubrir\ncu\u00e1l es el punto en que Jes\u00fas insiste m\u00e1s y que considera el m\u00e1s importante.<\/p>\n\n\n\n<ul><li>Juan 17, 1-3: \u00a1Ha llegado la hora! \u201cPadre, \u00a1ha llegado la hora!\u00bb Es la\nhora largamente esperada (Jn 2, 4; 7, 30; 8, 20; 12, 23. 27; 13, 1; 16, 32). Es\nel momento de la glorificaci\u00f3n que se har\u00e1 a trav\u00e9s de la pasi\u00f3n, muerte y\nresurrecci\u00f3n. Es el momento de la glorificaci\u00f3n, que se har\u00e1 mediante la\npasi\u00f3n, la muerte y la resurrecci\u00f3n. Al llegar al final de su misi\u00f3n, Jes\u00fas\nmira hacia atr\u00e1s y hace una revisi\u00f3n. En esta plegaria, \u00e9l va a expresar el\nsentimiento m\u00e1s \u00edntimo de su coraz\u00f3n y el descubrimiento m\u00e1s profundo de su\nalma: la presencia del Padre en su vida.<\/li><li>Juan 17, 4-8: \u00a1Padre, reconocer\u00e1n que vengo de Ti! Al volver a ver su vida,\nJes\u00fas se ve a si mismo como la manifestaci\u00f3n del Padre para los amigos que el\nPadre le dio. Jes\u00fas no vivi\u00f3 para s\u00ed. Vivi\u00f3 para que todos pudiesen tener un\natisbo de bondad y de amor que est\u00e1 encerrado en el Nombre de Dios que es Abba,\nPadre.<\/li><li>Juan 17, 9-11a: Todo lo m\u00edo es tuyo, todo lo tuyo es m\u00edo. En el momento de\ndejar el mundo, Jes\u00fas expone al Padre su preocupaci\u00f3n y reza por los amigos que\n\u00e9l deja atr\u00e1s. Ellos contin\u00faan en el mundo, pero no son del mundo. Son de\nJes\u00fas, son de Dios, son se\u00f1ales de Dios y de Jes\u00fas en este mundo. Jes\u00fas se\npreocupa de las personas que quedan, y reza por ellas.<\/li><\/ul>\n\n\n\n<p><strong>Para la reflexi\u00f3n personal<\/strong><\/p>\n\n\n\n<ul><li>\u00bfCu\u00e1les son las palabras de las personas queridas que tu guardas con cari\u00f1o\ny que orientan tu vida? En caso de que te fueras, \u00bfqu\u00e9 mensaje dejar\u00edas para tu\nfamilia y para la comunidad?<\/li><li>\u00bfCu\u00e1l es la frase del Testamento de Jes\u00fas que m\u00e1s me toc\u00f3? \u00bfPor qu\u00e9?<\/li><\/ul>\n\n\n\n<h2>Oraci\u00f3n final<\/h2>\n\n\n\n<p>\u00a1Bendito sea el Se\u00f1or, d\u00eda tras d\u00eda! \u00c9l se encarga de nuestra salvaci\u00f3n.\nPausa. Nuestro Dios es un Dios salvador, el Se\u00f1or Yahv\u00e9 libera de la muerte.\n(Sal 68, 20-21). <\/p>\n\n\n\n<p style=\"text-align:center\">Todos los derechos: www.ocarm.org<\/p>\n","protected":false},"excerpt":{"rendered":"<p>Tiempo de Pascua Oraci\u00f3n inicial Te pedimos, Dios de poder y misericordia, que env\u00edes tu Esp\u00edritu Santo, para que, haciendo morada en nosotros, nos convierta en templos de su gloria. Por nuestro Se\u00f1or. Lectura Del santo Evangelio seg\u00fan Juan 17, &hellip; <a href=\"https:\/\/www.ocdmx.org\/?p=4067\">Sigue leyendo <span class=\"meta-nav\">&rarr;<\/span><\/a><\/p>\n","protected":false},"author":1,"featured_media":0,"comment_status":"closed","ping_status":"closed","sticky":false,"template":"","format":"standard","meta":{"_jetpack_newsletter_access":""},"categories":[17],"tags":[],"jetpack_featured_media_url":"","jetpack_shortlink":"https:\/\/wp.me\/p2dsrC-13B","jetpack_sharing_enabled":true,"_links":{"self":[{"href":"https:\/\/www.ocdmx.org\/index.php?rest_route=\/wp\/v2\/posts\/4067"}],"collection":[{"href":"https:\/\/www.ocdmx.org\/index.php?rest_route=\/wp\/v2\/posts"}],"about":[{"href":"https:\/\/www.ocdmx.org\/index.php?rest_route=\/wp\/v2\/types\/post"}],"author":[{"embeddable":true,"href":"https:\/\/www.ocdmx.org\/index.php?rest_route=\/wp\/v2\/users\/1"}],"replies":[{"embeddable":true,"href":"https:\/\/www.ocdmx.org\/index.php?rest_route=%2Fwp%2Fv2%2Fcomments&post=4067"}],"version-history":[{"count":1,"href":"https:\/\/www.ocdmx.org\/index.php?rest_route=\/wp\/v2\/posts\/4067\/revisions"}],"predecessor-version":[{"id":4068,"href":"https:\/\/www.ocdmx.org\/index.php?rest_route=\/wp\/v2\/posts\/4067\/revisions\/4068"}],"wp:attachment":[{"href":"https:\/\/www.ocdmx.org\/index.php?rest_route=%2Fwp%2Fv2%2Fmedia&parent=4067"}],"wp:term":[{"taxonomy":"category","embeddable":true,"href":"https:\/\/www.ocdmx.org\/index.php?rest_route=%2Fwp%2Fv2%2Fcategories&post=4067"},{"taxonomy":"post_tag","embeddable":true,"href":"https:\/\/www.ocdmx.org\/index.php?rest_route=%2Fwp%2Fv2%2Ftags&post=4067"}],"curies":[{"name":"wp","href":"https:\/\/api.w.org\/{rel}","templated":true}]}}