{"id":4069,"date":"2021-05-19T00:05:19","date_gmt":"2021-05-19T06:05:19","guid":{"rendered":"https:\/\/www.ocdmx.org\/?p=4069"},"modified":"2021-04-30T10:39:21","modified_gmt":"2021-04-30T16:39:21","slug":"lectio-divina-mie-19-may-2021","status":"publish","type":"post","link":"https:\/\/www.ocdmx.org\/?p=4069","title":{"rendered":"Lectio divina mi\u00e9, 19 may 2021"},"content":{"rendered":"\n<p>Tiempo de Pascua<\/p>\n\n\n\n<p><strong>Oraci\u00f3n inicial<\/strong><\/p>\n\n\n\n<p>Padre lleno de amor, concede a tu Iglesia, congregada por el Esp\u00edritu Santo,\ndedicarse plenamente a tu servicio y vivir unida en el amor, seg\u00fan tu voluntad.\nPor nuestro Se\u00f1or.<\/p>\n\n\n\n<h2>Lectura<\/h2>\n\n\n\n<h4>Del santo Evangelio seg\u00fan Juan\n17, 11b-19<\/h4>\n\n\n\n<p>As\u00ed habl\u00f3 Jes\u00fas, y alzando los ojos al cielo, dijo: Padre santo, cuida en\ntu nombre a los que me has dado, para que sean uno como nosotros. Cuando estaba\nyo con ellos, yo cuidaba en tu nombre a los que me hab\u00edas dado. He velado por\nellos y ninguno se ha perdido, salvo el hijo de perdici\u00f3n, para que se\ncumpliera la Escritura. Pero ahora voy a ti, y digo estas cosas en el mundo\npara que tengan en s\u00ed mismos mi alegr\u00eda colmada. Yo les he dado tu palabra, y\nel mundo los ha odiado, porque no son del mundo, como yo no soy del mundo. No\nte pido que los retires del mundo, sino que los guardes del Maligno. Ellos no son\ndel mundo, como yo no soy del mundo. Santif\u00edcalos en la verdad: tu palabra es\nverdad. Como t\u00fa me has enviado al mundo, yo tambi\u00e9n los he enviado al mundo. Y\npor ellos me santifico a m\u00ed mismo, para que ellos tambi\u00e9n sean santificados en\nla verdad.<\/p>\n\n\n\n<h2>Reflexi\u00f3n<\/h2>\n\n\n\n<p>Estamos en la novena de Pentecost\u00e9s, esperando la venida del Esp\u00edritu\nSanto. Jes\u00fas dice que el don del Esp\u00edritu Santo se da s\u00f3lo a quien lo pide en\nla oraci\u00f3n (Lc 11, 13). En el cen\u00e1culo, durante nueve d\u00edas, desde la ascensi\u00f3n\nhasta Pentecost\u00e9s, los ap\u00f3stoles perseveraron en la oraci\u00f3n junto con Mar\u00eda la\nmadre de Jes\u00fas (He 1, 14). Por esto conseguir\u00e1n en abundancia el don del\nEsp\u00edritu Santo (He 2, 4). El evangelio de hoy contin\u00faa colocando ante nosotros\nla Oraci\u00f3n Sacerdotal de Jes\u00fas. Es un texto muy bien apto para prepararnos en\nestos d\u00edas a la venida del Esp\u00edritu Santo en nuestras vidas.<\/p>\n\n\n\n<ul><li>Juan 17, 11b-12: Cu\u00eddalos en tu nombre. Jes\u00fas transforma su preocupaci\u00f3n en\nplegaria: \u201c\u00a1Cu\u00eddalos en tu nombre, el nombre que tu me diste, para que sean uno\ncomo nosotros!\u00bb Todo lo que Jes\u00fas hizo en su vida, lo hizo en Nombre de\nDios. Jes\u00fas es la manifestaci\u00f3n del Nombre de Dios. El Nombre de Dios es Yav\u00e9,\nJHWH. En el tiempo de Jes\u00fas, este Nombre era pronunciado como Adonai, Kyrios,\nSe\u00f1or. En el serm\u00f3n de Pentecost\u00e9s, Pedro dice que Jes\u00fas, por su resurrecci\u00f3n,\nfue constituido Se\u00f1or: \u201cSepa, entonces, con seguridad toda la gente de Israel\nque Dios ha hecho Se\u00f1or y Cristo a este Jes\u00fas a quien vosotros crucificasteis\u201d.\n(Hec 2,36). Y Pablo dice que esto se hizo: \u201cpara que toda lengua proclame, para\ngloria de Dios Padre: \u00a1Jes\u00fas Cristo es el Se\u00f1or!\u201d (Fil 2, 11). Es el \u201cNombre\nsobre todo nombre\u201d (Fil 2, 9), JHWH o Yav\u00e9, el Nombre de Dios, recibi\u00f3 un\nrostro concreto en Jes\u00fas de Nazaret. Y es entorno a este nombre que hay que\nconstruir la unidad: Gu\u00e1rdalos en tu nombre, el nombre que t\u00fa me diste, para\nque sean uno como nosotros. Jes\u00fas quiere la unidad de las comunidades, para que\npuedan resistir frente al mundo que las odia y persigue. El pueblo unido\nalrededor del Nombre de Jes\u00fas \u00a1jam\u00e1s ser\u00e1 vencido!<\/li><li>Juan 17, 13-16: Que en s\u00ed mismos mi alegr\u00eda sea colmada. Jes\u00fas se est\u00e1\ndespidiendo. Dentro de poco se ir\u00e1. Los disc\u00edpulos contin\u00faan en el mundo, ser\u00e1n\nperseguidos, tendr\u00e1n aflicciones. Por esto est\u00e1n tristes. Jes\u00fas quiere que\ntengan alegr\u00eda plena. Ellos tendr\u00e1n que continuar en el mundo sin formar parte\ndel mundo. Esto significa, bien concretamente, vivir en el sistema del imperio,\nsea romano o neoliberal, sin dejarse contaminar por \u00e9l. Al igual que Jes\u00fas y\ncon Jes\u00fas, deben vivir en el mundo sin ser del mundo.<\/li><li>Juan 17, 17-19: Como t\u00fa me enviaste, yo los env\u00edo al mundo. Jes\u00fas pide que\nsean consagrados en la verdad. Esto es, que sean capaces de dedicar toda su\nvida para testimoniar sus convicciones respecto de Jes\u00fas y de Dios Padre. Jes\u00fas\nse santific\u00f3 en la medida en que, en su vida, fue revelando al Padre. Pide que\nsus disc\u00edpulos entren en el mismo proceso de santificaci\u00f3n. Su misi\u00f3n es la\nmisma que la de Jes\u00fas. Ellos se santifican en la misma medida en que, viviendo\nel amor, revelan a Jes\u00fas y al Padre. Santificarse significa volverse humano,\ncomo lo fue Jes\u00fas. Dec\u00eda el Papa Le\u00f3n Magno: \u201cJes\u00fas fue tan humano, pero tan\nhumano, como s\u00f3lo Dios puede ser humano\u201d. Por esto debemos vivir en el mundo,\nsin ser del mundo, pues el sistema deshumaniza la vida humana y la vuelve\ncontraria a las intenciones del Creador.<\/li><\/ul>\n\n\n\n<h2>Para la reflexi\u00f3n personal<\/h2>\n\n\n\n<ul><li>Jes\u00fas vivi\u00f3 en el mundo, pero no era del mundo. Vivi\u00f3 en el sistema sin\nseguir el sistema, y por esto fue perseguido y condenado a muerte. \u00bfYo? \u00bfVivo\nhoy como Jes\u00fas lo hizo en su tiempo, o adapto mi fe al sistema?<\/li><li>Preparaci\u00f3n para Pentecost\u00e9s. Invocar el don del Esp\u00edritu Santo, el\nEsp\u00edritu que anim\u00f3 a Jes\u00fas. En esta novena de preparaci\u00f3n a Pentecost\u00e9s es\nbueno sacar un tiempo para pedir el don del Esp\u00edritu de Jes\u00fas.<\/li><\/ul>\n\n\n\n<h2>Oraci\u00f3n final<\/h2>\n\n\n\n<p>Bendigo a Yahv\u00e9, que me aconseja; aun de noche me instruye la conciencia; tengo\nsiempre presente a Yahv\u00e9, con \u00e9l a mi derecha no vacilo. (Sal 16, 7-8). <\/p>\n\n\n\n<p style=\"text-align:center\">Todos los derechos: www.ocarm.org<\/p>\n","protected":false},"excerpt":{"rendered":"<p>Tiempo de Pascua Oraci\u00f3n inicial Padre lleno de amor, concede a tu Iglesia, congregada por el Esp\u00edritu Santo, dedicarse plenamente a tu servicio y vivir unida en el amor, seg\u00fan tu voluntad. Por nuestro Se\u00f1or. Lectura Del santo Evangelio seg\u00fan &hellip; <a href=\"https:\/\/www.ocdmx.org\/?p=4069\">Sigue leyendo <span class=\"meta-nav\">&rarr;<\/span><\/a><\/p>\n","protected":false},"author":1,"featured_media":0,"comment_status":"closed","ping_status":"closed","sticky":false,"template":"","format":"standard","meta":{"_jetpack_newsletter_access":""},"categories":[17],"tags":[],"jetpack_featured_media_url":"","jetpack_shortlink":"https:\/\/wp.me\/p2dsrC-13D","jetpack_sharing_enabled":true,"_links":{"self":[{"href":"https:\/\/www.ocdmx.org\/index.php?rest_route=\/wp\/v2\/posts\/4069"}],"collection":[{"href":"https:\/\/www.ocdmx.org\/index.php?rest_route=\/wp\/v2\/posts"}],"about":[{"href":"https:\/\/www.ocdmx.org\/index.php?rest_route=\/wp\/v2\/types\/post"}],"author":[{"embeddable":true,"href":"https:\/\/www.ocdmx.org\/index.php?rest_route=\/wp\/v2\/users\/1"}],"replies":[{"embeddable":true,"href":"https:\/\/www.ocdmx.org\/index.php?rest_route=%2Fwp%2Fv2%2Fcomments&post=4069"}],"version-history":[{"count":1,"href":"https:\/\/www.ocdmx.org\/index.php?rest_route=\/wp\/v2\/posts\/4069\/revisions"}],"predecessor-version":[{"id":4070,"href":"https:\/\/www.ocdmx.org\/index.php?rest_route=\/wp\/v2\/posts\/4069\/revisions\/4070"}],"wp:attachment":[{"href":"https:\/\/www.ocdmx.org\/index.php?rest_route=%2Fwp%2Fv2%2Fmedia&parent=4069"}],"wp:term":[{"taxonomy":"category","embeddable":true,"href":"https:\/\/www.ocdmx.org\/index.php?rest_route=%2Fwp%2Fv2%2Fcategories&post=4069"},{"taxonomy":"post_tag","embeddable":true,"href":"https:\/\/www.ocdmx.org\/index.php?rest_route=%2Fwp%2Fv2%2Ftags&post=4069"}],"curies":[{"name":"wp","href":"https:\/\/api.w.org\/{rel}","templated":true}]}}