{"id":4071,"date":"2021-05-20T00:05:43","date_gmt":"2021-05-20T06:05:43","guid":{"rendered":"https:\/\/www.ocdmx.org\/?p=4071"},"modified":"2021-04-30T10:41:37","modified_gmt":"2021-04-30T16:41:37","slug":"lectio-divina-jue-20-may-2021","status":"publish","type":"post","link":"https:\/\/www.ocdmx.org\/?p=4071","title":{"rendered":"Lectio divina jue, 20 may 2021"},"content":{"rendered":"\n<h4>Tiempo de Pascua<\/h4>\n\n\n\n<p><strong>Oraci\u00f3n inicial<\/strong><\/p>\n\n\n\n<p>Que tu Esp\u00edritu, Se\u00f1or, nos penetre con su fuerza, para\nque nuestro pensar te sea grato y nuestro obrar concuerde con tu voluntad. Por\nnuestro Se\u00f1or.<\/p>\n\n\n\n<p><strong>Lectura<\/strong><\/p>\n\n\n\n<p>Del santo Evangelio seg\u00fan Juan 17, 20-26<\/p>\n\n\n\n<p>No ruego s\u00f3lo por \u00e9stos, sino tambi\u00e9n por aquellos que, por medio de su\npalabra, creer\u00e1n en m\u00ed, para que todos sean uno. Como t\u00fa, Padre, en m\u00ed y yo en\nti, que ellos tambi\u00e9n sean uno en nosotros, para que el mundo crea que t\u00fa me\nhas enviado. Yo les he dado la gloria que t\u00fa me diste, para que sean uno como\nnosotros somos uno: yo en ellos y t\u00fa en m\u00ed, para que sean perfectamente uno, y\nel mundo conozca que t\u00fa me has enviado y que los has amado a ellos como me has\namado a m\u00ed. Padre, los que t\u00fa me has dado, quiero que donde yo est\u00e9 est\u00e9n\ntambi\u00e9n conmigo, para que contemplen mi gloria, la que me has dado, porque me\nhas amado antes de la creaci\u00f3n del mundo.<\/p>\n\n\n\n<p>Padre justo, el mundo no te ha conocido, pero yo te he conocido y \u00e9stos han\nconocido que t\u00fa me has enviado. Yo les he dado a conocer tu nombre y se lo seguir\u00e9\ndando a conocer, para que el amor con que t\u00fa me has amado est\u00e9 en ellos y yo en\nellos.\u00bb<\/p>\n\n\n\n<p><strong>Reflexi\u00f3n<\/strong><\/p>\n\n\n\n<p>El evangelio de hoy nos presenta la tercera y \u00faltima parte de la Oraci\u00f3n\nSacerdotal, en la que Jes\u00fas mira hacia el futuro y manifiesta su gran deseo de unidad\nentre nosotros, sus disc\u00edpulos, y para la permanencia de todos en el amor que\nunifica, pues sin amor y sin unidad no merecemos credibilidad.<\/p>\n\n\n\n<ul><li>Juan 17, 20-23: Para que el mundo crea que t\u00fa me enviaste. Jes\u00fas alarga el\nhorizonte y reza al Padre: No ruego s\u00f3lo por \u00e9stos, sino tambi\u00e9n por aquellos\nque, por medio de su palabra, creer\u00e1n en m\u00ed, para que todos sean uno. Como t\u00fa,\nPadre, en m\u00ed y yo en ti, que ellos tambi\u00e9n sean uno en nosotros, para que el\nmundo crea que t\u00fa me has enviado. Aqu\u00ed aflora la gran preocupaci\u00f3n de Jes\u00fas por\nla uni\u00f3n que debe existir en las comunidades. Unidad no significa uniformidad,\nsino permanecer en el amor, a pesar de todas las tensiones y de todos los\nconflictos. El amor que unifica al punto de crear entre todos una profunda unidad,\ncomo aquella que existe entre Jes\u00fas y el Padre. La unidad en el amor revelada\nen la Trinidad es el modelo para las comunidades. Por esto, a trav\u00e9s del amor\nentre las personas, las comunidades revelan al mundo el mensaje m\u00e1s profundo de\nJes\u00fas. Como la gente dec\u00eda de los primeros cristianos: \u201c\u00a1Mirad como se aman!\u201d Es\ntr\u00e1gica la actual divisi\u00f3n entre las tres religiones nacidas de Abrah\u00e1n:\njud\u00edos, cristianos y musulmanes. M\u00e1s tr\u00e1gica todav\u00eda es la divisi\u00f3n entre los\ncristianos que dicen que creen en Jes\u00fas. Divididos, no merecemos credibilidad.\nEl ecumenismo est\u00e1 en el centro de la \u00faltima plegaria de Jes\u00fas al Padre. Es Su\ntestamento. Ser cristiano y no ser ecum\u00e9nico es un contrasentido. Contradice la\n\u00faltima voluntad de Jes\u00fas.<\/li><li>Juan 17, 24-26: Que el amor con que t\u00fa me amaste est\u00e9 en ellos. Jes\u00fas no\nquiere quedar solo. Dice: Padre, los que t\u00fa me has dado, quiero que donde yo\nest\u00e9 est\u00e9n tambi\u00e9n conmigo, para que contemplen mi gloria, la que me has dado,\nporque me has amado antes de la creaci\u00f3n del mundo. La dicha de Jes\u00fas es que\ntodos nosotros estemos con \u00e9l. Quiere que sus disc\u00edpulos tengan la misma\nexperiencia que \u00e9l tuvo del Padre. Quiere que conozcan al Padre como \u00e9l lo\nconoci\u00f3. En la Biblia, la palabra conocer no se reduce a un conocimiento\nte\u00f3rico racional, sino que implica experimentar la presencia de Dios en la\nconvivencia de amor con las personas en la comunidad.<\/li><\/ul>\n\n\n\n<p>\u00a1Que sean uno\ncomo nosotros! (Unidad y Trinidad en el evangelio de Juan) El evangelio de Juan\nnos ayuda mucho en la comprensi\u00f3n del misterio de la Trinidad, la comuni\u00f3n\nentre las. personas divinas: el Padre, el Hijo y el Esp\u00edritu. De los cuatro\nevangelios, Juan es el que acent\u00faa la profunda unidad entre el Padre y el Hijo.\nPor el texto del Evangelio (Jn 17, 6-8) sabemos que la misi\u00f3n del Hijo es la\nsuprema manifestaci\u00f3n del amor del Padre. Y es justamente esta unidad entre el\nPadre y el Hijo la que hace proclamar a Jes\u00fas: Yo y el Padre somos una cosa\nsola (Jn 10, 30). Entre \u00e9l y el Padre existe una unidad tan intensa que quien\nve el rostro del uno, ve tambi\u00e9n el rostro del otro. Cumpliendo esta misi\u00f3n de\nunidad recibida del Padre, Jes\u00fas revela al Esp\u00edritu. El Esp\u00edritu de la Verdad\nviene del Padre (Jn 15, 26). El Hijo pide (Jn 14, 16), y el Padre env\u00eda el\nEsp\u00edritu a cada uno de nosotros para que permanezca en nosotros, d\u00e1ndonos \u00e1nimo\ny fuerza. El Esp\u00edritu nos viene del Hijo tambi\u00e9n (Jn 16, 7-8).As\u00ed, el Esp\u00edritu\nde la Verdad, que camina con nosotros, es la comunicaci\u00f3n de la profunda unidad\nque existe entre el Padre y el Hijo (Jn 15, 26-27). El Esp\u00edritu no puede\ncomunicar otra verdad que no sea la Verdad del Hijo. Todo lo que se relaciona\ncon el misterio del Hijo, el Esp\u00edritu lo da a conocer (Jn 16, 13-14). Esta\nexperiencia de la unidad en Dios fue muy fuerte en las comunidades del\nDisc\u00edpulo Amado. El amor que une a las personas divinas Padre e Hijo y Esp\u00edritu\nnos permite experimentar a Dios a trav\u00e9s de la uni\u00f3n con las personas en una\ncomunidad de amor. As\u00ed, tambi\u00e9n, era la propuesta de la comunidad, donde el\namor deber\u00eda ser la se\u00f1al de la presencia de Dios en medio de la comunidad (Jn\n13, 34-35). Y este amor construy\u00f3 la unidad dentro de la comunidad (Jn 17, 21).\nEllos miraban la unidad en Dios para poder entender la unidad entre ellos.<\/p>\n\n\n\n<h2>Para la reflexi\u00f3n personal<\/h2>\n\n\n\n<ul><li>Dec\u00eda el obispo Don Pedro Casald\u00e1liga: \u201cLa Trinidad es a\u00fan mejor que la\ncomunidad\u201d. \u00bfEn la comunidad de la que t\u00fa eres miembro, percibes alg\u00fan reflejo\nhumano de la Trinidad Divina?<\/li><li>Ecumenismo. \u00bfSoy ecum\u00e9nico?<\/li><\/ul>\n\n\n\n<h2>Oraci\u00f3n final<\/h2>\n\n\n\n<p>Se\u00f1or, tu me ense\u00f1ar\u00e1s el camino de la vida, me hartar\u00e1s de gozo en tu presencia,\nde dicha perpetua a tu derecha. (Sal 16, 11). <\/p>\n\n\n\n<p style=\"text-align:center\">Todos los derechos: www.ocarm.org<\/p>\n","protected":false},"excerpt":{"rendered":"<p>Tiempo de Pascua Oraci\u00f3n inicial Que tu Esp\u00edritu, Se\u00f1or, nos penetre con su fuerza, para que nuestro pensar te sea grato y nuestro obrar concuerde con tu voluntad. Por nuestro Se\u00f1or. Lectura Del santo Evangelio seg\u00fan Juan 17, 20-26 No &hellip; <a href=\"https:\/\/www.ocdmx.org\/?p=4071\">Sigue leyendo <span class=\"meta-nav\">&rarr;<\/span><\/a><\/p>\n","protected":false},"author":1,"featured_media":0,"comment_status":"closed","ping_status":"closed","sticky":false,"template":"","format":"standard","meta":{"_jetpack_newsletter_access":""},"categories":[17],"tags":[],"jetpack_featured_media_url":"","jetpack_shortlink":"https:\/\/wp.me\/p2dsrC-13F","jetpack_sharing_enabled":true,"_links":{"self":[{"href":"https:\/\/www.ocdmx.org\/index.php?rest_route=\/wp\/v2\/posts\/4071"}],"collection":[{"href":"https:\/\/www.ocdmx.org\/index.php?rest_route=\/wp\/v2\/posts"}],"about":[{"href":"https:\/\/www.ocdmx.org\/index.php?rest_route=\/wp\/v2\/types\/post"}],"author":[{"embeddable":true,"href":"https:\/\/www.ocdmx.org\/index.php?rest_route=\/wp\/v2\/users\/1"}],"replies":[{"embeddable":true,"href":"https:\/\/www.ocdmx.org\/index.php?rest_route=%2Fwp%2Fv2%2Fcomments&post=4071"}],"version-history":[{"count":1,"href":"https:\/\/www.ocdmx.org\/index.php?rest_route=\/wp\/v2\/posts\/4071\/revisions"}],"predecessor-version":[{"id":4072,"href":"https:\/\/www.ocdmx.org\/index.php?rest_route=\/wp\/v2\/posts\/4071\/revisions\/4072"}],"wp:attachment":[{"href":"https:\/\/www.ocdmx.org\/index.php?rest_route=%2Fwp%2Fv2%2Fmedia&parent=4071"}],"wp:term":[{"taxonomy":"category","embeddable":true,"href":"https:\/\/www.ocdmx.org\/index.php?rest_route=%2Fwp%2Fv2%2Fcategories&post=4071"},{"taxonomy":"post_tag","embeddable":true,"href":"https:\/\/www.ocdmx.org\/index.php?rest_route=%2Fwp%2Fv2%2Ftags&post=4071"}],"curies":[{"name":"wp","href":"https:\/\/api.w.org\/{rel}","templated":true}]}}