{"id":4074,"date":"2021-05-21T00:05:52","date_gmt":"2021-05-21T06:05:52","guid":{"rendered":"https:\/\/www.ocdmx.org\/?p=4074"},"modified":"2021-04-30T15:29:20","modified_gmt":"2021-04-30T21:29:20","slug":"lectio-divina-vie-21-may-2021","status":"publish","type":"post","link":"https:\/\/www.ocdmx.org\/?p=4074","title":{"rendered":"Lectio divina vie, 21 may 2021"},"content":{"rendered":"\n<h4>Tiempo de Pascua<\/h4>\n\n\n\n<p><strong>Oraci\u00f3n inicial<\/strong><\/p>\n\n\n\n<p>\u00a1Oh Dios!, que por la glorificaci\u00f3n de Jesucristo y la venida del Esp\u00edritu\nSanto nos has abierto las puertas de tu reino; haz que la recepci\u00f3n de dones\ntan grandes nos mueva a dedicarnos con mayor empe\u00f1o a tu servicio y a vivir con\nmayor plenitud las riquezas de nuestra fe. Por nuestro Se\u00f1or.<\/p>\n\n\n\n<p><strong>Lectura<\/strong><\/p>\n\n\n\n<h4>Del santo Evangelio seg\u00fan Juan\n21, 15-19<\/h4>\n\n\n\n<p>Despu\u00e9s de haber comido, dice Jes\u00fas a Sim\u00f3n Pedro: \u00abSim\u00f3n de Juan, \u00bfme amas\nm\u00e1s que \u00e9stos?\u00bb Le dice \u00e9l: \u00abS\u00ed, Se\u00f1or, t\u00fa sabes que te quiero.\u00bb Le dice Jes\u00fas:\n\u00abApacienta mis corderos.\u00bb Vuelve a decirle por segunda vez: \u00abSim\u00f3n de Juan, \u00bfme\namas?\u00bb Le dice \u00e9l: \u00abS\u00ed, Se\u00f1or, t\u00fa sabes que te quiero.\u00bb Le dice Jes\u00fas:\n\u00abApacienta mis ovejas.\u00bb Le dice por tercera vez: \u00abSim\u00f3n de Juan, \u00bfme quieres?\u00bb\nSe entristeci\u00f3 Pedro de que le preguntase por tercera vez: \u00ab\u00bfMe quieres?\u00bb y le\ndijo: \u00abSe\u00f1or, t\u00fa lo sabes todo; t\u00fa sabes que te quiero.\u00bb Le dice Jes\u00fas:\n\u00abApacienta mis ovejas. \u00abEn verdad, en verdad te digo: cuando eras joven, t\u00fa\nmismo te ce\u00f1\u00edas, e ibas adonde quer\u00edas; pero cuando llegues a viejo, extender\u00e1s\ntus manos y otro te ce\u00f1ir\u00e1 y te llevar\u00e1 adonde t\u00fa no quieras.\u00bb Con esto\nindicaba la clase de muerte con que iba a glorificar a Dios. Dicho esto,\na\u00f1adi\u00f3: \u00abS\u00edgueme.\u00bb<\/p>\n\n\n\n<h2>Reflexi\u00f3n<\/h2>\n\n\n\n<p>Estamos en los\n\u00faltimos d\u00edas de Pentecost\u00e9s. Durante la cuaresma, la selecci\u00f3n de los\nevangelios del d\u00eda sigue la antigua tradici\u00f3n de la Iglesia. Entre Pascua y\nPentecost\u00e9s, la preferencia es para el evangelio de Juan. As\u00ed, en estos \u00faltimos\ndos d\u00edas antes de Pentecost\u00e9s, los evangelios diarios presentan los \u00faltimos\nvers\u00edculos del evangelio de Juan. Luego retomamos el Tiempo Com\u00fan, y volvemos\nal evangelio de Marcos. En las semanas del Tiempo Com\u00fan, la liturgia diaria\nhace la lectura continua del evangelio de Marcos (desde la1\u00aa hasta la 9\u00aa semana\ncom\u00fan), de Mateo (desde la 10\u00ba hasta la 21\u00aa semana com\u00fan) y de Lucas (desde la\n22\u00aa hasta la 34\u00aa semana com\u00fan).<\/p>\n\n\n\n<p>Los evangelios\nde hoy y de ma\u00f1ana presentan el \u00faltimo encuentro de Jes\u00fas con sus disc\u00edpulos.\nFue un reencuentro de celebraci\u00f3n, marcado por la ternura y por el cari\u00f1o. Al final,\nJes\u00fas llama a Pedro y le pregunta tres veces: \u00ab\u00bfMe amas?\u00bb Solamente\ndespu\u00e9s de haber recibido, por tres veces, la misma respuesta afirmativa, Jes\u00fas\nda a Pedro la misi\u00f3n de cuidar de las ovejas. Para que podamos trabajar en la\ncomunidad Jes\u00fas no pregunta si sabemos muchas cosas. \u00a1Lo que pide es que\ntengamos mucho amor!<\/p>\n\n\n\n<ul><li>Juan 21, 15-17: El amor en el centro de la misi\u00f3n. Despu\u00e9s de una noche de\npesca en el lago sin pescar ni un pez, al llegar a orillas de la playa, los\ndisc\u00edpulos descubren que Jes\u00fas hab\u00eda preparado una comida con pan y pescado\nasado sobre las brasas. Terminada la comida, Jes\u00fas llama a Pedro y le pregunta tres\nveces: \u00ab\u00bfMe amas?\u00bb Tres veces, porque fue por tres veces que Pedro\nneg\u00f3 a Jes\u00fas (Jn 18, 17. 25-27). Despu\u00e9s de tres respuestas afirmativas,\ntambi\u00e9n Pedro se vuelve hacia el \u00abDisc\u00edpulo Amado\u00bb y recibe la orden\nde cuidar de las ovejas. Jes\u00fas no pregunta a Pedro si hab\u00eda estudiado ex\u00e9gesis,\nteolog\u00eda, moral o derecho can\u00f3nico. S\u00f3lo le pregunta:\u00bb\u00bfMe amas?\u00bb El\namor en primer lugar. Para las comunidades del Disc\u00edpulo Amado la fuerza que\nlas sustenta y que las mantiene unidas no es la doctrina, sino el amor.<\/li><li>Juan 21, 18-19: La previsi\u00f3n de la muerte. Jes\u00fas dice a Pedro: En verdad,\nen verdad te digo: cuando eras joven, t\u00fa mismo te ce\u00f1\u00edas, e ibas adonde\nquer\u00edas; pero cuando llegues a viejo, extender\u00e1s tus manos y otro te ce\u00f1ir\u00e1 y\nte llevar\u00e1 adonde t\u00fa no quieras. A lo largo de la vida, Pedro y todos vamos madurando.\nLa pr\u00e1ctica del amor se ir\u00e1 estableciendo en la vida y la persona deja de ser\ndue\u00f1a de s\u00ed misma. El servicio de amor a los hermanos y hermanas nos ocupar\u00e1\ndel todo y nos conducir\u00e1. Otro te ce\u00f1ir\u00e1 y te llevar\u00e1 adonde t\u00fa no quieras.\nEste es el sentido del seguimiento. Y el evangelista comenta: \u201cCon esto\nindicaba la clase de muerte conque Pedro iba a glorificar a Dios\u201d. Y Jes\u00fas\na\u00f1adi\u00f3: \u00abS\u00edgueme.\u00bb<\/li><\/ul>\n\n\n\n<p>El amor en\nJuan \u2013 Pedro, \u00bfme amas? \u2013 El Disc\u00edpulo Amado. La palabra amor es una de las\npalabras que m\u00e1s usamos, hoy en d\u00eda. Por esto mismo, es una palabra muy\ndesgastada. Pero es con esta palabra que las comunidades del Disc\u00edpulo Amado\nmanifestaban su identidad y su proyecto. Amar es ante todo una experiencia\nprofunda de relaci\u00f3n entre personas, donde existe una mezcla de sentimientos y\nvalores como alegr\u00eda, tristeza, sufrimiento, crecimiento, renuncia, entrega,\nrealizaci\u00f3n, donaci\u00f3n, compromiso, vida, muerte, etc. Este conjunto en la\nBiblia se resume en una \u00fanica palabra en lengua hebraica. Esta palabra es Hesed.\nEs una palabra de dif\u00edcil traducci\u00f3n para nuestra lengua. En nuestras Biblias\ngeneralmente se traduce por caridad, misericordia, fidelidad o amor. Las\ncomunidades del Disc\u00edpulo Amado tratan de vivir esta pr\u00e1ctica de amor en toda\nsu radicalidad. Jes\u00fas la revela a los suyos en sus encuentros con las personas,\ncon sentimientos de amistad y de ternura, como, por ejemplo, en su relaci\u00f3n con\nla familia de Marta en Betania: \u201cJes\u00fas amaba a Marta y a su hermana y a\nL\u00e1zaro\u201d. Llora ante la tumba de L\u00e1zaro (Jn 11, 5. 33- 36). Jes\u00fas encarn\u00f3\nsiempre su misi\u00f3n como una manifestaci\u00f3n de amor: \u201cHabiendo amado a los suyos\nlos am\u00f3 hasta el fin\u201d (Jn 13, 1). En este amor Jes\u00fas manifiesta su profunda\nidentidad con el Padre (Jn 15, 9). Para las comunidades no hab\u00eda otro mandamiento\nque \u00e9ste: \u201cActuar como actuaba Jes\u00fas\u201d (1 Jn 2, 6). Esto implica \u201camar a los\nhermanos\u201d(1 Jn 2, 7-11; 3, 11-24; 2 Jn 4-6). Siendo un mandamiento tan central\nen la vida de la comunidad, los escritos joaneos definen as\u00ed el amor: \u201cEn esto\nconocemos el Amor: que el dio su vida por nosotros. Nosotros tambi\u00e9n debemos\ndar nuestra vida por nuestros hermanos y hermanas\u201d. Por esto no debemos \u201camar\ns\u00f3lo de palabra, sino dar la vida por nuestros hermanos\u201d.(1 Jn 3, 16-17). Quien\nvive el amor lo manifiesta en sus palabras y actitudes y se vuelve tambi\u00e9n\nDisc\u00edpula Amada, Disc\u00edpulo Amado.<\/p>\n\n\n\n<h2>Para la reflexi\u00f3n personal<\/h2>\n\n\n\n<ul><li>Mira dentro de ti y di cu\u00e1l es el motivo m\u00e1s profundo que te lleva a\ntrabajar en comunidad. \u00bfEs el amor o te preocupan las ideas?<\/li><li>A partir de las relaciones que tenemos entre nosotros, con Dios y con la\nnaturaleza, \u00bfqu\u00e9 tipo de comunidad estamos construyendo?<\/li><\/ul>\n\n\n\n<h2>Oraci\u00f3n final<\/h2>\n\n\n\n<p>Bendice, alma m\u00eda, a Yahv\u00e9, el fondo de mi ser, a su santo nombre. Bendice,\nalma m\u00eda, a Yahv\u00e9, nunca olvides sus beneficios. (Sal 103, 1-2). <\/p>\n\n\n\n<p style=\"text-align:center\">Todos los derechos: www.ocarm.org<\/p>\n","protected":false},"excerpt":{"rendered":"<p>Tiempo de Pascua Oraci\u00f3n inicial \u00a1Oh Dios!, que por la glorificaci\u00f3n de Jesucristo y la venida del Esp\u00edritu Santo nos has abierto las puertas de tu reino; haz que la recepci\u00f3n de dones tan grandes nos mueva a dedicarnos con &hellip; <a href=\"https:\/\/www.ocdmx.org\/?p=4074\">Sigue leyendo <span class=\"meta-nav\">&rarr;<\/span><\/a><\/p>\n","protected":false},"author":1,"featured_media":0,"comment_status":"closed","ping_status":"closed","sticky":false,"template":"","format":"standard","meta":{"_jetpack_newsletter_access":""},"categories":[17],"tags":[],"jetpack_featured_media_url":"","jetpack_shortlink":"https:\/\/wp.me\/p2dsrC-13I","jetpack_sharing_enabled":true,"_links":{"self":[{"href":"https:\/\/www.ocdmx.org\/index.php?rest_route=\/wp\/v2\/posts\/4074"}],"collection":[{"href":"https:\/\/www.ocdmx.org\/index.php?rest_route=\/wp\/v2\/posts"}],"about":[{"href":"https:\/\/www.ocdmx.org\/index.php?rest_route=\/wp\/v2\/types\/post"}],"author":[{"embeddable":true,"href":"https:\/\/www.ocdmx.org\/index.php?rest_route=\/wp\/v2\/users\/1"}],"replies":[{"embeddable":true,"href":"https:\/\/www.ocdmx.org\/index.php?rest_route=%2Fwp%2Fv2%2Fcomments&post=4074"}],"version-history":[{"count":1,"href":"https:\/\/www.ocdmx.org\/index.php?rest_route=\/wp\/v2\/posts\/4074\/revisions"}],"predecessor-version":[{"id":4075,"href":"https:\/\/www.ocdmx.org\/index.php?rest_route=\/wp\/v2\/posts\/4074\/revisions\/4075"}],"wp:attachment":[{"href":"https:\/\/www.ocdmx.org\/index.php?rest_route=%2Fwp%2Fv2%2Fmedia&parent=4074"}],"wp:term":[{"taxonomy":"category","embeddable":true,"href":"https:\/\/www.ocdmx.org\/index.php?rest_route=%2Fwp%2Fv2%2Fcategories&post=4074"},{"taxonomy":"post_tag","embeddable":true,"href":"https:\/\/www.ocdmx.org\/index.php?rest_route=%2Fwp%2Fv2%2Ftags&post=4074"}],"curies":[{"name":"wp","href":"https:\/\/api.w.org\/{rel}","templated":true}]}}