{"id":4076,"date":"2021-05-22T00:05:51","date_gmt":"2021-05-22T06:05:51","guid":{"rendered":"https:\/\/www.ocdmx.org\/?p=4076"},"modified":"2021-04-30T15:32:43","modified_gmt":"2021-04-30T21:32:43","slug":"lectio-divina-sab-22-may-2021","status":"publish","type":"post","link":"https:\/\/www.ocdmx.org\/?p=4076","title":{"rendered":"Lectio divina sab, 22 may 2021"},"content":{"rendered":"\n<h4>Tiempo de Pascua<\/h4>\n\n\n\n<p><strong>Oraci\u00f3n inicial<\/strong><\/p>\n\n\n\n<p>Dios todopoderoso, conc\u00e9denos conservar siempre en nuestra vida y en\nnuestras costumbres la alegr\u00eda de estas fiestas de Pascua que nos disponemos a\nclausurar. Por nuestro Se\u00f1or.<\/p>\n\n\n\n<p><strong>Lectura<\/strong><\/p>\n\n\n\n<h4>Del santo Evangelio seg\u00fan Juan\n21, 20-25<\/h4>\n\n\n\n<p>Pedro se vuelve y ve, sigui\u00e9ndoles detr\u00e1s, al disc\u00edpulo a quien Jes\u00fas\namaba, que adem\u00e1s durante la cena se hab\u00eda recostado en su pecho y le hab\u00eda\ndicho: \u00abSe\u00f1or, \u00bfqui\u00e9n es el que te va a entregar?\u00bb Vi\u00e9ndole Pedro, dice a\nJes\u00fas: \u00abSe\u00f1or, y \u00e9ste, \u00bfqu\u00e9?\u00bb Jes\u00fas le respondi\u00f3: \u00abSi quiero que se quede hasta\nque yo venga, \u00bfqu\u00e9 te importa? T\u00fa, s\u00edgueme.\u00bb Corri\u00f3, pues, entre los hermanos\nla voz de que este disc\u00edpulo no morir\u00eda. Pero Jes\u00fas no hab\u00eda dicho a Pedro: \u00abNo\nmorir\u00e1\u00bb, sino: \u00abSi quiero que se quede hasta que yo venga.\u00bb Este es el\ndisc\u00edpulo que da testimonio de estas cosas y que las ha escrito, y nosotros\nsabemos que su testimonio es verdadero. Hay adem\u00e1s otras muchas cosas que hizo\nJes\u00fas. Si se escribieran una por una, pienso que ni todo el mundo bastar\u00eda para\ncontener los libros que se escribieran.<\/p>\n\n\n\n<h2>Reflexi\u00f3n<\/h2>\n\n\n\n<p>El evangelio\nde hoy empieza con una pregunta de Pedro sobre el destino del disc\u00edpulo amado\nSe\u00f1or, y \u00e9ste, \u00bfqu\u00e9? Jes\u00fas acababa de conversar con Pedro, anunciando el\ndestino o tipo de muerte con que Pedro iba a glorificar a Dios. Y al final\na\u00f1ade: S\u00edgueme. (Jn 21, 19).<\/p>\n\n\n\n<ul><li>Juan 21, 20-21: La pregunta de Pedro sobre el destino de Juan. En aquel\nmomento, Pedro se volvi\u00f3 y vio al disc\u00edpulo a quien Jes\u00fas amaba y pregunt\u00f3:\nSe\u00f1or, y a \u00e9ste \u00bfqu\u00e9 le va a ocurrir? Jes\u00fas acababa de indicar el destino de\nPedro y ahora Pedro quiere saber de Jes\u00fas cu\u00e1l es el destino de este otro\ndisc\u00edpulo. Curiosidad que no merece una respuesta adecuada de parte de Jes\u00fas.<\/li><li>Juan 21, 22: La respuesta misteriosa de Jes\u00fas. Jes\u00fas dice: Si quiero que se\nquede hasta que yo venga, \u00bfa ti qu\u00e9 te importa? T\u00fa: s\u00edgueme. Frase misteriosa\nque termina de nuevo con la misma afirmaci\u00f3n que antes: \u00a1S\u00edgueme! Parece como\nsi Jes\u00fas quiera borrar la curiosidad de Pedro. As\u00ed, como cada uno de nosotros\ntiene su propia historia, as\u00ed cada uno tiene su manera de seguir a Jes\u00fas. Nadie\nrepite a nadie. Cada uno debe ser creativo en seguir a Jes\u00fas.<\/li><li>Juan 21, 23: El evangelista aclara el sentido de la respuesta de Jes\u00fas. La\ntradici\u00f3n antigua identifica al Disc\u00edpulo Amado con el Ap\u00f3stol Juan e informa\nque \u00e9l muri\u00f3 muy tarde, cuando ten\u00eda alrededor de 100 a\u00f1os. Al enlazar la\navanzada edad de Juan con la misteriosa respuesta de Jes\u00fas, el evangelista\naclara: \u201cPor esto corri\u00f3 la voz entre los hermanos de aquel disc\u00edpulo que aquel\ndisc\u00edpulo no morir\u00eda. Pero Jes\u00fas no hab\u00eda dicho a Pedro: \u00abNo morir\u00e1\u00bb, sino: \u00abSi\nquiero que se quede hasta que yo venga, a ti, \u00bfqu\u00e9?\u00bb Tal vez sea una alerta\npara estar muy atentos a la interpretaci\u00f3n de las palabras de Jes\u00fas y no\nbasarse en cualquier rumor.<\/li><li>Juan 21, 24: Testimonio sobre el valor del evangelio. El Cap\u00edtulo 21 es un\nap\u00e9ndice que fue aumentando cuando se hizo la redacci\u00f3n definitiva del\nEvangelio. El cap\u00edtulo 20 tiene este final que lo encierra todo: \u201cHay adem\u00e1s\notras muchas cosas que hizo Jes\u00fas. Si se escribieran una por una, pienso que ni\ntodo el mundo bastar\u00eda para contener los libros que se escribieran. Han sido\nescritas para que cre\u00e1is que Jes\u00fas es el Mes\u00edas, el Hijo de Dios. Y para que\ncreyendo, teng\u00e1is vida en su nombre\u201d (Jn 20, 30-31). El libro estaba listo.\nPero hab\u00eda muchos otros hechos sobre Jes\u00fas. Por esto, en ocasi\u00f3n de la edici\u00f3n\ndefinitiva del evangelio, algunos de estos \u00abmuchos otros hechos\u00bb sobre\nJes\u00fas fueron seleccionados y acrecentados, muy probablemente, para aclarar\nmejor los nuevos problemas de finales del siglo primero. No sabemos qui\u00e9n hizo\nla redacci\u00f3n definitiva como tampoco el ap\u00e9ndice, pero sabemos que es alguien\nde confianza de la comunidad, pues escribe: \u201cEste es el disc\u00edpulo que da\ntestimonio de las cosas y que las escribi\u00f3. Y nosotros sabemos que su\ntestimonio es verdadero\u201d.<\/li><li>Juan 21, 25: El misterio de Jes\u00fas \u00a1es inagotable! Frase bonita para\nencerrar el Evangelio de Juan: \u201cJes\u00fas hizo adem\u00e1s muchas otras cosas. Si se\nescribiesen una por una, pienso que no cabr\u00edan en el mundo los libros que se\nescribir\u00edan\u201d. Parece una exageraci\u00f3n pero es pura verdad. Nadie jam\u00e1s ser\u00eda\ncapaz de escribir todas las cosas que Jes\u00fas hizo y que sigue haciendo en la\nvida de las personas que siguen a Jes\u00fas hasta hoy.<\/li><\/ul>\n\n\n\n<h2>Para una reflexi\u00f3n personal<\/h2>\n\n\n\n<ul><li>En tu vida \u00bfhay cosas que Jes\u00fas hizo y que podr\u00edan escribirse en ese libro\nque no se escribir\u00e1 jam\u00e1s?<\/li><li>Pedro se preocupa de unos y otros y olvida realizar su propio \u201cS\u00edgueme\u201d.\n\u00bfTe pas\u00f3 a ti tambi\u00e9n?<\/li><\/ul>\n\n\n\n<h2>Oraci\u00f3n final<\/h2>\n\n\n\n<p>Yahv\u00e9 en su santo Templo, Yahv\u00e9 en su trono celeste; sus ojos ven el mundo,\nsus pupilas examinan a los hombres. (Sal 11, 4). <\/p>\n\n\n\n<p style=\"text-align:center\">Todos los derechos: www.ocarm.org<\/p>\n","protected":false},"excerpt":{"rendered":"<p>Tiempo de Pascua Oraci\u00f3n inicial Dios todopoderoso, conc\u00e9denos conservar siempre en nuestra vida y en nuestras costumbres la alegr\u00eda de estas fiestas de Pascua que nos disponemos a clausurar. Por nuestro Se\u00f1or. Lectura Del santo Evangelio seg\u00fan Juan 21, 20-25 &hellip; <a href=\"https:\/\/www.ocdmx.org\/?p=4076\">Sigue leyendo <span class=\"meta-nav\">&rarr;<\/span><\/a><\/p>\n","protected":false},"author":1,"featured_media":0,"comment_status":"closed","ping_status":"closed","sticky":false,"template":"","format":"standard","meta":{"_jetpack_newsletter_access":""},"categories":[17],"tags":[],"jetpack_featured_media_url":"","jetpack_shortlink":"https:\/\/wp.me\/p2dsrC-13K","jetpack_sharing_enabled":true,"_links":{"self":[{"href":"https:\/\/www.ocdmx.org\/index.php?rest_route=\/wp\/v2\/posts\/4076"}],"collection":[{"href":"https:\/\/www.ocdmx.org\/index.php?rest_route=\/wp\/v2\/posts"}],"about":[{"href":"https:\/\/www.ocdmx.org\/index.php?rest_route=\/wp\/v2\/types\/post"}],"author":[{"embeddable":true,"href":"https:\/\/www.ocdmx.org\/index.php?rest_route=\/wp\/v2\/users\/1"}],"replies":[{"embeddable":true,"href":"https:\/\/www.ocdmx.org\/index.php?rest_route=%2Fwp%2Fv2%2Fcomments&post=4076"}],"version-history":[{"count":1,"href":"https:\/\/www.ocdmx.org\/index.php?rest_route=\/wp\/v2\/posts\/4076\/revisions"}],"predecessor-version":[{"id":4077,"href":"https:\/\/www.ocdmx.org\/index.php?rest_route=\/wp\/v2\/posts\/4076\/revisions\/4077"}],"wp:attachment":[{"href":"https:\/\/www.ocdmx.org\/index.php?rest_route=%2Fwp%2Fv2%2Fmedia&parent=4076"}],"wp:term":[{"taxonomy":"category","embeddable":true,"href":"https:\/\/www.ocdmx.org\/index.php?rest_route=%2Fwp%2Fv2%2Fcategories&post=4076"},{"taxonomy":"post_tag","embeddable":true,"href":"https:\/\/www.ocdmx.org\/index.php?rest_route=%2Fwp%2Fv2%2Ftags&post=4076"}],"curies":[{"name":"wp","href":"https:\/\/api.w.org\/{rel}","templated":true}]}}