{"id":4097,"date":"2021-05-31T00:05:48","date_gmt":"2021-05-31T06:05:48","guid":{"rendered":"https:\/\/www.ocdmx.org\/?p=4097"},"modified":"2021-04-30T16:03:38","modified_gmt":"2021-04-30T22:03:38","slug":"lectio-divina-mie-31-may-2021-2","status":"publish","type":"post","link":"https:\/\/www.ocdmx.org\/?p=4097","title":{"rendered":"Lectio divina mi\u00e9, 31 may, 2021"},"content":{"rendered":"\n<h4>Tiempo Ordinario<\/h4>\n\n\n\n<p><strong>Oraci\u00f3n inicial<\/strong><\/p>\n\n\n\n<p>Conc\u00e9denos tu ayuda, Se\u00f1or, para que el mundo progrese, seg\u00fan tus\ndesignios; gocen las naciones de una paz estable y tu Iglesia se alegre de\npoder servirte con una entrega confiada y pac\u00edfica. Por nuestro Se\u00f1or.<\/p>\n\n\n\n<p><strong>Lectura<\/strong><\/p>\n\n\n\n<h4>Del santo Evangelio seg\u00fan\nLucas 1, 39-56<\/h4>\n\n\n\n<p>En aquellos d\u00edas, se puso en camino Mar\u00eda y se fue con prontitud a la\nregi\u00f3n monta\u00f1osa, a una ciudad de Jud\u00e1; entr\u00f3 en casa de Zacar\u00edas y salud\u00f3 a\nIsabel. En cuanto oy\u00f3 Isabel el saludo de Mar\u00eda, salt\u00f3 de gozo el ni\u00f1o en su\nseno, Isabel qued\u00f3 llena de Esp\u00edritu Santo y exclam\u00f3 a gritos: \u00abBendita t\u00fa\nentre las mujeres y bendito el fruto de tu seno; y \u00bfde d\u00f3nde a m\u00ed que venga a\nverme la madre de mi Se\u00f1or? Porque apenas lleg\u00f3 a mis o\u00eddos la voz de tu\nsaludo, salt\u00f3 de gozo el ni\u00f1o en mi seno. \u00a1Feliz la que ha cre\u00eddo que se\ncumplir\u00edan las cosas que le fueron dichas de parte del Se\u00f1or!\u00bb<\/p>\n\n\n\n<p>Y dijo Mar\u00eda: \u00abAlaba mi alma la grandeza del Se\u00f1or y mi esp\u00edritu se alegra\nen Dios mi salvador porque ha puesto los ojos en la peque\u00f1ez de su esclava, por\neso desde ahora todas las generaciones me llamar\u00e1n bienaventurada, porque ha\nhecho en mi favor cosas grandes el Poderoso, Santo es su nombre y su\nmisericordia alcanza de generaci\u00f3n en generaci\u00f3n a los que le temen. Despleg\u00f3\nla fuerza de su brazo, dispers\u00f3 a los de coraz\u00f3n altanero. Derrib\u00f3 a los\npotentados de sus tronos y exalt\u00f3 a los humildes. A los hambrientos colm\u00f3 de\nbienes y despidi\u00f3 a los ricos con las manos vac\u00edas. Acogi\u00f3 a Israel, su siervo,\nacord\u00e1ndose de la misericordia -como hab\u00eda anunciado a nuestros padres- en\nfavor de Abrah\u00e1n y de su linaje por los siglos.\u00bb<\/p>\n\n\n\n<p>Mar\u00eda se qued\u00f3 con ella unos tres meses, y luego se volvi\u00f3 a su casa.<\/p>\n\n\n\n<h2>Reflexi\u00f3n<\/h2>\n\n\n\n<p>Hoy, fiesta de la visitaci\u00f3n de Nuestra Se\u00f1ora, el evangelio habla de la visita de Mar\u00eda a su prima Isabel. Cuando Lucas habla de Mar\u00eda, \u00e9l piensa en las comunidades de su tiempo que viv\u00edan dispersas por las ciudades del Imperio Romano y les ofrece en Mar\u00eda un modelo de c\u00f3mo deben relacionarse con la Palabra de Dios. Una vez, al o\u00edr hablar a Jes\u00fas, una mujer exclam\u00f3: \u00abFeliz la que te dio a luz y felices los pechos que te amamantaron\u201d. Elogi\u00f3 a la madre de Jes\u00fas. Inmediatamente, Jes\u00fas respondi\u00f3: \u00ab\u00a1Felices, pues, los que escuchan la palabra de Dios y la observan!\u00bb (Lc 11, 27-28). Mar\u00eda es el modelo de comunidad fiel que sabe escuchar y practicar la Palabra de Dios. Al describir la visita de Mar\u00eda a Isabel, ense\u00f1a qu\u00e9 deben hacer las comunidades para transformar la visita de Dios en servicio a los hermanos y a las hermanas.<\/p>\n\n\n\n<p>El episodio de la visita de Mar\u00eda a Isabel muestra otro aspecto bien t\u00edpico\nde Lucas. Todas las palabras y actitudes, sobre todo el c\u00e1ntico de Mar\u00eda,\nforman una gran celebraci\u00f3n de alabanza. Parece la descripci\u00f3n de una solemne\nliturgia. As\u00ed, Lucas evoca el ambiente lit\u00fargico y celebrativo, en el cual\nJes\u00fas fue formado y en el cual las comunidades ten\u00edan que vivir su fe.<\/p>\n\n\n\n<ul><li>Lucas 1, 39-40: Mar\u00eda sale para visitar a Isabel. Lucas acent\u00faa la\nprontitud de Mar\u00eda en atender las exigencias de la Palabra de Dios. El \u00e1ngel le\nhabl\u00f3 de que Mar\u00eda estaba embarazada e, inmediatamente, Mar\u00eda se levanta para\nverificar lo que el \u00e1ngel le hab\u00eda anunciado, y sale de casa para ir a ayudar a\nuna persona necesitada. De Nazaret hasta las monta\u00f1as de Jud\u00e1 son \u00a1m\u00e1s de 100\nkil\u00f3metros! No hab\u00eda bus ni tren.<\/li><li>Lucas 1, 41-44: Saludo de Isabel. Isabel representa el Antiguo Testamento\nque termina. Mar\u00eda, el Nuevo que empieza. El Antiguo Testamento acoge el Nuevo\ncon gratitud y confianza, reconociendo en \u00e9l el don gratuito de Dios que viene\na realizar y completar toda la expectativa de la gente. En el encuentro de las\ndos mujeres se manifiesta el don del Esp\u00edritu que hace saltar al ni\u00f1o en el\nseno de Isabel. La Buena Nueva de Dios revela su presencia en una de las cosas\nm\u00e1s comunes de la vida humana: dos mujeres de casa visit\u00e1ndose para ayudarse.\nVisita, alegr\u00eda, embarazo, ni\u00f1os, ayuda mutua, casa, familia: es aqu\u00ed donde\nLucas quiere que las comunidades(y nosotros todos) perciban y descubran la\npresencia del Reino. Las palabras de Isabel, hasta hoy, forman parte del salmo\nm\u00e1s conocido y m\u00e1s rezado en todo el mundo, que es el Ave Mar\u00eda.<\/li><li>Lucas 1, 45: El elogio que Isabel hace a Mar\u00eda. \u00abFeliz la que ha\ncre\u00eddo que se cumplieran las cosas que le fueron dicha de parte del\nSe\u00f1or\u00bb. Es el recado de Lucas a las Comunidades: creer en la Palabra de\nDios, pues tiene la fuerza de realizar aquello que ella nos dice. Es Palabra\ncreadora. Engendra vida en el seno de una virgen, en el seno del pueblo pobre y\nabandonado que la acoge con fe.<\/li><li>Lucas 1, 46-56: El c\u00e1ntico de Mar\u00eda. Muy probablemente, este c\u00e1ntico, ya\nera conocido y cantado en las Comunidades. Ense\u00f1a c\u00f3mo se debe cantar y rezar.\nLucas 1, 46-50: Mar\u00eda empieza proclamando la mutaci\u00f3n que ha acontecido en su\npropia vida bajo la mirada amorosa de Dios, lleno de misericordia. Por esto\ncanta feliz: \u00abExulto de alegr\u00eda en Dios, mi Salvador\u00bb. Lucas 1,\n51-53: En seguida despu\u00e9s, canta la fidelidad de Dios para con su pueblo y\nproclama el cambio que el brazo de Yav\u00e9 estaba realizando a favor de los pobres\ny de los hambrientos. La expresi\u00f3n \u201cbrazo de Dios\u201d recuerda la liberaci\u00f3n del\n\u00c9xodo. Esta es la fuerza salvadora de Dios que hace acontecer la mutaci\u00f3n:\ndispersa a los orgullosos (1, 51), destrona a los poderosos y eleva a los\nhumildes (1, 52), manda a los ricos con las manos vac\u00edas y llena de bienes a\nlos hambrientos (1, 53). Lucas 1, 54-55: Al final recuerda que todo esto es\nexpresi\u00f3n de la misericordia de Dios para con su pueblo y expresi\u00f3n de su\nfidelidad a las promesas hechas a Abrah\u00e1n. La Buena Nueva viene no como\nrecompensa por la observancia de la Ley, sino como expresi\u00f3n de la bondad y de\nla fidelidad de Dios a las promesas. Es lo que Pablo ense\u00f1aba en las cartas a\nlos G\u00e1latas y a los Romanos.<\/li><li>El segundo libro de Samuel cuenta la historia del Arca de la Alianza. David\nquiso colocarla en su casa, pero tuvo miedo y dijo: \u00ab\u00bfC\u00f3mo voy a llevar a\nmi casa el Arca de Yav\u00e9?\u00bb (2 Sam 6, 9)David mand\u00f3 que el Arca fuera para\nla casa de Obed-Edom. \u00abY el Arca permaneci\u00f3 tres meses en casa de\nObed-Edom, y Yav\u00e9 bendijo a Obed-Edom y a toda su familia\u00bb (2 Sam 6, 11).\nMar\u00eda, embarazada de Jes\u00fas, escomo el Arca de la Alianza que, en el Antiguo\nTestamento, visitaba las casas de las personas distribuyendo beneficios a las\ncasas y a las personas. Va hacia la casa de Isabel y se queda all\u00ed tres meses.\nEn cuanto entra en casa de Isabel, ella y toda la familia es bendecida por\nDios. La comunidad debe ser como la Nueva Arca de la Alianza. Al visitar las\ncasas de las personas tiene que traer beneficios y gracias de Dios para la\ngente.<\/li><\/ul>\n\n\n\n<h2>Para la reflexi\u00f3n personal<\/h2>\n\n\n\n<ul><li>\u00bfQu\u00e9 nos impide descubrir y vivir la alegr\u00eda de la presencia de Dios en\nnuestra vida?<\/li><li>\u00bfD\u00f3nde y c\u00f3mo la alegr\u00eda de la presencia de Dios est\u00e1 aconteciendo hoy en\nmi vida y en la vida de la comunidad?<\/li><\/ul>\n\n\n\n<h2>Oraci\u00f3n final<\/h2>\n\n\n\n<p>Bendice, alma m\u00eda, a Yahv\u00e9, el fondo de mi ser, a su santo nombre. Bendice, alma m\u00eda, a Yahv\u00e9, nunca olvides sus beneficios. (Sal 103, 1-2)<\/p>\n\n\n\n<p style=\"text-align:center\">Todos los derechos: www.ocarm.org<\/p>\n","protected":false},"excerpt":{"rendered":"<p>Tiempo Ordinario Oraci\u00f3n inicial Conc\u00e9denos tu ayuda, Se\u00f1or, para que el mundo progrese, seg\u00fan tus designios; gocen las naciones de una paz estable y tu Iglesia se alegre de poder servirte con una entrega confiada y pac\u00edfica. Por nuestro Se\u00f1or. &hellip; <a href=\"https:\/\/www.ocdmx.org\/?p=4097\">Sigue leyendo <span class=\"meta-nav\">&rarr;<\/span><\/a><\/p>\n","protected":false},"author":1,"featured_media":0,"comment_status":"closed","ping_status":"closed","sticky":false,"template":"","format":"standard","meta":{"_jetpack_newsletter_access":""},"categories":[17],"tags":[],"jetpack_featured_media_url":"","jetpack_shortlink":"https:\/\/wp.me\/p2dsrC-145","jetpack_sharing_enabled":true,"_links":{"self":[{"href":"https:\/\/www.ocdmx.org\/index.php?rest_route=\/wp\/v2\/posts\/4097"}],"collection":[{"href":"https:\/\/www.ocdmx.org\/index.php?rest_route=\/wp\/v2\/posts"}],"about":[{"href":"https:\/\/www.ocdmx.org\/index.php?rest_route=\/wp\/v2\/types\/post"}],"author":[{"embeddable":true,"href":"https:\/\/www.ocdmx.org\/index.php?rest_route=\/wp\/v2\/users\/1"}],"replies":[{"embeddable":true,"href":"https:\/\/www.ocdmx.org\/index.php?rest_route=%2Fwp%2Fv2%2Fcomments&post=4097"}],"version-history":[{"count":2,"href":"https:\/\/www.ocdmx.org\/index.php?rest_route=\/wp\/v2\/posts\/4097\/revisions"}],"predecessor-version":[{"id":4099,"href":"https:\/\/www.ocdmx.org\/index.php?rest_route=\/wp\/v2\/posts\/4097\/revisions\/4099"}],"wp:attachment":[{"href":"https:\/\/www.ocdmx.org\/index.php?rest_route=%2Fwp%2Fv2%2Fmedia&parent=4097"}],"wp:term":[{"taxonomy":"category","embeddable":true,"href":"https:\/\/www.ocdmx.org\/index.php?rest_route=%2Fwp%2Fv2%2Fcategories&post=4097"},{"taxonomy":"post_tag","embeddable":true,"href":"https:\/\/www.ocdmx.org\/index.php?rest_route=%2Fwp%2Fv2%2Ftags&post=4097"}],"curies":[{"name":"wp","href":"https:\/\/api.w.org\/{rel}","templated":true}]}}