{"id":4129,"date":"2021-06-12T00:44:55","date_gmt":"2021-06-12T06:44:55","guid":{"rendered":"https:\/\/www.ocdmx.org\/?p=4129"},"modified":"2021-06-10T08:47:00","modified_gmt":"2021-06-10T14:47:00","slug":"lectio-sab-12-jun-2021","status":"publish","type":"post","link":"https:\/\/www.ocdmx.org\/?p=4129","title":{"rendered":"Lectio s\u00e1b, 12 jun, 2021"},"content":{"rendered":"\n<h1>Oraci\u00f3n<\/h1>\n\n\n\n<p>Oh Dios, que\nhas preparado una digna morada del Esp\u00edritu Santo en el coraz\u00f3n de la\nBienaventurada Virgen Mar\u00eda, conc\u00e9denos tambi\u00e9n a nosotros , tus fieles, por su\nintercesi\u00f3n ser templos vivos de tu gloria. Por nuestro Se\u00f1or&#8230;<\/p>\n\n\n\n<h2>Lectura<\/h2>\n\n\n\n<h4>Del evangelio\nseg\u00fan S. Lucas 2, 41-51<\/h4>\n\n\n\n<p>Los padres de Jes\u00fas sol\u00edan ir cada a\u00f1o a Jerusal\u00e9n para las festividades de la Pascua. Cuando el ni\u00f1o cumpli\u00f3 doce a\u00f1os, fueron a la fiesta, seg\u00fan la costumbre. Pasados aquellos d\u00edas, se volvieron; pero el ni\u00f1o Jes\u00fas se qued\u00f3 en Jerusal\u00e9n, sin que sus padres lo supieran. Creyendo que iba en la caravana, hicieron un d\u00eda de camino; entonces lo buscaron, y al no encontrarlo, regresaron a Jerusal\u00e9n en su busca. Al tercer d\u00eda lo encontraron en el templo, sentado en medio de los doctores, escuch\u00e1ndolos y haci\u00e9ndoles preguntas. Todos los que lo o\u00edan se admiraban de su inteligencia y de sus respuestas. Al verlo, sus padres se quedaron at\u00f3nitos y su madre le dijo: \u00abHijo m\u00edo, \u00bfpor qu\u00e9 te has portado as\u00ed con nosotros? Tu padre y yo te hemos estado buscando llenos de angustia\u00bb. \u00c9l les respondi\u00f3: \u00ab\u00bfPor qu\u00e9 me andaban buscando? \u00bfNo sab\u00edan que debo ocuparme en las cosas de mi Padre?\u00bb Ellos no entendieron la respuesta que les dio. Entonces volvi\u00f3 con ellos a Nazaret y sigui\u00f3 sujeto a su autoridad. Su madre conservaba en su coraz\u00f3n todas aquellas cosas.<\/p>\n\n\n\n<h2>Meditaci\u00f3n<\/h2>\n\n\n\n<ul><li><strong>\u201cCada a\u00f1o por la fiesta da Pascua\u201d<\/strong>. Estas palabras nos ayudan a definir mejor el contexto espiritual\nen el que el texto se desarrolla, y de este modo se convierten , para nosotros,\nen la puerta de entrada en el misterio, en el encuentro con el Se\u00f1or y con su\nobra de gracia y de misericordia sobre nosotros.<\/li><\/ul>\n\n\n\n<p>Junto a Mar\u00eda\ny Jos\u00e9, junto a Jes\u00fas, tambi\u00e9n nosotros podemos vivir el don de una nueva\nPascua, de un \u201cpaso\u201d, una superaci\u00f3n, un movimiento espiritual que nos lleva \u201ca\nla otra parte\u201d, a m\u00e1s all\u00e1 de. El paso es claro y fuerte; lo intuimos siguiendo\na la Virgen Mar\u00eda en esta experiencia suya con el Hijo Jes\u00fas. Es el paso de la\ncalle al coraz\u00f3n, de la dispersi\u00f3n a la interioridad, de la angustia a la\npacificaci\u00f3n.<\/p>\n\n\n\n<p>A nosotros\nnos queda ponernos en camino, descender tambi\u00e9n en el camino y unirnos a la\ncaravana, a la comitiva de los peregrinos que est\u00e1n saliendo hacia Jerusal\u00e9n\npara la celebraci\u00f3n de la fiesta de Pascua.<\/p>\n\n\n\n<ul><li><strong>\u201cIban\u201d<\/strong>. Este es\ns\u00f3lo el primero de una larga serie de verbos de movimiento, que se suceden a lo\nlargo de los versos de este texto. Quiz\u00e1 puede ayudarnos el fijarlos con un\npoco de atenci\u00f3n: \u201c salieron\u201d; \u201cvolv\u00edan\u201d; \u201ccomitiva\u201d ( del lat\u00edn cum-ire:\n\u201ccaminar juntos\u201d); \u201cviaje\u201d; \u201cvolvieron\u201d; \u201cbaj\u00f3 con ellos\u201d; \u201cvino.\u201d<\/li><\/ul>\n\n\n\n<p>En paralelo\ncon este gran movimiento f\u00edsico, hay tambi\u00e9n un profundo movimiento espiritual,\ncaracterizado por el verbo \u201cbuscar\u201d, expresado de modo repetido: \u201c se pusieron\na buscarlo\u201d; \u201cse volvieron en su busca\u201d; \u201cangustiados te busc\u00e1bamos\u201d; \u201c \u00bfpor\nqu\u00e9 me buscabais?\u201d.<\/p>\n\n\n\n<p>Esto nos hace\ncomprender que el viaje, el verdadero recorrido al que esta Palabra del Se\u00f1or\nnos invita, no es un viaje f\u00edsico sino espiritual; es un viaje de b\u00fasqueda de\nJes\u00fas, de su presencia en nuestra vida. Es esta la direcci\u00f3n en la que debemos\nmovernos, junto con Mar\u00eda y Jos\u00e9.<\/p>\n\n\n\n<ul><li><strong>\u201cSe pusieron a buscarlo\u201d<\/strong>. Una vez que hemos determinado el n\u00facleo central del\ntexto, su mensaje fundamental, es importante que nos abramos a una comprensi\u00f3n\nm\u00e1s profunda de esta realidad. Tambi\u00e9n porque Lucas usa dos verbos diferentes\npara expresar la \u201cb\u00fasqueda\u201d: el primero \u2013 <em>anazit\u00e9o<\/em> (gr)- en los vv. 44 y\n45, que indica una b\u00fasqueda esmerada, repetida, atenta, como de quien pasa\nrevista a algo, de abajo a arriba; y el segundo- <em>zit\u00e9o<\/em> (gr)- en los vv.\n48 y 49, que indica la b\u00fasqueda de algo que se ha perdido y que se quiere\nencontrar. Jes\u00fas es el objeto de todo este movimiento profundo e interior del\nser; es el objeto del deseo, del anhelo del coraz\u00f3n&#8230;<\/li><li><strong>\u201cangustiados\u201d<\/strong>. Resulta muy hermoso ver c\u00f3mo Mar\u00eda abre su coraz\u00f3n delante de Jes\u00fas,\ncont\u00e1ndole todo lo que ha visto, todo lo que ha sentido dentro de s\u00ed. Ella no\nteme desnudarse ante su Hijo, no teme contarle sus sentimientos y la\nexperiencia que le ha marcado en lo profundo. Pero \u00bfqu\u00e9 es la angustia, este\ndolor que ha visitado a Mar\u00eda y a Jos\u00e9 en la b\u00fasqueda de Jes\u00fas, que se hab\u00eda\nperdido? El t\u00e9rmino que encontramos viene usado s\u00f3lo cuatro veces en todo el\nNuevo Testamento y siempre por Lucas. Lo encontramos en boca del rico Epul\u00f3n, que\nlo repite hablando de s\u00ed, ahora en el infierno, lejos de Dios, cuando dice:\n\u201cSufro terriblemente\u201d (Lc 16, 24- 25). Y despu\u00e9s vuelve en los Hechos de los\nAp\u00f3stoles, cuando Lucas narra la partida de Pablo de \u00c9feso y nos presenta el\ndolor de aquella separaci\u00f3n: \u201c sab\u00edan que no volver\u00edan a verlo m\u00e1s\u201d (Hech 20,\n38). Por tanto, la angustia que prueba a Mar\u00eda nace precisamente de la\nseparaci\u00f3n, de la ausencia, de la lejan\u00eda de Jes\u00fas. Cuando \u00e9l no est\u00e1,\ndesciende la angustia a nuestro coraz\u00f3n. Volverlo a encontrar es el \u00fanico modo\nposible de recuperar la alegr\u00eda de vivir.<\/li><li><strong>\u201cguardaba todas estas cosas en su coraz\u00f3n\u201d<\/strong>. Mar\u00eda no comprende la palabra de Jes\u00fas, el misterio de\nsu vida y de su misi\u00f3n y por esto calla, acoge, crea espacio, desciende al\ncoraz\u00f3n. Este es el verdadero recorrido de crecimiento en la fe y en la\nrelaci\u00f3n con el Se\u00f1or.<\/li><\/ul>\n\n\n\n<p>Todav\u00eda Lucas\nnos ofrece un verbo muy hermoso y significativo, un compuesto del verbo\n\u201ccustodiar\u201d-di\u00e1-tir\u00e9o, que quiere decir literalmente \u201ccustodiar a trav\u00e9s de\u201d.\nEs decir, la operaci\u00f3n espiritual que Mar\u00eda realiza dentro de s\u00ed y que nos\nentrega, como don precioso, como herencia buena para nuestra relaci\u00f3n con el\nSe\u00f1or, es aquella que nos conduce en un recorrido intenso, profundo, que no se\npara en la superficie o a la mitad, que no se vuelve hacia atr\u00e1s sino que va\nhasta el fondo. Mar\u00eda nos toma de la mano y nos gu\u00eda a trav\u00e9s de todo nuestro\ncoraz\u00f3n, todos sus sentimientos, su experiencia. Y ah\u00ed, en el secreto de\nnosotros mismos, en nuestro interior, aprenderemos a encontrar al Se\u00f1or Jes\u00fas,\nal que quiz\u00e1 hab\u00edamos perdido.<\/p>\n\n\n\n<h2>Algunas preguntas<\/h2>\n\n\n\n<ul><li>Esta Palabra\ndel Se\u00f1or, en su simplicidad, es tambi\u00e9n muy clara ,muy directa. La invitaci\u00f3n a\nsalir, a tomar parte en la fiesta de Pascua est\u00e1 dirigida tambi\u00e9n a m\u00ed. \u00bfMe\ndecido, entonces, a levantarme, a ponerme en movimiento, a afrontar el tramo de\ncamino que el Se\u00f1or pone delante de m\u00ed? Y m\u00e1s: \u00bfacepto entrar a formar parte de\nla comitiva de aquellos que han optado en su coraz\u00f3n por el santo viaje?<\/li><li>\u00bfSiento como\nm\u00eda la experiencia de la b\u00fasqueda del Se\u00f1or? \u00bfO bien no me parece importante,\nno siento la falta, me parece poder hacerlo todo por m\u00ed? \u00bfMe he percatado en mi\nvida alguna vez de haber perdido al Se\u00f1or, de haberlo dejado lejos, de haberlo\nolvidado?<\/li><li>La angustia,\nde la que habla Mar\u00eda, \u00bfha sido alguna vez mi compa\u00f1era de viaje, presencia\ntriste en mi jornada, o en periodos largos de mi vida? Quiz\u00e1 s\u00ed. Descubrir,\ngracias a esta Palabra, que la angustia viene provocada por la ausencia del\nSe\u00f1or, por la p\u00e9rdida de \u00e9l, \u00bfme es de ayuda, me ofrece una luz, una clave de\nlectura para mi vida?<\/li><li>\u00bfLa vida del\ncoraz\u00f3n, que Mar\u00eda traza con tanta claridad ante m\u00ed, hoy, me parece que se\npuede recorrer?<\/li><li>\u00bfDeseo\nempe\u00f1arme en este desaf\u00edo, conmigo mismo, con el ambiente que me circunda,\nquiz\u00e1 con quien vive m\u00e1s cerca de m\u00ed? \u00bfEstoy dispuesto a optar por descender un\npoco m\u00e1s en profundidad, para aprender a \u201ccustodiar a trav\u00e9s de\u201d, es decir,\nhasta el fondo, conmigo mismo totalmente? \u00bfPara m\u00ed el Se\u00f1or y la relaci\u00f3n con\n\u00e9l es muy importante?<\/li><li>\u00bfEs el, s\u00ed o\nno, el Amigo precioso, la Presencia m\u00e1s querida a la que quiero abrir de par en\npar mi coraz\u00f3n&#8230;?<\/li><\/ul>\n\n\n\n<h2>Oraci\u00f3n final<\/h2>\n\n\n\n<h4>Mi coraz\u00f3n\nexulta en el Se\u00f1or, mi salvador.<\/h4>\n\n\n\n<p>Mi coraz\u00f3n se\nregocija por el Se\u00f1or, mi poder se exalta por Dios; mi boca se r\u00ede de mis\nenemigos, porque gozo con tu salvaci\u00f3n.<br>\nSe rompen los arcos de los valientes, mientras los cobardes se ci\u00f1en de valor. Los\nhartos se contratan por el pan, mientras los hambrientos engordan;<br>\nla mujer est\u00e9ril da a luz siete hijos, mientras la madre de muchos queda\nbald\u00eda. El Se\u00f1or da la muerte y la vida,<br>\nhunde en el abismo y levanta; da la pobreza y la riqueza, humilla y enaltece.\n\u00c9l levanta del polvo al desvalido, alza de la basura al pobre,<br>\npara hacer que se siente entre pr\u00edncipes y que herede un trono de gloria.\n(C\u00e1ntico de Ana, 1 Samuel 2, 1-8)<\/p>\n\n\n\n<p style=\"text-align:center\">Todos los\nderechos: www.ocarm.org<\/p>\n","protected":false},"excerpt":{"rendered":"<p>Oraci\u00f3n Oh Dios, que has preparado una digna morada del Esp\u00edritu Santo en el coraz\u00f3n de la Bienaventurada Virgen Mar\u00eda, conc\u00e9denos tambi\u00e9n a nosotros , tus fieles, por su intercesi\u00f3n ser templos vivos de tu gloria. Por nuestro Se\u00f1or&#8230; Lectura &hellip; <a href=\"https:\/\/www.ocdmx.org\/?p=4129\">Sigue leyendo <span class=\"meta-nav\">&rarr;<\/span><\/a><\/p>\n","protected":false},"author":1,"featured_media":0,"comment_status":"closed","ping_status":"closed","sticky":false,"template":"","format":"standard","meta":{"_jetpack_newsletter_access":""},"categories":[17],"tags":[],"jetpack_featured_media_url":"","jetpack_shortlink":"https:\/\/wp.me\/p2dsrC-14B","jetpack_sharing_enabled":true,"_links":{"self":[{"href":"https:\/\/www.ocdmx.org\/index.php?rest_route=\/wp\/v2\/posts\/4129"}],"collection":[{"href":"https:\/\/www.ocdmx.org\/index.php?rest_route=\/wp\/v2\/posts"}],"about":[{"href":"https:\/\/www.ocdmx.org\/index.php?rest_route=\/wp\/v2\/types\/post"}],"author":[{"embeddable":true,"href":"https:\/\/www.ocdmx.org\/index.php?rest_route=\/wp\/v2\/users\/1"}],"replies":[{"embeddable":true,"href":"https:\/\/www.ocdmx.org\/index.php?rest_route=%2Fwp%2Fv2%2Fcomments&post=4129"}],"version-history":[{"count":1,"href":"https:\/\/www.ocdmx.org\/index.php?rest_route=\/wp\/v2\/posts\/4129\/revisions"}],"predecessor-version":[{"id":4130,"href":"https:\/\/www.ocdmx.org\/index.php?rest_route=\/wp\/v2\/posts\/4129\/revisions\/4130"}],"wp:attachment":[{"href":"https:\/\/www.ocdmx.org\/index.php?rest_route=%2Fwp%2Fv2%2Fmedia&parent=4129"}],"wp:term":[{"taxonomy":"category","embeddable":true,"href":"https:\/\/www.ocdmx.org\/index.php?rest_route=%2Fwp%2Fv2%2Fcategories&post=4129"},{"taxonomy":"post_tag","embeddable":true,"href":"https:\/\/www.ocdmx.org\/index.php?rest_route=%2Fwp%2Fv2%2Ftags&post=4129"}],"curies":[{"name":"wp","href":"https:\/\/api.w.org\/{rel}","templated":true}]}}