{"id":4892,"date":"2022-02-19T00:11:42","date_gmt":"2022-02-19T06:11:42","guid":{"rendered":"https:\/\/www.ocdmx.org\/?p=4892"},"modified":"2022-02-08T10:12:49","modified_gmt":"2022-02-08T16:12:49","slug":"lectio-sab-19-de-feb-2022","status":"publish","type":"post","link":"https:\/\/www.ocdmx.org\/?p=4892","title":{"rendered":"Lectio sab, 19 de feb, 2022"},"content":{"rendered":"\n<p><em>Tiempo ordinario<\/em><\/p>\n\n\n\n<h2>Oraci\u00f3n inicial<\/h2>\n\n\n\n<p>Se\u00f1or, t\u00fa que te complaces en habitar en los rectos y sencillos de coraz\u00f3n;\nconc\u00e9denos vivir por tu gracia de tal manera, que merezcamos tenerte siempre\ncon nosotros. Por nuestro Se\u00f1or.<\/p>\n\n\n\n<h2>Lectura del santo Evangelio seg\u00fan Marcos 9,2-13<\/h2>\n\n\n\n<p>Jes\u00fas tom\u00f3 aparte a Pedro, a Santiago y a Juan, subi\u00f3 con ellos a un monte alto y se transfigur\u00f3 en su presencia. Sus vestiduras se pusieron esplendorosamente blancas, con una blancura que nadie puede lograr sobre la tierra. Despu\u00e9s se les aparecieron El\u00edas y Mois\u00e9s, conversando con Jes\u00fas.<br>Entonces Pedro le dijo a Jes\u00fas: \u00abMaestro, \u00a1qu\u00e9 a gusto estamos aqu\u00ed! Hagamos tres chozas, una para ti, otra para Mois\u00e9s y otra para El\u00edas\u00bb. En realidad no sab\u00eda lo que dec\u00eda, porque estaban asustados.<br> Se form\u00f3 entonces una nube, que los cubri\u00f3 con su sombra, y de esta nube sali\u00f3 una voz que dec\u00eda: \u00abEste es mi Hijo amado; esc\u00fachenlo\u00bb. En ese momento miraron alrededor y no vieron a nadie sino a Jes\u00fas, que estaba solo con ellos.<br> Cuando bajaban de la monta\u00f1a, Jes\u00fas les mand\u00f3 que no contaran a nadie lo que hab\u00edan visto, hasta que el Hijo del hombre resucitara de entre los muertos. Ellos guardaron esto en secreto, pero discut\u00edan entre s\u00ed qu\u00e9 querr\u00eda decir eso de \u00abresucitar de entre los muertos\u00bb.<br> Le preguntaron a Jes\u00fas: \u00ab\u00bfPor qu\u00e9 dicen los escribas que primero tiene que venir El\u00edas?\u00bb \u00c9l les contest\u00f3: \u00abSi fuera cierto que El\u00edas tiene que venir primero y tiene que poner todo en orden, entonces \u00bfc\u00f3mo es que est\u00e1 escrito que el Hijo del hombre tiene que padecer mucho y ser despreciado? Por lo dem\u00e1s, yo les aseguro que El\u00edas ha venido ya y lo trataron a su antojo, como estaba escrito de \u00e9l\u00bb.\u00a0<\/p>\n\n\n\n<h2>Reflexi\u00f3n<\/h2>\n\n\n\n<p>&#8211; El\nevangelio de hoy habla de dos asuntos enlazados entre s\u00ed: la Transfiguraci\u00f3n de\nJes\u00fas y la cuesti\u00f3n del retorno del profeta El\u00edas. En aquel tiempo, la gente\nesperaba el retorno del profeta El\u00edas. Hoy, mucha gente vive esperando el\nretorno de Jes\u00fas y escribe sobre los muros de la ciudad: \u00a1Jes\u00fas volver\u00e1! Ellos\nno se dan cuenta de que Jes\u00fas ya volvi\u00f3 y est\u00e1 presente en el coraz\u00f3n de\nnuestra vida. De vez en cuando, como en un rel\u00e1mpago que llega de improviso,\nesta presencia irrumpe y se ilumina, transfigurando nuestra vida.<\/p>\n\n\n\n<p>&#8211; La\nTransfiguraci\u00f3n de Jes\u00fas acontece despu\u00e9s del primer anuncio de la Muerte de\nJes\u00fas (Mc 8,27-30). Este anuncio hab\u00eda trastornado la cabeza de los disc\u00edpulos,\nsobretodo la de Pedro (Mc 8,31-33). Ellos ten\u00edan los pies en medio de los pobres,\npero la cabeza estaba perdida en la ideolog\u00eda de gobierno y de la religi\u00f3n de\nla \u00e9poca (Mc 8,15). La cruz era un impedimento para creer en Jes\u00fas. La\ntransfiguraci\u00f3n de Jes\u00fas ayudar\u00e1 a los disc\u00edpulos a superar el trauma de la\nCruz.<\/p>\n\n\n\n<p>&#8211; En los\na\u00f1os 70, cuando Marcos escribe, la Cruz continuaba siendo un gran impedimento\npara que los jud\u00edos aceptaran a Jes\u00fas como Mes\u00edas. \u201c\u00a1La cruz es un esc\u00e1ndalo!\u201d,\nas\u00ed dec\u00edan (1Cor 1,23). Uno de los mayores esfuerzos de los primeros cristianos consist\u00eda en\nayudar a las personas a percibir que la cruz no era ni esc\u00e1ndalo, ni locura,\npero s\u00ed expresi\u00f3n del poder y de la sabidur\u00eda de Dios (1Cor 1,22- 31). Marcos\nda su aporte a este esfuerzo. El usa textos y figuras del Antiguo Testamento\npara describir la Transfiguraci\u00f3n. As\u00ed muestra que Jes\u00fas vino a cumplir las\nprofec\u00edas y que la Cruz era el camino para la Gloria.<\/p>\n\n\n\n<p>&#8211; Marcos\n9,2-4: Jes\u00fas muda de aspecto. Jes\u00fas sube a una monta\u00f1a alta. Lucas a\u00f1ade que\nsubi\u00f3 all\u00ed para rezar (Lc 9,28). All\u00ed encima, Jes\u00fas aparece en la gloria ante\nPedro, Santiago y Juan. Junto con \u00e9l aparecen Mois\u00e9s y El\u00edas. La monta\u00f1a alta\nevoca el Monte Sina\u00ed, donde, en el pasado, Dios hab\u00eda manifestado su voluntad a\nla gente, entregando la ley. Los vestidos blancos recuerdan a Mois\u00e9s\nresplandeciente cuando conversaba con Dios en la monta\u00f1a y de \u00e9l recibi\u00f3 la ley\n(cf. Ex 34,29-35). El\u00edas y Mois\u00e9s, las dos mayores autoridades del Antiguo\nTestamento, conversan con Jes\u00fas. Mois\u00e9s representa la Ley, El\u00edas la profec\u00eda.\nLucas informa de la conversaci\u00f3n sobre \u201cel \u00e9xodo de Jes\u00fas\u201d, esto es la Muerte\nde Jes\u00fas en Jerusal\u00e9n (Lc 9,31). As\u00ed queda claro que el Antiguo Testamento,\ntanto la Ley como la profec\u00eda, ya ense\u00f1aba que para el Mes\u00edas Siervo el camino\nde la gloria ten\u00eda que pasar por la cruz.<\/p>\n\n\n\n<p>&#8211; Marcos\n9,5-6: A Pedro le gust\u00f3, pero no entendi\u00f3. A Pedro le gust\u00f3 y quiso asegurarse\nun momento agradable en la Monta\u00f1a. Se ofreci\u00f3 para construir tres tiendas.\nMarcos dice que Pedro ten\u00eda miedo, sin saber lo que estaba diciendo y Lucas\na\u00f1ade que los disc\u00edpulos ten\u00edan sue\u00f1o (Lc 9,32). Son como nosotros: tienen\ndificultad en entender la Cruz.<\/p>\n\n\n\n<p>&#8211; Marcos\n9,7-9: La voz del cielo aclara los hechos. En cuanto Jes\u00fas est\u00e1 envuelto en la\ngloria, una voz del cielo dice: \u201c\u00a1Este es mi Hijo amado!\u201d \u00a1Escuchadlo!\u201d. La\nexpresi\u00f3n \u201cHijo amado\u201d recuerda la figura del Mes\u00edas Siervo, anunciado por el\nprofeta Isa\u00edas (cf. Is 42,1). La expresi\u00f3n \u201c\u00a1Escuchadlo!\u201d recuerda la profec\u00eda\nque promet\u00eda la llegada de un nuevo Mois\u00e9s (cf. Dt 18,15). En Jes\u00fas, las\nprofec\u00edas del Antiguo Testamento se estaban realizando. Los disc\u00edpulos no\npod\u00edan dudar. Jes\u00fas es realmente el Mes\u00edas glorioso que ellos deseaban, pero el\ncamino hacia la gloria pasa por la cruz, seg\u00fan hab\u00eda anunciado en la profec\u00eda\ndel Siervo (Is 53,3-9). La gloria de la Transfiguraci\u00f3n lo comprueba. Mois\u00e9s y\nEl\u00edas lo confirman. El Padre es el garante. Jes\u00fas lo acepta. Al final, Marcos\ndice que despu\u00e9s de la visi\u00f3n, los disc\u00edpulos ven s\u00f3lo a Jes\u00fas y a nadie m\u00e1s.\nDe ahora en adelante, Jes\u00fas es la \u00fanica revelaci\u00f3n de Dios para nosotros. Jes\u00fas\ny s\u00f3lo \u00e9l es la llave para que la gente entienda todo el Antiguo Testamento.<\/p>\n\n\n\n<p>&#8211; Marcos 9,\n9-10: Saber guardar el silencio. Jes\u00fas pidi\u00f3 a los disc\u00edpulos que no dijesen\nnada a nadie hasta que \u00e9l resucitara de los muertos, pero los disc\u00edpulos no lo\nentendieron. De hecho, no entiende el significado de la Cruz, no entienden el\nenlace del sufrimiento con la resurrecci\u00f3n. La Cruz de Jes\u00fas es la prueba de\nque la vida es m\u00e1s fuerte que la muerte.<\/p>\n\n\n\n<p>&#8211; Marcos\n9,11-13: El retorno del profeta El\u00edas. El profeta Malaqu\u00edas hab\u00eda anunciado que\nEl\u00edas ten\u00eda que volver para preparar el camino del Mes\u00edas (Ml 3,23-24). El mismo\nanuncio est\u00e1 en el libro del Eclesi\u00e1stico (Sir 48,10). Entonces, \u00bfc\u00f3mo Jes\u00fas pod\u00eda\nser el Mes\u00edas si El\u00edas no hab\u00eda vuelto? Por esto, los disc\u00edpulos preguntan:\n\u201c\u00bfPor qu\u00e9 los escribas dicen que El\u00edas tiene que venir primero?\u201d (9,11). La\nrespuesta de Jes\u00fas es clara: \u201cEl\u00edas ya vino e hicieron con \u00e9l lo que quisieron,\nseg\u00fan lo que est\u00e1 escrito\u201d (9, 13). Jes\u00fas estaba hablando de Juan Bautista que\nfue asesinado por Herodes (Mt 17,13).<\/p>\n\n\n\n<h2>Para la reflexi\u00f3n personal<\/h2>\n\n\n\n<p>&#8211; Tu fe en Jes\u00fas \u00bfte dio alg\u00fan momento de transfiguraci\u00f3n y de intensa alegr\u00eda? Estos momentos de alegr\u00eda \u00bfc\u00f3mo te dan fuerza en las dificultades?<br>&#8211; Hoy, \u00bfc\u00f3mo transfigurar, tanto la vida personal y familiar como la vida comunitaria?<\/p>\n\n\n\n<h2>Oraci\u00f3n final<\/h2>\n\n\n\n<p>Feliz el hombre que se apiada y presta, y arregla rectamente sus asuntos.<br>\nNunca ver\u00e1 su existencia amenazada,<br>\nel justo dejar\u00e1 un recuerdo estable. (Sal 112,5-6)<\/p>\n\n\n\n<p>Todos los derechos: www.ocarm.org<\/p>\n","protected":false},"excerpt":{"rendered":"<p>Tiempo ordinario Oraci\u00f3n inicial Se\u00f1or, t\u00fa que te complaces en habitar en los rectos y sencillos de coraz\u00f3n; conc\u00e9denos vivir por tu gracia de tal manera, que merezcamos tenerte siempre con nosotros. Por nuestro Se\u00f1or. Lectura del santo Evangelio seg\u00fan &hellip; <a href=\"https:\/\/www.ocdmx.org\/?p=4892\">Sigue leyendo <span class=\"meta-nav\">&rarr;<\/span><\/a><\/p>\n","protected":false},"author":1,"featured_media":0,"comment_status":"closed","ping_status":"closed","sticky":false,"template":"","format":"standard","meta":{"_jetpack_newsletter_access":""},"categories":[17],"tags":[],"jetpack_featured_media_url":"","jetpack_shortlink":"https:\/\/wp.me\/p2dsrC-1gU","jetpack_sharing_enabled":true,"_links":{"self":[{"href":"https:\/\/www.ocdmx.org\/index.php?rest_route=\/wp\/v2\/posts\/4892"}],"collection":[{"href":"https:\/\/www.ocdmx.org\/index.php?rest_route=\/wp\/v2\/posts"}],"about":[{"href":"https:\/\/www.ocdmx.org\/index.php?rest_route=\/wp\/v2\/types\/post"}],"author":[{"embeddable":true,"href":"https:\/\/www.ocdmx.org\/index.php?rest_route=\/wp\/v2\/users\/1"}],"replies":[{"embeddable":true,"href":"https:\/\/www.ocdmx.org\/index.php?rest_route=%2Fwp%2Fv2%2Fcomments&post=4892"}],"version-history":[{"count":1,"href":"https:\/\/www.ocdmx.org\/index.php?rest_route=\/wp\/v2\/posts\/4892\/revisions"}],"predecessor-version":[{"id":4893,"href":"https:\/\/www.ocdmx.org\/index.php?rest_route=\/wp\/v2\/posts\/4892\/revisions\/4893"}],"wp:attachment":[{"href":"https:\/\/www.ocdmx.org\/index.php?rest_route=%2Fwp%2Fv2%2Fmedia&parent=4892"}],"wp:term":[{"taxonomy":"category","embeddable":true,"href":"https:\/\/www.ocdmx.org\/index.php?rest_route=%2Fwp%2Fv2%2Fcategories&post=4892"},{"taxonomy":"post_tag","embeddable":true,"href":"https:\/\/www.ocdmx.org\/index.php?rest_route=%2Fwp%2Fv2%2Ftags&post=4892"}],"curies":[{"name":"wp","href":"https:\/\/api.w.org\/{rel}","templated":true}]}}