{"id":4896,"date":"2022-02-21T00:17:23","date_gmt":"2022-02-21T06:17:23","guid":{"rendered":"https:\/\/www.ocdmx.org\/?p=4896"},"modified":"2022-02-08T10:19:15","modified_gmt":"2022-02-08T16:19:15","slug":"lectio-lun-21-de-feb-2022","status":"publish","type":"post","link":"https:\/\/www.ocdmx.org\/?p=4896","title":{"rendered":"Lectio lun, 21 de feb, 2022"},"content":{"rendered":"\n<p><em>Tiempo ordinario<\/em><\/p>\n\n\n\n<h2>Oraci\u00f3n inicial<\/h2>\n\n\n\n<p>Dios todopoderoso y eterno: concede a tu pueblo que la meditaci\u00f3n asidua de\ntu doctrina le ense\u00f1e a cumplir de palabra y de obra, lo que a ti te complace.\nPor nuestro Se\u00f1or.<\/p>\n\n\n\n<h2>Lectura del santo Evangelio seg\u00fan Marcos 9,14-29<\/h2>\n\n\n\n<p>Cuando Jes\u00fas baj\u00f3 del monte y lleg\u00f3 al sitio donde estaban sus disc\u00edpulos, vio que mucha gente los rodeaba y que algunos escribas discut\u00edan con ellos. Cuando la gente vio a Jes\u00fas, se impresion\u00f3 mucho y corri\u00f3 a saludarlo. \u00c9l les pregunt\u00f3: \u00ab\u00bfDe qu\u00e9 est\u00e1n discutiendo?\u00bb De entre la gente, uno le contest\u00f3: \u00abMaestro, te he tra\u00eddo a mi hijo, que tiene un esp\u00edritu que no lo deja hablar; cada vez que se apodera de \u00e9l, lo tira al suelo y el muchacho echa espumarajos, rechina los dientes y se queda tieso. Les he pedido a tus disc\u00edpulos que lo expulsen, pero no han podido\u00bb. Jes\u00fas les contest\u00f3: \u00ab\u00a1Gente incr\u00e9dula! \u00bfHasta cu\u00e1ndo tendr\u00e9 que estar con ustedes? \u00bfHasta cu\u00e1ndo tendr\u00e9 que soportarlos? Tr\u00e1iganme al muchacho\u00bb. Y se lo trajeron. En cuanto el esp\u00edritu vio a Jes\u00fas, se puso a retorcer al muchacho; lo derrib\u00f3 por tierra y lo revolc\u00f3, haci\u00e9ndolo echar espumarajos. Jes\u00fas le pregunt\u00f3 al padre: \u00ab\u00bfCu\u00e1nto tiempo hace que le pasa esto?\u00bb Contest\u00f3 el padre: \u00abDesde peque\u00f1o. Y muchas veces lo ha arrojado al fuego y al agua para acabar con \u00e9l. Por eso, si algo puedes, ten compasi\u00f3n de nosotros y ay\u00fadanos\u00bb. Jes\u00fas le replic\u00f3: \u00ab\u00bfQu\u00e9 quiere decir eso de &#8216;si puedes&#8217;? Todo es posible para el que tiene fe\u00bb. Entonces el padre del muchacho exclam\u00f3 entre l\u00e1grimas: \u00abCreo, Se\u00f1or; pero dame t\u00fa la fe que me falta\u00bb. Jes\u00fas, al ver que la gente acud\u00eda corriendo, reprendi\u00f3 al esp\u00edritu inmundo, dici\u00e9ndole: \u00abEsp\u00edritu mudo y sordo, yo te lo mando: Sal de \u00e9l y no vuelvas a entrar en \u00e9l\u00bb. Entre gritos y convulsiones violentas sali\u00f3 el esp\u00edritu. El muchacho se qued\u00f3 como muerto, de modo que la mayor\u00eda dec\u00eda que estaba muerto. Pero Jes\u00fas lo tom\u00f3 de la mano, lo levant\u00f3 y el muchacho se puso de pie. Al entrar en una casa con sus disc\u00edpulos, \u00e9stos le preguntaron a Jes\u00fas en privado: \u00ab\u00bfPor qu\u00e9 nosotros no pudimos expulsarlo?\u00bb \u00c9l les respondi\u00f3: \u00abEsta clase de demonios no sale sino a fuerza de oraci\u00f3n y de ayuno\u00bb. <\/p>\n\n\n\n<h2>Reflexi\u00f3n<\/h2>\n\n\n\n<p>&#8211; El\nevangelio de hoy informa que los disc\u00edpulos de Jes\u00fas no fueron capaces de\nexpulsar al demonio del cuerpo del ni\u00f1o. El poder del mal fue mayor que su\ncapacidad. Hoy tambi\u00e9n, hay muchos males que son mayores que nuestra capacidad\nde enfrentarlos: violencia, drogas, guerra, dolores, falta de empleo,\nterrorismo, etc. Hacemos un gran esfuerzo, pero parece que en vez de mejorar el\nmundo queda peor a\u00fan. \u00bfDe qu\u00e9 sirve luchar? Con esta pregunta en la cabeza\nvamos a leer y a meditar el evangelio de hoy.<\/p>\n\n\n\n<p>&#8211; Marcos\n9,14-22: La situaci\u00f3n de la gente: desesperaci\u00f3n sin soluci\u00f3n. Al bajar del\nmonte de la Transfiguraci\u00f3n, Jes\u00fas encuentra mucha gente alrededor de los\ndisc\u00edpulos. Un padre estaba desesperado, pues un esp\u00edritu mudo se hab\u00eda\napoderado de su hijo. Con muchos detalles, Marcos describe la situaci\u00f3n del\nmuchacho pose\u00eddo, la angustia del padre, la incapacidad de los disc\u00edpulos y la\nreacci\u00f3n de Jes\u00fas. Lo que m\u00e1s llama la atenci\u00f3n son dos cosas: por un lado, la\nconfusi\u00f3n y la impotencia de la gente y de los disc\u00edpulos ante el fen\u00f3meno de\nla posesi\u00f3n y, por otro, el poder de Jes\u00fas y el poder de la fe en Jes\u00fas ante la\ncual el demonio pierde toda su influencia. El padre hab\u00eda pedido a los\ndisc\u00edpulos que expulsaran el demonio del muchacho, pero ellos no fueron\ncapaces. Jes\u00fas se impacient\u00f3 y dijo: \u00ab\u00a1Oh generaci\u00f3n incr\u00e9dula!<\/p>\n\n\n\n<p>\u00bfHasta cu\u00e1ndo\nestar\u00e9 con vosotros? \u00bfHasta cu\u00e1ndo habr\u00e9 de soportaros?<\/p>\n\n\n\n<p>\u00a1Tra\u00e9dmelo!\u00bb.\nJes\u00fas pregunta respecto de la dolencia del muchacho. Por la respuesta del\npadre, Jes\u00fas se entera de que el muchacho, \u201cdesde peque\u00f1o\u201d, ten\u00eda una\nenfermedad grave que lo pon\u00eda en peligro de vida. El padre pide: \u201cSi algo\npuedes, ay\u00fadanos, compad\u00e9cete de nosotros!\u201d La frase del padre expresa la\nsituaci\u00f3n bien real de la gente: (a) tiene fe, (b) est\u00e1 sin condicione para\nresolver los problemas, pero<\/p>\n\n\n\n<p>(c) tiene\nmucha buena voluntad para acertar.<\/p>\n\n\n\n<p>&#8211; Marcos\n9,23-27: La respuesta de Jes\u00fas: el camino de la fe. El padre hab\u00eda dicho: \u201c\u00a1Si\nalgo puedes,&#8230;.!\u201d A Jes\u00fas no le gust\u00f3 esta afirmaci\u00f3n: \u201cSi el se\u00f1or\npudiera&#8230;\u201d. Esta condici\u00f3n no pod\u00eda ponerse, pues \u201c\u00a1todo es posible a aquel\nque tiene fe\u201d. El padre responde: Yo creo, \u00a1Se\u00f1or, ayuda mi poca fe! La respuesta del padre ocupa\nun lugar central en este episodio. Muestra c\u00f3mo ha de ser la actitud del\ndisc\u00edpulo que, a pesar de sus l\u00edmites y dudas, quiere ser fiel. Viendo que\nven\u00eda mucha gente, Jes\u00fas actu\u00f3 r\u00e1pidamente. Orden\u00f3 al esp\u00edritu que saliera del\nmuchacho y no volviera \u201c\u00a1nunca m\u00e1s!\u201d Se\u00f1al del poder de Jes\u00fas sobre el mal.\nSe\u00f1al tambi\u00e9n de que Jes\u00fas no quer\u00eda propaganda populista.<\/p>\n\n\n\n<p>&#8211; Marcos\n9,28-29. Profundizaci\u00f3n con los disc\u00edpulos. En casa, los disc\u00edpulos quieren\nsaber por qu\u00e9 no fueron capaces de expulsar al demonio. Jes\u00fas responde: Esta\nclase con nada puede ser arrojada sino con la oraci\u00f3n. Fe y oraci\u00f3n andan\njuntas. Una sin la otra no existen. Los disc\u00edpulos hab\u00edan empeorado. Antes\nellos hab\u00edan sido capaces de expulsar demonios (cf. Mc 6,7.13). Ahora, no lo\nconsiguen m\u00e1s. \u00bfQu\u00e9 les falta? \u00bfFe u oraci\u00f3n? \u00bfPor qu\u00e9 faltaba? Son preguntas\nque se salen del texto y entran en nuestra cabeza para que tambi\u00e9n nosotros\nhagamos una revisi\u00f3n de nuestra vida.<\/p>\n\n\n\n<p>&#8211; La\nexpulsi\u00f3n de los demonios en el evangelio de Marcos. En el tiempo de Jes\u00fas,\nmucha gente hablaba de Satan\u00e1s y de expulsi\u00f3n de demonios. Hab\u00eda mucho miedo, y\nhab\u00eda personas que explotaban el miedo de la gente. El poder del mal tiene\nmuchos nombres. Demonio, Diablo, Belceb\u00fa, Pr\u00edncipe de los demonios, Satan\u00e1s,\nDrag\u00f3n, Dominaciones, Poderes, Potestades, Soberan\u00edas, Bestia-fiera, Lucifer,\netc. (cf. Mc 3,22.23; Mt 4,1; Ap 12,9; Rom 8,38; Ef 1,21). Hoy, entre nosotros,\nel poder del mal tiene tambi\u00e9n muchos nombres. Basta consultar el diccionario y\nla palabra Diablo o Demonio. Tambi\u00e9n hoy, mucha gente deshonesta se enriquece,\nexplorando el miedo que otros tienen del demonio. Ahora bien, uno de los\nobjetivos de la Buena Nueva de Jes\u00fas es, precisamente, ayudar a la gente a\nliberarse de este miedo. La llegada del Reino de Dios significa la llegada de\nun poder m\u00e1s fuerte. El hombre fuerte era una imagen para designar el poder del\nmal que manten\u00eda al pueblo dentro de la c\u00e1rcel del miedo (Mc 3,27). El poder\ndel mal oprime a las personas y las aliena de s\u00ed. Hace que vivan en el miedo y\nen la muerte (cf. Mc 5,2). Es un poder tan fuerte que nadie consigue agarrarlo\n(cf. Mc 5,4). El imperio romano, con sus \u201cLegiones\u201d (cf. Mc 5,9), esto es, con\nsus ej\u00e9rcitos, era un instrumento usado para mantener esta situaci\u00f3n de opresi\u00f3n.\nPero Jes\u00fas es un hombre m\u00e1s fuerte que vence, agarra y expulsa \u00a1el poder del\nmal! En la carta a los Romanos, el ap\u00f3stol Pablo hace una enumeraci\u00f3n de todos\nlos posibles poderes o demonios que podr\u00eda amenazarnos, y resume todo de la\nsiguiente manera: \u201cNi la muerte, ni la vida, ni los \u00e1ngeles, ni los\nprincipados, ni el presente, ni el futuro, ni los poderes, ni la altura, ni la\nprofundidad, ni ninguna criatura alguna nos separar\u00e1n del amor de Dios que se\nha manifestado \u00a1en Cristo Jes\u00fas, nuestro Se\u00f1or!\u201d (Rom 8,38-39) \u00a1Nada! Y las primeras\npalabras de Jes\u00fas despu\u00e9s de la resurrecci\u00f3n son \u00e9stas: \u201c\u00a1No tem\u00e1is! \u00a1Alegraos!\n\u00a1No teng\u00e1is miedo! \u00a1La paz sea con vosotros!\u201d (Mc 16,6; Mt 28,9.10; Lc 24,36;\nJn 20,21).<\/p>\n\n\n\n<h2>Para la reflexi\u00f3n personal<\/h2>\n\n\n\n<p>&#8211; \u00bfHas\nvivido ya una experiencia de impotencia ante el mal y la violencia? \u00bfHa sido\nuna experiencia s\u00f3lo tuya o tambi\u00e9n de la comunidad? \u00bfC\u00f3mo la venciste y te\nreencontraste a ti misma?<br>\n&#8211; \u00bfCu\u00e1l es la clase de poder del mal que, hoy, puede ser arrojada s\u00f3lo con\nmucha oraci\u00f3n?<\/p>\n\n\n\n<h2>Oraci\u00f3n final<\/h2>\n\n\n\n<p>La ley de Yahv\u00e9 es perfecta, hace revivir;<br>\nel dictamen de Yahv\u00e9 es veraz, instruye al ingenuo. (Sal 19,8)<\/p>\n\n\n\n<p>Todos los derechos: www.ocarm.org<\/p>\n","protected":false},"excerpt":{"rendered":"<p>Tiempo ordinario Oraci\u00f3n inicial Dios todopoderoso y eterno: concede a tu pueblo que la meditaci\u00f3n asidua de tu doctrina le ense\u00f1e a cumplir de palabra y de obra, lo que a ti te complace. Por nuestro Se\u00f1or. Lectura del santo &hellip; <a href=\"https:\/\/www.ocdmx.org\/?p=4896\">Sigue leyendo <span class=\"meta-nav\">&rarr;<\/span><\/a><\/p>\n","protected":false},"author":1,"featured_media":0,"comment_status":"closed","ping_status":"closed","sticky":false,"template":"","format":"standard","meta":{"_jetpack_newsletter_access":""},"categories":[17],"tags":[],"jetpack_featured_media_url":"","jetpack_shortlink":"https:\/\/wp.me\/p2dsrC-1gY","jetpack_sharing_enabled":true,"_links":{"self":[{"href":"https:\/\/www.ocdmx.org\/index.php?rest_route=\/wp\/v2\/posts\/4896"}],"collection":[{"href":"https:\/\/www.ocdmx.org\/index.php?rest_route=\/wp\/v2\/posts"}],"about":[{"href":"https:\/\/www.ocdmx.org\/index.php?rest_route=\/wp\/v2\/types\/post"}],"author":[{"embeddable":true,"href":"https:\/\/www.ocdmx.org\/index.php?rest_route=\/wp\/v2\/users\/1"}],"replies":[{"embeddable":true,"href":"https:\/\/www.ocdmx.org\/index.php?rest_route=%2Fwp%2Fv2%2Fcomments&post=4896"}],"version-history":[{"count":1,"href":"https:\/\/www.ocdmx.org\/index.php?rest_route=\/wp\/v2\/posts\/4896\/revisions"}],"predecessor-version":[{"id":4897,"href":"https:\/\/www.ocdmx.org\/index.php?rest_route=\/wp\/v2\/posts\/4896\/revisions\/4897"}],"wp:attachment":[{"href":"https:\/\/www.ocdmx.org\/index.php?rest_route=%2Fwp%2Fv2%2Fmedia&parent=4896"}],"wp:term":[{"taxonomy":"category","embeddable":true,"href":"https:\/\/www.ocdmx.org\/index.php?rest_route=%2Fwp%2Fv2%2Fcategories&post=4896"},{"taxonomy":"post_tag","embeddable":true,"href":"https:\/\/www.ocdmx.org\/index.php?rest_route=%2Fwp%2Fv2%2Ftags&post=4896"}],"curies":[{"name":"wp","href":"https:\/\/api.w.org\/{rel}","templated":true}]}}