{"id":4908,"date":"2022-02-26T00:27:28","date_gmt":"2022-02-26T06:27:28","guid":{"rendered":"https:\/\/www.ocdmx.org\/?p=4908"},"modified":"2022-02-08T10:29:00","modified_gmt":"2022-02-08T16:29:00","slug":"lectio-sab-26-de-feb-2022","status":"publish","type":"post","link":"https:\/\/www.ocdmx.org\/?p=4908","title":{"rendered":"Lectio sab, 26 de feb, 2022"},"content":{"rendered":"\n<p><em>Tiempo\nordinario<\/em><\/p>\n\n\n\n<h2>Oraci\u00f3n inicial<\/h2>\n\n\n\n<p>Dios todopoderoso y eterno: concede a tu pueblo que la meditaci\u00f3n asidua de\ntu doctrina le ense\u00f1e a cumplir de palabra y de obra, lo que a ti te complace.\nPor nuestro Se\u00f1or.<\/p>\n\n\n\n<h2>Lectura del santo Evangelio seg\u00fan Marcos 10,13-16<\/h2>\n\n\n\n<p>La gente le llev\u00f3 a Jes\u00fas\nunos ni\u00f1os para que los tocara, pero los disc\u00edpulos trataban de impedirlo. Al\nver aquello, Jes\u00fas se disgust\u00f3 y les dijo: \u00abDejen que los ni\u00f1os se\nacerquen a m\u00ed y no se lo impidan, porque el Reino de Dios es de los que son\ncomo ellos. Les aseguro que el que no reciba el Reino de Dios como un ni\u00f1o, no\nentrar\u00e1 en \u00e9l\u00bb. Despu\u00e9s tom\u00f3 en brazos a los ni\u00f1os y los bendijo\nimponi\u00e9ndoles las manos.&nbsp;<\/p>\n\n\n\n<h2>Reflexi\u00f3n<\/h2>\n\n\n\n<p>&#8211; El\nevangelio de anteayer tra\u00eda consejos sobre la relaci\u00f3n de los adultos con los\npeque\u00f1os y excluidos (Mc 9,41-50). El evangelio de ayer tra\u00eda consejos sobre la\nrelaci\u00f3n entre hombre y mujer, marido y esposa (Mc 10,1-12). El evangelio de\nhoy trae consejos sobre la relaci\u00f3n entre madres e hijos. Para los peque\u00f1os y\nexcluidos Jes\u00fas ped\u00eda la m\u00e1xima acogida. En la relaci\u00f3n entre hombre-mujer,\npide la m\u00e1xima igualdad. Ahora con los ni\u00f1os, pide la m\u00e1xima ternura.<\/p>\n\n\n\n<p>&#8211; Marcos\n10,13-16: <em>Recibir el Reino como un ni\u00f1o. <\/em>Llevaron a Jes\u00fas unos ni\u00f1os\npara que Jes\u00fas los tocara. Los disc\u00edpulos trataban de impedirlo. \u00bfPor qu\u00e9 lo\nimpiden? El texto no lo dice. Tal vez porque, seg\u00fan las normas rituales de la\n\u00e9poca, los ni\u00f1os peque\u00f1os con sus madres, viv\u00edan casi constantemente en la\nimpureza legal. \u00a1Tocarlos significaba contraer impureza! Y as\u00ed, si los ni\u00f1os\ntocaban a Jes\u00fas, \u00a1\u00e9l tambi\u00e9n quedar\u00eda impuro! Pero Jes\u00fas no se incomoda con\nestas normas rituales de pureza legal. Corrige a los disc\u00edpulos y acoge a las\nmadres con los ni\u00f1os. Toca a los cr\u00edos y les da un abrazo diciendo: <em>\u00abDejad\nque los ni\u00f1os vengan a m\u00ed, no se lo impid\u00e1is, porque de los que son como \u00e9stos\nes el Reino de los Cielos\u201d<\/em>. Y cuando Jes\u00fas abraza a los ni\u00f1os y los\nbendice, pone sobre ellos la mano. \u00bfQu\u00e9 significa esta frase? a) los ni\u00f1os\nreciben todo de sus padres. No consiguen merecer lo que reciben, pero viven de\namor gratuito. b) Los padres reciben a los ni\u00f1os como un don de Dios y curan de\nellos con todo cari\u00f1o. La preocupaci\u00f3n de los padres no es dominar a los cr\u00edos,\nsino amarlos y educarlos, \u00a1para que crezcan y se realicen como personas!<\/p>\n\n\n\n<p><em>&#8211; Un signo\ndel Reino: Acoger a los peque\u00f1os y a los excluidos. <\/em>Hay muchos\nsignos de la presencia actuante del Reino en la vida y en la actividad de\nJes\u00fas. Uno de ellos es su manera de acoger a los ni\u00f1os y a los peque\u00f1os. Adem\u00e1s\ndel episodio del evangelio de hoy, he aqu\u00ed una lista de algunos otros momentos\nde acogida a los peque\u00f1os y a los ni\u00f1os:<\/p>\n\n\n\n<p>a) <em>Acoger y no\nescandalizar. <\/em>Una de las palabras m\u00e1s duras de Jes\u00fas es contra aquellos que\ncausan <em>esc\u00e1ndalo <\/em>en los peque\u00f1os, esto es, que son motivo para el cual\nlos peque\u00f1os dejan de creer en Dios. Para ellos, mejor ser\u00eda tener una piedra\nde molino al cuello y ser arrojado al mar (Mc 9,42; Lc 17,2; Mt 18,6).<\/p>\n\n\n\n<p>b) Identificarse con los\npeque\u00f1os. Jes\u00fas abraza a los ni\u00f1os y se identifica con ellos. Quien recibe a un\nni\u00f1o, a \u00abm\u00ed me recibe\u00bb (Mc 9,37). \u201cY todo lo que hac\u00e9is a uno de\nestos ni\u00f1os, a m\u00ed me lo hac\u00e9is\u201d (Mt 25,40).<\/p>\n\n\n\n<p>c)<em> Hacerse como ni\u00f1os<\/em>.\nJes\u00fas pide que los disc\u00edpulos se vuelvan como ni\u00f1os y acepten el Reino como\nni\u00f1os. Sin esto, no es posible entrar en el Reino (Mc 10,15; Mt 18,3; Lc\n9,46-48). El pone a los ni\u00f1os como profesores de adulto. Lo cual no es normal.\nAcostumbramos hacer lo contrario.<\/p>\n\n\n\n<p>d) <em>Defender el\nderecho que los ni\u00f1os tienen de gritar. <\/em>Al entrar en el Templo, Jes\u00fas\nderriba las mesas de los vendedores, y son los ni\u00f1os los que m\u00e1s gritan:\n\u201c\u00a1Hosanna al hijo de David!\u201d (Mt 21,15). Criticado por los jefes de los\nsacerdotes y de los escribas, Jes\u00fas se defiende y, en su defensa, hasta invoca\nlas Escrituras (Mt 21,16).<\/p>\n\n\n\n<p>e) <em>Agradecer por el\nReino presente en los peque\u00f1os. <\/em>La alegr\u00eda de Jes\u00fas es grande, cuando\npercibe que los ni\u00f1os, los peque\u00f1os, entienden las cosas del Reino que \u00e9l\nanunciaba a la gente. <em>\u201cPadre, yo te doy gracias.\u201d <\/em>(Mt 11,25-26) \u00a1Jes\u00fas\nreconoce que los peque\u00f1os entienden mejor que los doctores las cosas del Reino!<\/p>\n\n\n\n<p>f) <em>Acoger y curar. <\/em>Son\nmuchos los ni\u00f1os y los j\u00f3venes que \u00e9l acoge, cura y resucita: la hija de Jairo\nde 12 a\u00f1os (Mc 5,41-42), la hija de la mujer cananea (Mc 7,29-30), el hijo de\nla viuda de Na\u00edm (Lc 7, 14-15), el ni\u00f1o epil\u00e9ptico (Mc 9,25-26), el hijo del\nCenturi\u00f3n (Lc 7,9-10), el hijo del funcionario p\u00fablico (Jn 4,50), el ni\u00f1o de\nlos cinco panes y dos peces (Jn 6,9).<\/p>\n\n\n\n<h2>Para la reflexi\u00f3n personal<\/h2>\n\n\n\n<p>&#8211; En nuestra sociedad y en nuestra comunidad \u00bfqui\u00e9nes son los peque\u00f1os y\nlos excluidos? \u00bfC\u00f3mo est\u00e1 siendo la acogida que les damos?<br>\n&#8211; En mi vida, \u00bfqu\u00e9 aprend\u00ed de los ni\u00f1os sobre el Reino de Dios?<\/p>\n\n\n\n<h2>Oraci\u00f3n final<\/h2>\n\n\n\n<p>Te invoco, Yahv\u00e9, ven presto, escucha mi voz cuando te llamo.<br>Que mi oraci\u00f3n sea como incienso para ti,<br>mis manos alzadas, como ofrenda de la tarde. (Sal 141,1-2)<\/p>\n\n\n\n<p>Todos los derechos: www.ocarm.org<\/p>\n","protected":false},"excerpt":{"rendered":"<p>Tiempo ordinario Oraci\u00f3n inicial Dios todopoderoso y eterno: concede a tu pueblo que la meditaci\u00f3n asidua de tu doctrina le ense\u00f1e a cumplir de palabra y de obra, lo que a ti te complace. Por nuestro Se\u00f1or. Lectura del santo &hellip; <a href=\"https:\/\/www.ocdmx.org\/?p=4908\">Sigue leyendo <span class=\"meta-nav\">&rarr;<\/span><\/a><\/p>\n","protected":false},"author":1,"featured_media":0,"comment_status":"closed","ping_status":"closed","sticky":false,"template":"","format":"standard","meta":{"_jetpack_newsletter_access":""},"categories":[17],"tags":[],"jetpack_featured_media_url":"","jetpack_shortlink":"https:\/\/wp.me\/p2dsrC-1ha","jetpack_sharing_enabled":true,"_links":{"self":[{"href":"https:\/\/www.ocdmx.org\/index.php?rest_route=\/wp\/v2\/posts\/4908"}],"collection":[{"href":"https:\/\/www.ocdmx.org\/index.php?rest_route=\/wp\/v2\/posts"}],"about":[{"href":"https:\/\/www.ocdmx.org\/index.php?rest_route=\/wp\/v2\/types\/post"}],"author":[{"embeddable":true,"href":"https:\/\/www.ocdmx.org\/index.php?rest_route=\/wp\/v2\/users\/1"}],"replies":[{"embeddable":true,"href":"https:\/\/www.ocdmx.org\/index.php?rest_route=%2Fwp%2Fv2%2Fcomments&post=4908"}],"version-history":[{"count":1,"href":"https:\/\/www.ocdmx.org\/index.php?rest_route=\/wp\/v2\/posts\/4908\/revisions"}],"predecessor-version":[{"id":4909,"href":"https:\/\/www.ocdmx.org\/index.php?rest_route=\/wp\/v2\/posts\/4908\/revisions\/4909"}],"wp:attachment":[{"href":"https:\/\/www.ocdmx.org\/index.php?rest_route=%2Fwp%2Fv2%2Fmedia&parent=4908"}],"wp:term":[{"taxonomy":"category","embeddable":true,"href":"https:\/\/www.ocdmx.org\/index.php?rest_route=%2Fwp%2Fv2%2Fcategories&post=4908"},{"taxonomy":"post_tag","embeddable":true,"href":"https:\/\/www.ocdmx.org\/index.php?rest_route=%2Fwp%2Fv2%2Ftags&post=4908"}],"curies":[{"name":"wp","href":"https:\/\/api.w.org\/{rel}","templated":true}]}}